{"id":4629,"date":"2021-05-31T15:23:34","date_gmt":"2021-05-31T13:23:34","guid":{"rendered":"https:\/\/www.czechcyclingfederation.com\/?p=4629"},"modified":"2021-06-06T21:57:39","modified_gmt":"2021-06-06T19:57:39","slug":"novy-bike-park-v-tabore","status":"publish","type":"post","link":"https:\/\/www.czechcyclingfederation.com\/en\/novy-bike-park-v-tabore\/","title":{"rendered":"Nov\u00fd bike park v T\u00e1bo\u0159e"},"content":{"rendered":"\n<p>V \u010cekanic\u00edch u T\u00e1bora vznikl v posledn\u00edm p\u016flroce nov\u00fd sportovn\u00ed cyklistick\u00fd are\u00e1l Bike park Cihelna. Inici\u00e1torem vzniku byl cyklistick\u00fd nad\u0161enec Tom\u00e1\u0161 K\u0159\u00ed\u017eek. Bike park je ve\u0159ejn\u011b p\u0159\u00edstupn\u00fd. Spokojen\u00fd je z nov\u011b upraven\u00e9ho sportovi\u0161t\u011b p\u0159edseda cyklokrosov\u00e9 komise \u010cSC Petr Balogh.<\/p>\n\n\n\n<p>&#8220;Je neuv\u011b\u0159iteln\u00e9, \u017ee v t\u00e9to n\u00e1ro\u010dn\u00e9 kovidov\u00e9 dob\u011b vznikl tak \u00fa\u017easn\u00fd projekt. Rozhodn\u011b to pom\u016f\u017ee cyklistice v t\u00e1borsk\u00e9m regionu a zapad\u00e1 do na\u0161ich krok\u016f v popularizaci cyklistiky vzhledem k mistrovstv\u00ed sv\u011bta v cyklokrosu v roce 2024&#8221;, zd\u016fraznil Balogh.<\/p>\n\n\n\n<p>Are\u00e1l poslou\u017e\u00ed i jin\u00e9mu odv\u011btv\u00ed cyklistiky, je to n\u011bco jin\u00e9ho jak asfaltov\u00fd okruh v are\u00e1lu Komora. Park je ur\u010den v\u0161em generac\u00edm. D\u011bti mohou tr\u00e9novat v are\u00e1lu technick\u00e9 pas\u00e1\u017ee, starty i vytrvalost. &#8220;Vybudov\u00e1n\u00ed are\u00e1lu p\u0159inese plno radosti d\u011btem, rodi\u010d\u016fm i z\u00e1vodn\u00edk\u016fm&#8221;, dodal Balogh.<\/p>\n\n\n\n<figure class=\"wp-block-image size-large\"><img loading=\"lazy\" decoding=\"async\" width=\"768\" height=\"1024\" src=\"https:\/\/www.czechcyclingfederation.com\/wp-content\/uploads\/2021\/05\/9F71370D-5003-4163-A5AD-A5C0F343E4D6-1-768x1024.jpeg\" alt=\"\" class=\"wp-image-4632\" srcset=\"https:\/\/www.czechcyclingfederation.com\/wp-content\/uploads\/2021\/05\/9F71370D-5003-4163-A5AD-A5C0F343E4D6-1-768x1024.jpeg 768w, https:\/\/www.czechcyclingfederation.com\/wp-content\/uploads\/2021\/05\/9F71370D-5003-4163-A5AD-A5C0F343E4D6-1-150x200.jpeg 150w, https:\/\/www.czechcyclingfederation.com\/wp-content\/uploads\/2021\/05\/9F71370D-5003-4163-A5AD-A5C0F343E4D6-1-1152x1536.jpeg 1152w, https:\/\/www.czechcyclingfederation.com\/wp-content\/uploads\/2021\/05\/9F71370D-5003-4163-A5AD-A5C0F343E4D6-1-1320x1760.jpeg 1320w, https:\/\/www.czechcyclingfederation.com\/wp-content\/uploads\/2021\/05\/9F71370D-5003-4163-A5AD-A5C0F343E4D6-1.jpeg 1512w\" sizes=\"auto, (max-width: 768px) 100vw, 768px\" \/><\/figure>\n","protected":false},"excerpt":{"rendered":"<p>V \u010cekanic\u00edch u T\u00e1bora vznikl v posledn\u00edm p\u016flroce nov\u00fd sportovn\u00ed cyklistick\u00fd are\u00e1l Bike park Cihelna. Inici\u00e1torem vzniku byl cyklistick\u00fd nad\u0161enec Tom\u00e1\u0161 K\u0159\u00ed\u017eek. Bike park je ve\u0159ejn\u011b p\u0159\u00edstupn\u00fd. Spokojen\u00fd je z nov\u011b upraven\u00e9ho sportovi\u0161t\u011b p\u0159edseda cyklokrosov\u00e9 komise \u010cSC Petr Balogh. &#8220;Je neuv\u011b\u0159iteln\u00e9, \u017ee v t\u00e9to n\u00e1ro\u010dn\u00e9 kovidov\u00e9 dob\u011b vznikl tak \u00fa\u017easn\u00fd projekt. Rozhodn\u011b to pom\u016f\u017ee cyklistice [&hellip;]<\/p>\n","protected":false},"author":8,"featured_media":4630,"comment_status":"closed","ping_status":"open","sticky":false,"template":"","format":"standard","meta":{"footnotes":""},"categories":[2,65],"tags":[],"class_list":["post-4629","post","type-post","status-publish","format-standard","has-post-thumbnail","hentry","category-novinky","category-subdisciplina"],"_links":{"self":[{"href":"https:\/\/www.czechcyclingfederation.com\/en\/wp-json\/wp\/v2\/posts\/4629","targetHints":{"allow":["GET"]}}],"collection":[{"href":"https:\/\/www.czechcyclingfederation.com\/en\/wp-json\/wp\/v2\/posts"}],"about":[{"href":"https:\/\/www.czechcyclingfederation.com\/en\/wp-json\/wp\/v2\/types\/post"}],"author":[{"embeddable":true,"href":"https:\/\/www.czechcyclingfederation.com\/en\/wp-json\/wp\/v2\/users\/8"}],"replies":[{"embeddable":true,"href":"https:\/\/www.czechcyclingfederation.com\/en\/wp-json\/wp\/v2\/comments?post=4629"}],"version-history":[{"count":3,"href":"https:\/\/www.czechcyclingfederation.com\/en\/wp-json\/wp\/v2\/posts\/4629\/revisions"}],"predecessor-version":[{"id":4635,"href":"https:\/\/www.czechcyclingfederation.com\/en\/wp-json\/wp\/v2\/posts\/4629\/revisions\/4635"}],"wp:featuredmedia":[{"embeddable":true,"href":"https:\/\/www.czechcyclingfederation.com\/en\/wp-json\/wp\/v2\/media\/4630"}],"wp:attachment":[{"href":"https:\/\/www.czechcyclingfederation.com\/en\/wp-json\/wp\/v2\/media?parent=4629"}],"wp:term":[{"taxonomy":"category","embeddable":true,"href":"https:\/\/www.czechcyclingfederation.com\/en\/wp-json\/wp\/v2\/categories?post=4629"},{"taxonomy":"post_tag","embeddable":true,"href":"https:\/\/www.czechcyclingfederation.com\/en\/wp-json\/wp\/v2\/tags?post=4629"}],"curies":[{"name":"wp","href":"https:\/\/api.w.org\/{rel}","templated":true}]}}