{"id":4626,"date":"2021-05-31T14:26:21","date_gmt":"2021-05-31T12:26:21","guid":{"rendered":"https:\/\/www.czechcyclingfederation.com\/?p=4626"},"modified":"2021-06-11T07:50:11","modified_gmt":"2021-06-11T05:50:11","slug":"skoleni-treneru-iii-tridy-a-specializace-ii-tridy-rychlostni-cyklistiky","status":"publish","type":"post","link":"https:\/\/www.czechcyclingfederation.com\/en\/skoleni-treneru-iii-tridy-a-specializace-ii-tridy-rychlostni-cyklistiky\/","title":{"rendered":"\u0160kolen\u00ed tren\u00e9r\u016f III. t\u0159\u00eddy a specializace II. t\u0159\u00eddy rychlostn\u00ed cyklistiky"},"content":{"rendered":"\n<p>\u010cesk\u00fd svaz cyklistiky po\u0159\u00e1d\u00e1 dal\u0161\u00ed \u0161kolen\u00ed tren\u00e9r\u016f III. t\u0159\u00eddy a specializace II. t\u0159\u00eddy rychlostn\u00ed cyklistiky. \u0160kolen\u00ed se uskute\u010dn\u00ed od \u010dtvrtka 7. \u0159\u00edjna od 13:00 do soboty 9. \u0159\u00edjna do 14:00. M\u00edsto kon\u00e1n\u00ed je na adrese M\u00e1chova 163, 411 55 Terez\u00edn, Parkhotel, organiz\u00e1torem je&nbsp; Svatopluk Henke.<\/p>\n\n\n\n<p>P\u0159ihl\u00e1\u0161ky: emailem do 15. \u010dervna 2021 na: henke@ceskysvazcyklistiky.cz<\/p>\n\n\n\n<p>\u0160koln\u00e9: 1600,- K\u010d<\/p>\n\n\n\n<p>Ubytov\u00e1n\u00ed: 900,- K\u010d, \u00e1 noc s plnou penz\u00ed<\/p>\n\n\n<div class=\"wp-block-file\">\r\n                <a target=\"_blank\" rel=\"noopener\" href=\"https:\/\/www.czechcyclingfederation.com\/wp-content\/uploads\/2021\/05\/Rozvrh.xlsx\" class=\"wp-block-file__button wp-element-button\">\r\n                    <span class=\"wp-block-file__icon\"><\/span>\r\n                    Rozvrh\r\n                <\/a>\r\n            <\/div>","protected":false},"excerpt":{"rendered":"<p>\u010cesk\u00fd svaz cyklistiky po\u0159\u00e1d\u00e1 dal\u0161\u00ed \u0161kolen\u00ed tren\u00e9r\u016f III. t\u0159\u00eddy a specializace II. t\u0159\u00eddy rychlostn\u00ed cyklistiky. \u0160kolen\u00ed se uskute\u010dn\u00ed od \u010dtvrtka 7. \u0159\u00edjna od 13:00 do soboty 9. \u0159\u00edjna do 14:00. M\u00edsto kon\u00e1n\u00ed je na adrese M\u00e1chova 163, 411 55 Terez\u00edn, Parkhotel, organiz\u00e1torem je&nbsp; Svatopluk Henke. P\u0159ihl\u00e1\u0161ky: emailem do 15. \u010dervna 2021 na: henke@ceskysvazcyklistiky.cz \u0160koln\u00e9: 1600,- [&hellip;]<\/p>\n","protected":false},"author":8,"featured_media":4834,"comment_status":"closed","ping_status":"open","sticky":false,"template":"","format":"standard","meta":{"footnotes":""},"categories":[2,24,65],"tags":[119],"class_list":["post-4626","post","type-post","status-publish","format-standard","has-post-thumbnail","hentry","category-novinky","category-skoleni-treneru","category-subdisciplina","tag-csc"],"_links":{"self":[{"href":"https:\/\/www.czechcyclingfederation.com\/en\/wp-json\/wp\/v2\/posts\/4626","targetHints":{"allow":["GET"]}}],"collection":[{"href":"https:\/\/www.czechcyclingfederation.com\/en\/wp-json\/wp\/v2\/posts"}],"about":[{"href":"https:\/\/www.czechcyclingfederation.com\/en\/wp-json\/wp\/v2\/types\/post"}],"author":[{"embeddable":true,"href":"https:\/\/www.czechcyclingfederation.com\/en\/wp-json\/wp\/v2\/users\/8"}],"replies":[{"embeddable":true,"href":"https:\/\/www.czechcyclingfederation.com\/en\/wp-json\/wp\/v2\/comments?post=4626"}],"version-history":[{"count":2,"href":"https:\/\/www.czechcyclingfederation.com\/en\/wp-json\/wp\/v2\/posts\/4626\/revisions"}],"predecessor-version":[{"id":4833,"href":"https:\/\/www.czechcyclingfederation.com\/en\/wp-json\/wp\/v2\/posts\/4626\/revisions\/4833"}],"wp:featuredmedia":[{"embeddable":true,"href":"https:\/\/www.czechcyclingfederation.com\/en\/wp-json\/wp\/v2\/media\/4834"}],"wp:attachment":[{"href":"https:\/\/www.czechcyclingfederation.com\/en\/wp-json\/wp\/v2\/media?parent=4626"}],"wp:term":[{"taxonomy":"category","embeddable":true,"href":"https:\/\/www.czechcyclingfederation.com\/en\/wp-json\/wp\/v2\/categories?post=4626"},{"taxonomy":"post_tag","embeddable":true,"href":"https:\/\/www.czechcyclingfederation.com\/en\/wp-json\/wp\/v2\/tags?post=4626"}],"curies":[{"name":"wp","href":"https:\/\/api.w.org\/{rel}","templated":true}]}}