{"id":4614,"date":"2021-05-31T12:55:14","date_gmt":"2021-05-31T10:55:14","guid":{"rendered":"https:\/\/www.czechcyclingfederation.com\/?p=4614"},"modified":"2021-05-31T12:55:14","modified_gmt":"2021-05-31T10:55:14","slug":"mladi-cesi-patri-k-favoritum-zavodu-miru-u23","status":"publish","type":"post","link":"https:\/\/www.czechcyclingfederation.com\/en\/mladi-cesi-patri-k-favoritum-zavodu-miru-u23\/","title":{"rendered":"Mlad\u00ed \u010ce\u0161i pat\u0159\u00ed k favorit\u016fm Z\u00e1vodu m\u00edru U23"},"content":{"rendered":"\n<p>Netrp\u011bliv\u011b o\u010dek\u00e1van\u00fd Z\u00e1vod m\u00edru Grand Prix Jesen\u00edky se bl\u00ed\u017e\u00ed. Uskute\u010dn\u00ed se od 3. do 6. \u010dervna a hostitelsk\u00fdm m\u011bstem je Jesen\u00edk, hlavn\u00ed m\u011bsto zdej\u0161\u00edho regionu. Regionu, kter\u00fd vynik\u00e1 okouzluj\u00edc\u00edm p\u0159\u00edrodn\u00edm prost\u0159ed\u00ed a mno\u017estv\u00edm turistick\u00fdch atrakc\u00ed. K favorit\u016fm z\u00e1vodu by mohla pat\u0159it i mlad\u00e1 \u010desk\u00e1 reprezentace.<\/p>\n\n\n\n<p>Ta se p\u0159edstavila ve vynikaj\u00edc\u00edm sv\u011btle o uplynul\u00e9m v\u00edkendu na polsk\u00e9m N\u00b4Cupu GP Orlen, kde na\u0161e \u0161estice potvrdila svoji skv\u011blou v\u00fdkonnost, kdy\u017e v sobotn\u00ed prvn\u00ed etap\u011b obsadil Pavel Bittner t\u0159et\u00ed m\u00edsto, Jakub \u0164oupal\u00edk dev\u00e1t\u00e9 a Petr Kelemen jeden\u00e1ct\u00e9. V ned\u011bli, v unikl\u00e9 jeden\u00e1cti\u010dlenn\u00e9 skupin\u011b, jsme vedle sv\u011btov\u00fdch velmoc\u00ed m\u011bli dva z\u00e1stupce, Jakuba \u0164oupal\u00edka a Pavla Bittnera, kte\u0159\u00ed dojeli na skv\u011bl\u00e9m \u0161est\u00e9m, respektive sedm\u00e9m m\u00edst\u011b a v&nbsp;celkov\u00e9 klasifikaci vybojoval Bittner t\u0159et\u00ed m\u00edsto a Jakub \u0164oupal\u00edk skon\u010dil \u0161est\u00fd.<\/p>\n\n\n\n<p>Tuto dvojici dopln\u00ed na Z\u00e1vod m\u00edru mimo jin\u00e9 bronzov\u00fd \u201et\u0159iadvac\u00edtk\u00e1\u0159\u201c z mistrovstv\u00ed Evropy Vojt\u011bch \u0158epa a zlat\u00fd junior z mistrovstv\u00ed Evropy Mathias Vacek a d\u00e1le Petr Kelemen a Jakub Bou\u010dek. Zd\u00e1 se, \u017ee nastupuje nov\u00e1 v\u00fdborn\u00e1 cyklistick\u00e1 generace mlad\u00fdch z\u00e1vodn\u00edk\u016f, kte\u0159\u00ed cht\u011bj\u00ed doma, v Jesen\u00edk\u00e1ch, bojovat o mety nejvy\u0161\u0161\u00ed.<\/p>\n\n\n\n<p>Z\u00e1vod m\u00edru U23 Grand Prix Jesen\u00edky, kter\u00fd je sou\u010d\u00e1st\u00ed Poh\u00e1ru n\u00e1rod\u016f UCI do 23 let a je druh\u00fdm ze \u010dty\u0159 z\u00e1vod\u016f, kter\u00e9 se budou konat od konce kv\u011btna do konce srpna tohoto roku, p\u0159edstavil v minul\u00fdch letech nejlep\u0161\u00ed slibn\u00e9 talenty cyklistiky do 23 let, jak\u00fdmi jsou Tadej Poga\u010dar, Julian Alaphilippe, Marc Hirschi, David Gaudu a dal\u0161\u00ed skv\u011bl\u00ed cyklist\u00e9.<\/p>\n\n\n\n<p>&#8220;Opravdu pro n\u00e1s hodn\u011b znamen\u00e1, \u017ee \u010cesk\u00e1 republika host\u00ed tak d\u016fle\u017eitou cyklistickou ud\u00e1lost pro kategorii do 23 let. T\u00edmto z\u00e1vodem a tak\u00e9 organizov\u00e1n\u00edm Sazka Tour v\u00fdznamn\u011b p\u0159isp\u00edv\u00e1me k rozvoji ml\u00e1de\u017enick\u00fdch kategori\u00ed, kter\u00e9 jsou pak z\u00e1sadn\u00ed p\u0159i v\u00fdchov\u011b nov\u00fdch \u0161ampion\u016f pro profesion\u00e1ln\u00ed peloton,\u201c zd\u016fraz\u0148uje \u0159editel obou z\u00e1vod\u016f Leopold K\u00f6nig.<\/p>\n\n\n\n<p>Vedle \u010desk\u00e9 reprezentace se na Z\u00e1vod m\u00edru Grand Prix Jesen\u00edky p\u0159edstav\u00ed n\u00e1rodn\u00ed v\u00fdb\u011bry z Rakouska, Belgie, D\u00e1nska, Estonska, Francie, N\u011bmecka, It\u00e1lie, Kazachst\u00e1nu, Luxcemburska, Nizozem\u00ed, Norska, Polska, Portugalska, Ruska, Slovenska, Slovinska, \u0160pan\u011blska a \u0160v\u00fdcarska.<\/p>\n\n\n\n<p>FOTO Jan Brychta<\/p>\n\n\n\n<figure class=\"wp-block-image size-large\"><img loading=\"lazy\" decoding=\"async\" width=\"1024\" height=\"682\" src=\"https:\/\/www.czechcyclingfederation.com\/wp-content\/uploads\/2021\/05\/Zavod-miru-101847626_2674296589520741_7420571226734592000_o-1024x682.jpg\" alt=\"\" class=\"wp-image-4616\" srcset=\"https:\/\/www.czechcyclingfederation.com\/wp-content\/uploads\/2021\/05\/Zavod-miru-101847626_2674296589520741_7420571226734592000_o-1024x682.jpg 1024w, https:\/\/www.czechcyclingfederation.com\/wp-content\/uploads\/2021\/05\/Zavod-miru-101847626_2674296589520741_7420571226734592000_o-300x200.jpg 300w, https:\/\/www.czechcyclingfederation.com\/wp-content\/uploads\/2021\/05\/Zavod-miru-101847626_2674296589520741_7420571226734592000_o-768x511.jpg 768w, https:\/\/www.czechcyclingfederation.com\/wp-content\/uploads\/2021\/05\/Zavod-miru-101847626_2674296589520741_7420571226734592000_o-1536x1022.jpg 1536w, https:\/\/www.czechcyclingfederation.com\/wp-content\/uploads\/2021\/05\/Zavod-miru-101847626_2674296589520741_7420571226734592000_o-1320x879.jpg 1320w, https:\/\/www.czechcyclingfederation.com\/wp-content\/uploads\/2021\/05\/Zavod-miru-101847626_2674296589520741_7420571226734592000_o.jpg 1600w\" sizes=\"auto, (max-width: 1024px) 100vw, 1024px\" \/><\/figure>\n","protected":false},"excerpt":{"rendered":"<p>Netrp\u011bliv\u011b o\u010dek\u00e1van\u00fd Z\u00e1vod m\u00edru Grand Prix Jesen\u00edky se bl\u00ed\u017e\u00ed. Uskute\u010dn\u00ed se od 3. do 6. \u010dervna a hostitelsk\u00fdm m\u011bstem je Jesen\u00edk, hlavn\u00ed m\u011bsto zdej\u0161\u00edho regionu. Regionu, kter\u00fd vynik\u00e1 okouzluj\u00edc\u00edm p\u0159\u00edrodn\u00edm prost\u0159ed\u00ed a mno\u017estv\u00edm turistick\u00fdch atrakc\u00ed. K favorit\u016fm z\u00e1vodu by mohla pat\u0159it i mlad\u00e1 \u010desk\u00e1 reprezentace. Ta se p\u0159edstavila ve vynikaj\u00edc\u00edm sv\u011btle o uplynul\u00e9m v\u00edkendu na [&hellip;]<\/p>\n","protected":false},"author":8,"featured_media":4615,"comment_status":"closed","ping_status":"open","sticky":false,"template":"","format":"standard","meta":{"footnotes":""},"categories":[2,18],"tags":[11],"class_list":["post-4614","post","type-post","status-publish","format-standard","has-post-thumbnail","hentry","category-novinky","category-silnice","tag-silnice"],"_links":{"self":[{"href":"https:\/\/www.czechcyclingfederation.com\/en\/wp-json\/wp\/v2\/posts\/4614","targetHints":{"allow":["GET"]}}],"collection":[{"href":"https:\/\/www.czechcyclingfederation.com\/en\/wp-json\/wp\/v2\/posts"}],"about":[{"href":"https:\/\/www.czechcyclingfederation.com\/en\/wp-json\/wp\/v2\/types\/post"}],"author":[{"embeddable":true,"href":"https:\/\/www.czechcyclingfederation.com\/en\/wp-json\/wp\/v2\/users\/8"}],"replies":[{"embeddable":true,"href":"https:\/\/www.czechcyclingfederation.com\/en\/wp-json\/wp\/v2\/comments?post=4614"}],"version-history":[{"count":1,"href":"https:\/\/www.czechcyclingfederation.com\/en\/wp-json\/wp\/v2\/posts\/4614\/revisions"}],"predecessor-version":[{"id":4617,"href":"https:\/\/www.czechcyclingfederation.com\/en\/wp-json\/wp\/v2\/posts\/4614\/revisions\/4617"}],"wp:featuredmedia":[{"embeddable":true,"href":"https:\/\/www.czechcyclingfederation.com\/en\/wp-json\/wp\/v2\/media\/4615"}],"wp:attachment":[{"href":"https:\/\/www.czechcyclingfederation.com\/en\/wp-json\/wp\/v2\/media?parent=4614"}],"wp:term":[{"taxonomy":"category","embeddable":true,"href":"https:\/\/www.czechcyclingfederation.com\/en\/wp-json\/wp\/v2\/categories?post=4614"},{"taxonomy":"post_tag","embeddable":true,"href":"https:\/\/www.czechcyclingfederation.com\/en\/wp-json\/wp\/v2\/tags?post=4614"}],"curies":[{"name":"wp","href":"https:\/\/api.w.org\/{rel}","templated":true}]}}