{"id":4580,"date":"2021-05-30T18:46:58","date_gmt":"2021-05-30T16:46:58","guid":{"rendered":"https:\/\/www.czechcyclingfederation.com\/?p=4580"},"modified":"2021-05-30T18:46:58","modified_gmt":"2021-05-30T16:46:58","slug":"cesky-pohar-mladeze-a-zen-v-prostejove","status":"publish","type":"post","link":"https:\/\/www.czechcyclingfederation.com\/en\/cesky-pohar-mladeze-a-zen-v-prostejove\/","title":{"rendered":"\u010cesk\u00fd poh\u00e1r ml\u00e1de\u017ee a \u017een v Prost\u011bjov\u011b"},"content":{"rendered":"\n<p>Z\u00e1v\u011bre\u010dn\u00fdm t\u0159et\u00edm dnem byl dnes v Post\u011bjov\u011b zakon\u010den \u00favodn\u00ed podnik \u010cesk\u00e9ho poh\u00e1ru ml\u00e1de\u017ee a \u017een na dr\u00e1ze. Bodovac\u00ed z\u00e1vod \u017een vyhr\u00e1la Petra \u0160ev\u010d\u00edkov\u00e1 z Dukly Praha p\u0159ed Veronikou Barton\u00edkovou (Dukla Brno) a t\u0159et\u00ed skon\u010dila Kate\u0159ina Kohoutkov\u00e1 (Dukla Praha).<\/p>\n\n\n\n<p>V\u00fdsledky:<\/p>\n\n\n\n<p>Mlad\u0161\u00ed \u017e\u00e1ci:<\/p>\n\n\n\n<p>Omnium:<\/p>\n\n\n\n<p>1. Hasal 4, 2. M. Kr\u00e1l 7, 3. Brad\u00e1\u010d (v\u0161ichni Dukla Praha) 8.<\/p>\n\n\n\n<p>Bodovac\u00ed z\u00e1vod:<\/p>\n\n\n\n<p>1. M. Kr\u00e1l 19, 2, Brad\u00e1\u010d 16, 3. Hasal 13.<\/p>\n\n\n\n<p>Star\u0161\u00ed \u017e\u00e1ci:<\/p>\n\n\n\n<p>Omnium:<\/p>\n\n\n\n<p>1. Vr\u00e1na (CK Dacom Pharma Kyjov) 5, 2. Pit\u00e1k (Mapei Merida Ka\u0148kovsk\u00fd) 7, 3. Nov\u00e1k (TUFO Pardus Prost\u011bjov) 8.<\/p>\n\n\n\n<p>Bodovac\u00ed z\u00e1vod:<\/p>\n\n\n\n<p>1. Urban (TUFO Pardus Prost\u011bjov) 10, 2. Kalauz (TJ Stadion Louny) 9, 3. Sal\u00e1k (SK Pet\u0159\u00edn Plze\u0148) 0.<\/p>\n\n\n\n<p>Madison:<\/p>\n\n\n\n<p>1. Pit\u00e1k, Nov\u00e1k 25, 2. Richter, Mokr\u00fd (TJ Favorit Brno) -25, 3. P\u0159enosil, Kruli\u0161 (TJ Stadion Louny) -32\u00b4.<\/p>\n\n\n\n<p>Kadeti:<\/p>\n\n\n\n<p>Omnium:<\/p>\n\n\n\n<p>1. V. Kobl\u00ed\u017eek (TUFO Pardus Prost\u011bjov) 6, 2. K. Kr\u00e1l (Dukla Praha) 15, 3. Kohout (Roman Kreuziger Cycling Academy) 16.<\/p>\n\n\n\n<p>Madison:<\/p>\n\n\n\n<p>1. Rob. Kobr, Rich. Kobr (Roman Kreuziger Cycling Academy) 22, 2. Poda\u0159il, K. Kr\u00e1l 19, 3. Kar\u00e1sek, V. Kobl\u00ed\u017eek (TUFO Pardus Prost\u011bjov) 17.<\/p>\n\n\n\n<p>Junio\u0159i:<\/p>\n\n\n\n<p>Omnium:<\/p>\n\n\n\n<p>1. \u010cepek (TJ Favorit Brno) 10, 3. V\u00e1vra (Dukla Praha) 14, 3. \u0160irok\u00fd (TJ Favorit Brno) 15.<\/p>\n\n\n\n<p>Madison:<\/p>\n\n\n\n<p>1. \u010cepek, \u0160irok\u00fd 34, 2. \u010cerv\u00ed\u010dek, V\u00e1vra (Dukla Praha) 22, 3. Vl\u010dek, \u0160tec (TUFO Pardus Prost\u011bjov) 21.<\/p>\n\n\n\n<p>\u017d\u00e1kyn\u011b:<\/p>\n\n\n\n<p>Omnium:<\/p>\n\n\n\n<p>1. Lazarov\u00e1 (TJ Favorit Brno) 5, 2. Strakat\u00e1 (Dukla Praha) 5, 3. Hermanov\u00e1 (Sportcomplex B\u0159eclav) 9.<\/p>\n\n\n\n<p>\u017d\u00e1kyn\u011b star\u0161\u00ed:<\/p>\n\n\n\n<p>Bodovac\u00ed z\u00e1vod:<\/p>\n\n\n\n<p>1. Hermanov\u00e1 26, 2. Hezinov\u00e1 (TJ Stadion Louny) 17, 3. Bene\u0161ov\u00e1 (Sportcomplex B\u0159eclav) 4.<\/p>\n\n\n\n<p>Kadetky:<\/p>\n\n\n\n<p>Omnium:<\/p>\n\n\n\n<p>1. M\u00fcllerov\u00e1 (TUFO Pardus Prost\u011bjov) 4, 2. Markov\u00e1 (Dukla Praha) 6, 3. V Jadrn\u00e1 (Sportcomplex B\u0159eclav) 9.<\/p>\n\n\n\n<p>Juniorky:<\/p>\n\n\n\n<p>Omnium:<\/p>\n\n\n\n<p>1. B\u00e1rtov\u00e1 (TUFO Pardus Prost\u011bjov) 27, 2. A. Jaborn\u00edkov\u00e1 (Dukla Brno) 35, 3. N\u011bmcov\u00e1 (Sportcomplex B\u0159eclav) 51.<\/p>\n\n\n\n<p>Madison:<\/p>\n\n\n\n<p>1. Mik\u0161an\u00edkov\u00e1, Peterkov\u00e1 20, 2. Poulov\u00e1, A. Jaborn\u00edkov\u00e1 (v\u0161echny Dukla Brno) 16, 3. Hejhalov\u00e1, B\u00e1rtov\u00e1 (Dukla Praha\/TUFO Pardus Prost\u011bjov) 14.<\/p>\n\n\n\n<p>\u017deny:<\/p>\n\n\n\n<p>Bodovac\u00ed z\u00e1vod:<\/p>\n\n\n\n<p>1. \u0160ev\u010d\u00edkov\u00e1 (Dukla Praha) 43, 2. V. Barton\u00edkov\u00e1 (Dukla Brno) 43, 3. Kohoutkov\u00e1 (Dukla Praha) 52.<\/p>\n\n\n\n<p>Madison:<\/p>\n\n\n\n<p>1. \u0160ev\u010d\u00edkov\u00e1, Kohoutkov\u00e1 4, 2. Macha\u010dov\u00e1, S. D\u017eerengov\u00e1 (Dukla Praha) -120.<\/p>\n\n\n\n<p>FOTO Martin Cetkovsk\u00fd<\/p>\n\n\n\n<figure class=\"wp-block-image size-large\"><img loading=\"lazy\" decoding=\"async\" width=\"766\" height=\"1024\" src=\"https:\/\/www.czechcyclingfederation.com\/wp-content\/uploads\/2021\/05\/IMG-20210530-WA0006-766x1024.jpg\" alt=\"\" class=\"wp-image-4582\" srcset=\"https:\/\/www.czechcyclingfederation.com\/wp-content\/uploads\/2021\/05\/IMG-20210530-WA0006-766x1024.jpg 766w, https:\/\/www.czechcyclingfederation.com\/wp-content\/uploads\/2021\/05\/IMG-20210530-WA0006-150x200.jpg 150w, https:\/\/www.czechcyclingfederation.com\/wp-content\/uploads\/2021\/05\/IMG-20210530-WA0006-768x1027.jpg 768w, https:\/\/www.czechcyclingfederation.com\/wp-content\/uploads\/2021\/05\/IMG-20210530-WA0006-1149x1536.jpg 1149w, https:\/\/www.czechcyclingfederation.com\/wp-content\/uploads\/2021\/05\/IMG-20210530-WA0006.jpg 1197w\" sizes=\"auto, (max-width: 766px) 100vw, 766px\" \/><\/figure>\n\n\n\n<figure class=\"wp-block-image size-large\"><img loading=\"lazy\" decoding=\"async\" width=\"1024\" height=\"766\" src=\"https:\/\/www.czechcyclingfederation.com\/wp-content\/uploads\/2021\/05\/IMG-20210530-WA0013-1024x766.jpg\" alt=\"\" class=\"wp-image-4583\" srcset=\"https:\/\/www.czechcyclingfederation.com\/wp-content\/uploads\/2021\/05\/IMG-20210530-WA0013-1024x766.jpg 1024w, https:\/\/www.czechcyclingfederation.com\/wp-content\/uploads\/2021\/05\/IMG-20210530-WA0013-267x200.jpg 267w, https:\/\/www.czechcyclingfederation.com\/wp-content\/uploads\/2021\/05\/IMG-20210530-WA0013-768x575.jpg 768w, https:\/\/www.czechcyclingfederation.com\/wp-content\/uploads\/2021\/05\/IMG-20210530-WA0013-1536x1149.jpg 1536w, https:\/\/www.czechcyclingfederation.com\/wp-content\/uploads\/2021\/05\/IMG-20210530-WA0013-1320x988.jpg 1320w, https:\/\/www.czechcyclingfederation.com\/wp-content\/uploads\/2021\/05\/IMG-20210530-WA0013.jpg 1600w\" sizes=\"auto, (max-width: 1024px) 100vw, 1024px\" \/><\/figure>\n\n\n\n<figure class=\"wp-block-image size-large\"><img loading=\"lazy\" decoding=\"async\" width=\"1024\" height=\"766\" src=\"https:\/\/www.czechcyclingfederation.com\/wp-content\/uploads\/2021\/05\/IMG-20210530-WA0014-1024x766.jpg\" alt=\"\" class=\"wp-image-4584\" srcset=\"https:\/\/www.czechcyclingfederation.com\/wp-content\/uploads\/2021\/05\/IMG-20210530-WA0014-1024x766.jpg 1024w, https:\/\/www.czechcyclingfederation.com\/wp-content\/uploads\/2021\/05\/IMG-20210530-WA0014-267x200.jpg 267w, https:\/\/www.czechcyclingfederation.com\/wp-content\/uploads\/2021\/05\/IMG-20210530-WA0014-768x575.jpg 768w, https:\/\/www.czechcyclingfederation.com\/wp-content\/uploads\/2021\/05\/IMG-20210530-WA0014-1536x1149.jpg 1536w, https:\/\/www.czechcyclingfederation.com\/wp-content\/uploads\/2021\/05\/IMG-20210530-WA0014-1320x988.jpg 1320w, https:\/\/www.czechcyclingfederation.com\/wp-content\/uploads\/2021\/05\/IMG-20210530-WA0014.jpg 1600w\" sizes=\"auto, (max-width: 1024px) 100vw, 1024px\" \/><\/figure>\n\n\n\n<figure class=\"wp-block-image size-large\"><img loading=\"lazy\" decoding=\"async\" width=\"1024\" height=\"766\" src=\"https:\/\/www.czechcyclingfederation.com\/wp-content\/uploads\/2021\/05\/IMG-20210530-WA0015-1024x766.jpg\" alt=\"\" class=\"wp-image-4585\" srcset=\"https:\/\/www.czechcyclingfederation.com\/wp-content\/uploads\/2021\/05\/IMG-20210530-WA0015-1024x766.jpg 1024w, https:\/\/www.czechcyclingfederation.com\/wp-content\/uploads\/2021\/05\/IMG-20210530-WA0015-267x200.jpg 267w, https:\/\/www.czechcyclingfederation.com\/wp-content\/uploads\/2021\/05\/IMG-20210530-WA0015-768x575.jpg 768w, https:\/\/www.czechcyclingfederation.com\/wp-content\/uploads\/2021\/05\/IMG-20210530-WA0015-1536x1149.jpg 1536w, https:\/\/www.czechcyclingfederation.com\/wp-content\/uploads\/2021\/05\/IMG-20210530-WA0015-1320x988.jpg 1320w, https:\/\/www.czechcyclingfederation.com\/wp-content\/uploads\/2021\/05\/IMG-20210530-WA0015.jpg 1600w\" sizes=\"auto, (max-width: 1024px) 100vw, 1024px\" \/><\/figure>\n","protected":false},"excerpt":{"rendered":"<p>Z\u00e1v\u011bre\u010dn\u00fdm t\u0159et\u00edm dnem byl dnes v Post\u011bjov\u011b zakon\u010den \u00favodn\u00ed podnik \u010cesk\u00e9ho poh\u00e1ru ml\u00e1de\u017ee a \u017een na dr\u00e1ze. Bodovac\u00ed z\u00e1vod \u017een vyhr\u00e1la Petra \u0160ev\u010d\u00edkov\u00e1 z Dukly Praha p\u0159ed Veronikou Barton\u00edkovou (Dukla Brno) a t\u0159et\u00ed skon\u010dila Kate\u0159ina Kohoutkov\u00e1 (Dukla Praha). V\u00fdsledky: Mlad\u0161\u00ed \u017e\u00e1ci: Omnium: 1. Hasal 4, 2. M. Kr\u00e1l 7, 3. Brad\u00e1\u010d (v\u0161ichni Dukla Praha) 8. [&hellip;]<\/p>\n","protected":false},"author":8,"featured_media":4581,"comment_status":"closed","ping_status":"open","sticky":false,"template":"","format":"standard","meta":{"footnotes":""},"categories":[54,2],"tags":[9],"class_list":["post-4580","post","type-post","status-publish","format-standard","has-post-thumbnail","hentry","category-draha","category-novinky","tag-draha"],"_links":{"self":[{"href":"https:\/\/www.czechcyclingfederation.com\/en\/wp-json\/wp\/v2\/posts\/4580","targetHints":{"allow":["GET"]}}],"collection":[{"href":"https:\/\/www.czechcyclingfederation.com\/en\/wp-json\/wp\/v2\/posts"}],"about":[{"href":"https:\/\/www.czechcyclingfederation.com\/en\/wp-json\/wp\/v2\/types\/post"}],"author":[{"embeddable":true,"href":"https:\/\/www.czechcyclingfederation.com\/en\/wp-json\/wp\/v2\/users\/8"}],"replies":[{"embeddable":true,"href":"https:\/\/www.czechcyclingfederation.com\/en\/wp-json\/wp\/v2\/comments?post=4580"}],"version-history":[{"count":1,"href":"https:\/\/www.czechcyclingfederation.com\/en\/wp-json\/wp\/v2\/posts\/4580\/revisions"}],"predecessor-version":[{"id":4586,"href":"https:\/\/www.czechcyclingfederation.com\/en\/wp-json\/wp\/v2\/posts\/4580\/revisions\/4586"}],"wp:featuredmedia":[{"embeddable":true,"href":"https:\/\/www.czechcyclingfederation.com\/en\/wp-json\/wp\/v2\/media\/4581"}],"wp:attachment":[{"href":"https:\/\/www.czechcyclingfederation.com\/en\/wp-json\/wp\/v2\/media?parent=4580"}],"wp:term":[{"taxonomy":"category","embeddable":true,"href":"https:\/\/www.czechcyclingfederation.com\/en\/wp-json\/wp\/v2\/categories?post=4580"},{"taxonomy":"post_tag","embeddable":true,"href":"https:\/\/www.czechcyclingfederation.com\/en\/wp-json\/wp\/v2\/tags?post=4580"}],"curies":[{"name":"wp","href":"https:\/\/api.w.org\/{rel}","templated":true}]}}