{"id":4570,"date":"2021-05-29T23:26:21","date_gmt":"2021-05-29T21:26:21","guid":{"rendered":"https:\/\/www.czechcyclingfederation.com\/?p=4570"},"modified":"2021-05-29T23:30:30","modified_gmt":"2021-05-29T21:30:30","slug":"sevcikova-vyhrala-olympijske-omnium-na-ceskem-poharu","status":"publish","type":"post","link":"https:\/\/www.czechcyclingfederation.com\/en\/sevcikova-vyhrala-olympijske-omnium-na-ceskem-poharu\/","title":{"rendered":"\u0160ev\u010d\u00edkov\u00e1 vyhr\u00e1la olympijsk\u00e9 omnium na \u010cesk\u00e9m poh\u00e1ru"},"content":{"rendered":"\n<p>Druh\u00fdm dnem pokra\u010doval na prost\u011bjovsk\u00e9m ov\u00e1lu \u00favodn\u00ed podnik \u010cesk\u00e9ho poh\u00e1ru ml\u00e1de\u017ee a \u017een na dr\u00e1ze. Olympijsk\u00e9 omnium vyhr\u00e1la v kategorii \u017een Petra \u0160ev\u010d\u00edkov\u00e1 z Dukly Praha p\u0159ed svoji t\u00fdmovou kolegyn\u00ed Kate\u0159inou Kohoutkovou, t\u0159et\u00ed skon\u010dila Veronika Barton\u00edkov\u00e1 z Dukly Brno.<\/p>\n\n\n\n<p>Mezi juniory byl nejlep\u0161\u00ed Martin \u010cepek z TJ Favorit Brno, juniork\u00e1m v\u00e9vodila Anna Jaborn\u00edkov\u00e1 z Dukly Brno.<\/p>\n\n\n\n<p>V\u00fdsledky:<\/p>\n\n\n\n<p>Omnium:<\/p>\n\n\n\n<p>Star\u0161\u00ed \u017e\u00e1ci:<\/p>\n\n\n\n<p>1. Tesa\u0159\u00edk 136, 2. Pit\u00e1k (oba Mapei Merida Ka\u0148kovsk\u00fd) 126, 3. Vr\u00e1na (CK DACOM Pharma Kyjov) 120.<\/p>\n\n\n\n<p>Mlad\u0161\u00ed \u017e\u00e1ci:<\/p>\n\n\n\n<p>1. Ciboch (KOVO Praha) 136, 2. Kr\u00e1l 126, 3. Hasal (oba Dukly Praha) 120.<\/p>\n\n\n\n<p>Kadeti:<\/p>\n\n\n\n<p>1. Poda\u0159il (Dukla Praha) 133, 2. \u0160ilhav\u00fd (KOVO Praha) 119, 3. V. Kobl\u00ed\u017eek (TUFO Pardus Prost\u011bjov) 110.<\/p>\n\n\n\n<p>Junio\u0159i:<\/p>\n\n\n\n<p>1. \u010cepek (TJ Favorit Brno) 154, 2. M. Kobl\u00ed\u017eek 143, 3. \u0160tec (oba TUFO Pardus Prost\u011bjov) 128.<\/p>\n\n\n\n<p>\u017deny:<\/p>\n\n\n\n<p>1. \u0160ev\u010d\u00edkov\u00e1 55, 2. Kohoutkov\u00e1 (ob\u011b Dukla Praha) 42, 3. V. Barton\u00edkov\u00e1 (Dukla Brno) 25.<\/p>\n\n\n\n<p>Juniorky:<\/p>\n\n\n\n<p>1. A. Jaborn\u00edkov\u00e1 (Dukla Brno) 75. 2. B\u00e1rtov\u00e1 (TUFO Pardus Prost\u011bjov) 49, 3. Peterkov\u00e1 (Dukla Praha) 35.<\/p>\n\n\n\n<p>Kadetky:<\/p>\n\n\n\n<p>1. M\u00fcllerov\u00e1 (TUFO Pardus Prost\u011bjov) 136, 2. V. Jadrn\u00e1 (Sportcomplex B\u0159eclav) 121, 3. Markov\u00e1 (Dukla Praha) 120.<\/p>\n\n\n\n<p>\u017d\u00e1kyn\u011b:<\/p>\n\n\n\n<p>1. Strakat\u00e1 (Dukla Praha) 129, 2. Hermanov\u00e1 (Sportcomplex B\u0159eclav) 126, 3. Lazarov\u00e1 (TJ Favorit Brno) 120.<\/p>\n\n\n\n<p>FOTO Martin Cetkovsk\u00fd<\/p>\n\n\n\n<figure class=\"wp-block-image size-large\"><img loading=\"lazy\" decoding=\"async\" width=\"766\" height=\"1024\" src=\"https:\/\/www.czechcyclingfederation.com\/wp-content\/uploads\/2021\/05\/IMG-20210529-WA0022-766x1024.jpg\" alt=\"\" class=\"wp-image-4572\" srcset=\"https:\/\/www.czechcyclingfederation.com\/wp-content\/uploads\/2021\/05\/IMG-20210529-WA0022-766x1024.jpg 766w, https:\/\/www.czechcyclingfederation.com\/wp-content\/uploads\/2021\/05\/IMG-20210529-WA0022-150x200.jpg 150w, https:\/\/www.czechcyclingfederation.com\/wp-content\/uploads\/2021\/05\/IMG-20210529-WA0022-768x1027.jpg 768w, https:\/\/www.czechcyclingfederation.com\/wp-content\/uploads\/2021\/05\/IMG-20210529-WA0022-1149x1536.jpg 1149w, https:\/\/www.czechcyclingfederation.com\/wp-content\/uploads\/2021\/05\/IMG-20210529-WA0022.jpg 1197w\" sizes=\"auto, (max-width: 766px) 100vw, 766px\" \/><\/figure>\n\n\n\n<figure class=\"wp-block-image size-large\"><img loading=\"lazy\" decoding=\"async\" width=\"1024\" height=\"766\" src=\"https:\/\/www.czechcyclingfederation.com\/wp-content\/uploads\/2021\/05\/IMG-20210529-WA0010-1024x766.jpg\" alt=\"\" class=\"wp-image-4573\" srcset=\"https:\/\/www.czechcyclingfederation.com\/wp-content\/uploads\/2021\/05\/IMG-20210529-WA0010-1024x766.jpg 1024w, https:\/\/www.czechcyclingfederation.com\/wp-content\/uploads\/2021\/05\/IMG-20210529-WA0010-267x200.jpg 267w, https:\/\/www.czechcyclingfederation.com\/wp-content\/uploads\/2021\/05\/IMG-20210529-WA0010-768x575.jpg 768w, https:\/\/www.czechcyclingfederation.com\/wp-content\/uploads\/2021\/05\/IMG-20210529-WA0010-1536x1149.jpg 1536w, https:\/\/www.czechcyclingfederation.com\/wp-content\/uploads\/2021\/05\/IMG-20210529-WA0010-1320x988.jpg 1320w, https:\/\/www.czechcyclingfederation.com\/wp-content\/uploads\/2021\/05\/IMG-20210529-WA0010.jpg 1600w\" sizes=\"auto, (max-width: 1024px) 100vw, 1024px\" \/><\/figure>\n\n\n\n<figure class=\"wp-block-image size-large\"><img loading=\"lazy\" decoding=\"async\" width=\"766\" height=\"1024\" src=\"https:\/\/www.czechcyclingfederation.com\/wp-content\/uploads\/2021\/05\/IMG-20210529-WA0021-1-766x1024.jpg\" alt=\"\" class=\"wp-image-4575\" srcset=\"https:\/\/www.czechcyclingfederation.com\/wp-content\/uploads\/2021\/05\/IMG-20210529-WA0021-1-766x1024.jpg 766w, https:\/\/www.czechcyclingfederation.com\/wp-content\/uploads\/2021\/05\/IMG-20210529-WA0021-1-150x200.jpg 150w, https:\/\/www.czechcyclingfederation.com\/wp-content\/uploads\/2021\/05\/IMG-20210529-WA0021-1-768x1027.jpg 768w, https:\/\/www.czechcyclingfederation.com\/wp-content\/uploads\/2021\/05\/IMG-20210529-WA0021-1-1149x1536.jpg 1149w, https:\/\/www.czechcyclingfederation.com\/wp-content\/uploads\/2021\/05\/IMG-20210529-WA0021-1.jpg 1197w\" sizes=\"auto, (max-width: 766px) 100vw, 766px\" \/><\/figure>\n","protected":false},"excerpt":{"rendered":"<p>Druh\u00fdm dnem pokra\u010doval na prost\u011bjovsk\u00e9m ov\u00e1lu \u00favodn\u00ed podnik \u010cesk\u00e9ho poh\u00e1ru ml\u00e1de\u017ee a \u017een na dr\u00e1ze. Olympijsk\u00e9 omnium vyhr\u00e1la v kategorii \u017een Petra \u0160ev\u010d\u00edkov\u00e1 z Dukly Praha p\u0159ed svoji t\u00fdmovou kolegyn\u00ed Kate\u0159inou Kohoutkovou, t\u0159et\u00ed skon\u010dila Veronika Barton\u00edkov\u00e1 z Dukly Brno. Mezi juniory byl nejlep\u0161\u00ed Martin \u010cepek z TJ Favorit Brno, juniork\u00e1m v\u00e9vodila Anna Jaborn\u00edkov\u00e1 z Dukly [&hellip;]<\/p>\n","protected":false},"author":8,"featured_media":4572,"comment_status":"closed","ping_status":"open","sticky":false,"template":"","format":"standard","meta":{"footnotes":""},"categories":[54,2],"tags":[9],"class_list":["post-4570","post","type-post","status-publish","format-standard","has-post-thumbnail","hentry","category-draha","category-novinky","tag-draha"],"_links":{"self":[{"href":"https:\/\/www.czechcyclingfederation.com\/en\/wp-json\/wp\/v2\/posts\/4570","targetHints":{"allow":["GET"]}}],"collection":[{"href":"https:\/\/www.czechcyclingfederation.com\/en\/wp-json\/wp\/v2\/posts"}],"about":[{"href":"https:\/\/www.czechcyclingfederation.com\/en\/wp-json\/wp\/v2\/types\/post"}],"author":[{"embeddable":true,"href":"https:\/\/www.czechcyclingfederation.com\/en\/wp-json\/wp\/v2\/users\/8"}],"replies":[{"embeddable":true,"href":"https:\/\/www.czechcyclingfederation.com\/en\/wp-json\/wp\/v2\/comments?post=4570"}],"version-history":[{"count":2,"href":"https:\/\/www.czechcyclingfederation.com\/en\/wp-json\/wp\/v2\/posts\/4570\/revisions"}],"predecessor-version":[{"id":4576,"href":"https:\/\/www.czechcyclingfederation.com\/en\/wp-json\/wp\/v2\/posts\/4570\/revisions\/4576"}],"wp:featuredmedia":[{"embeddable":true,"href":"https:\/\/www.czechcyclingfederation.com\/en\/wp-json\/wp\/v2\/media\/4572"}],"wp:attachment":[{"href":"https:\/\/www.czechcyclingfederation.com\/en\/wp-json\/wp\/v2\/media?parent=4570"}],"wp:term":[{"taxonomy":"category","embeddable":true,"href":"https:\/\/www.czechcyclingfederation.com\/en\/wp-json\/wp\/v2\/categories?post=4570"},{"taxonomy":"post_tag","embeddable":true,"href":"https:\/\/www.czechcyclingfederation.com\/en\/wp-json\/wp\/v2\/tags?post=4570"}],"curies":[{"name":"wp","href":"https:\/\/api.w.org\/{rel}","templated":true}]}}