{"id":4546,"date":"2021-05-28T21:20:32","date_gmt":"2021-05-28T19:20:32","guid":{"rendered":"https:\/\/www.czechcyclingfederation.com\/?p=4546"},"modified":"2021-05-28T21:20:32","modified_gmt":"2021-05-28T19:20:32","slug":"drahovy-cesky-pohar-mladeze-a-zen-2","status":"publish","type":"post","link":"https:\/\/www.czechcyclingfederation.com\/en\/drahovy-cesky-pohar-mladeze-a-zen-2\/","title":{"rendered":"Dr\u00e1hov\u00fd \u010cesk\u00fd poh\u00e1r ml\u00e1de\u017ee a \u017een"},"content":{"rendered":"\n<p>Na velodromu v Prost\u011bjov\u011b odstartoval prvn\u00edm z\u00e1vodem v leto\u0161n\u00edm roce \u010cesk\u00fd poh\u00e1r ml\u00e1de\u017ee a \u017een. P\u0159i Velk\u00e9 cen\u011b DT &#8211;\u00a0 V\u00fdhybk\u00e1rny a stroj\u00edrny, a.s.) byly dnes z\u00e1vody v omniu. Mezi \u017eenami, kter\u00e9 jely spolu s juniory, vyhr\u00e1la Veronika Barton\u00edkov\u00e1 z Dukly Brno, spolu s n\u00ed vystoupily na stupn\u011b v\u00edt\u011bzek Kate\u0159ina Kohoutkov\u00e1 a Petra \u0160ev\u010d\u00edkov\u00e1 (ob\u011b Dukla Praha).<\/p>\n\n\n\n<p>Mezi juniory slavil v\u00fdhru Martin \u010cepek z TJ Favorit Brno p\u0159ed sv\u00fdm odd\u00edlov\u00fdm kolegou \u0160t\u011bp\u00e1nem Teleck\u00fdm a t\u0159et\u00ed byl Radovan \u0160tec (TUFO Pardus Prost\u011bjov), juniork\u00e1m kralovala Anna Jaborn\u00edkov\u00e1 (Dukla Brno).<\/p>\n\n\n\n<p>V\u00fdsledky:<\/p>\n\n\n\n<p>Omnium:<\/p>\n\n\n\n<p>Mlad\u0161\u00ed \u017e\u00e1ci:<\/p>\n\n\n\n<p>1. Ciboch (KOVO Praha) 5, 2. Brad\u00e1\u010d 8, 3. Hasal (oba Dukla Praha) 8.<\/p>\n\n\n\n<p>\u017d\u00e1kyn\u011b:<\/p>\n\n\n\n<p>1. Strakat\u00e1 (Dukla Praha) 4, 2. Hermanov\u00e1 7, 3. Bene\u0161ov\u00e1 (ob\u011b Sportcompex B\u0159eclav) 13.<\/p>\n\n\n\n<p>Star\u0161\u00ed \u017e\u00e1ci:<\/p>\n\n\n\n<p>1. Tesa\u0159\u00edk 5, 2. Pit\u00e1k (oba Mapei Merida Ka\u0148kovsk\u00fd) 5, 3. Nov\u00e1k (TUFO Pardus Prost\u011bjov) 9.<\/p>\n\n\n\n<p>Kadetky:<\/p>\n\n\n\n<p>1. M\u00fcllerov\u00e1 (TUFO Pardus Prost\u011bjov) 6, 2. Markov\u00e1 (Dukla Praha) 9, 3. Grulichov\u00e1 (TUFO Pardus Prost\u011bjov) 11.<\/p>\n\n\n\n<p>Kadeti:<\/p>\n\n\n\n<p>1. Rich. Kobr (Roman Kreuziger Cycling Academy) 7, 2. V. Kobl\u00ed\u017eek (TUFO Pardus Prost\u011bjov)&nbsp; 9, 3. \u0160ilhav\u00fd (KOVO Praha) 10.<\/p>\n\n\n\n<p>Juniorky:<\/p>\n\n\n\n<p>1. A. Jaborn\u00edkov\u00e1 (Dukla Brno) 22, 2. B\u00e1rtov\u00e1 (TUFO Pardus Prost\u011bjov) 29, 3. N\u011bmcov\u00e1 (Sportcomplex B\u0159elav) 41.<\/p>\n\n\n\n<p>Junio\u0159i:<\/p>\n\n\n\n<p>1. \u010cepek 8, 2. Teleck\u00fd (oba TJ Favorit Brno) 8, 3. \u0160tec (TUFO Pardus Prost\u011bjov) 9.<\/p>\n\n\n\n<p>\u017deny:<\/p>\n\n\n\n<p>1.V. Barton\u00edkov\u00e1 (Dukla Brno) 52, 2. Kohoutkov\u00e1 60, 3. \u0160ev\u010d\u00edkov\u00e1 (ob\u011b Dukla Praha) 62.<\/p>\n\n\n\n<p>FOTO Martin Cetkovsk\u00fd<\/p>\n\n\n\n<figure class=\"wp-block-image size-large\"><img loading=\"lazy\" decoding=\"async\" width=\"766\" height=\"1024\" src=\"https:\/\/www.czechcyclingfederation.com\/wp-content\/uploads\/2021\/05\/IMG-20210528-WA0005-766x1024.jpg\" alt=\"\" class=\"wp-image-4548\" srcset=\"https:\/\/www.czechcyclingfederation.com\/wp-content\/uploads\/2021\/05\/IMG-20210528-WA0005-766x1024.jpg 766w, https:\/\/www.czechcyclingfederation.com\/wp-content\/uploads\/2021\/05\/IMG-20210528-WA0005-150x200.jpg 150w, https:\/\/www.czechcyclingfederation.com\/wp-content\/uploads\/2021\/05\/IMG-20210528-WA0005-768x1027.jpg 768w, https:\/\/www.czechcyclingfederation.com\/wp-content\/uploads\/2021\/05\/IMG-20210528-WA0005-1149x1536.jpg 1149w, https:\/\/www.czechcyclingfederation.com\/wp-content\/uploads\/2021\/05\/IMG-20210528-WA0005.jpg 1197w\" sizes=\"auto, (max-width: 766px) 100vw, 766px\" \/><\/figure>\n\n\n\n<figure class=\"wp-block-image size-large\"><img loading=\"lazy\" decoding=\"async\" width=\"766\" height=\"1024\" src=\"https:\/\/www.czechcyclingfederation.com\/wp-content\/uploads\/2021\/05\/IMG-20210528-WA0014-766x1024.jpg\" alt=\"\" class=\"wp-image-4549\" srcset=\"https:\/\/www.czechcyclingfederation.com\/wp-content\/uploads\/2021\/05\/IMG-20210528-WA0014-766x1024.jpg 766w, https:\/\/www.czechcyclingfederation.com\/wp-content\/uploads\/2021\/05\/IMG-20210528-WA0014-150x200.jpg 150w, https:\/\/www.czechcyclingfederation.com\/wp-content\/uploads\/2021\/05\/IMG-20210528-WA0014-768x1027.jpg 768w, https:\/\/www.czechcyclingfederation.com\/wp-content\/uploads\/2021\/05\/IMG-20210528-WA0014-1149x1536.jpg 1149w, https:\/\/www.czechcyclingfederation.com\/wp-content\/uploads\/2021\/05\/IMG-20210528-WA0014.jpg 1197w\" sizes=\"auto, (max-width: 766px) 100vw, 766px\" \/><\/figure>\n\n\n\n<figure class=\"wp-block-image size-large\"><img loading=\"lazy\" decoding=\"async\" width=\"1024\" height=\"766\" src=\"https:\/\/www.czechcyclingfederation.com\/wp-content\/uploads\/2021\/05\/IMG-20210528-WA0015-1024x766.jpg\" alt=\"\" class=\"wp-image-4550\" srcset=\"https:\/\/www.czechcyclingfederation.com\/wp-content\/uploads\/2021\/05\/IMG-20210528-WA0015-1024x766.jpg 1024w, https:\/\/www.czechcyclingfederation.com\/wp-content\/uploads\/2021\/05\/IMG-20210528-WA0015-267x200.jpg 267w, https:\/\/www.czechcyclingfederation.com\/wp-content\/uploads\/2021\/05\/IMG-20210528-WA0015-768x575.jpg 768w, https:\/\/www.czechcyclingfederation.com\/wp-content\/uploads\/2021\/05\/IMG-20210528-WA0015-1536x1149.jpg 1536w, https:\/\/www.czechcyclingfederation.com\/wp-content\/uploads\/2021\/05\/IMG-20210528-WA0015-1320x988.jpg 1320w, https:\/\/www.czechcyclingfederation.com\/wp-content\/uploads\/2021\/05\/IMG-20210528-WA0015.jpg 1600w\" sizes=\"auto, (max-width: 1024px) 100vw, 1024px\" \/><\/figure>\n\n\n\n<figure class=\"wp-block-image size-large\"><img loading=\"lazy\" decoding=\"async\" width=\"1024\" height=\"766\" src=\"https:\/\/www.czechcyclingfederation.com\/wp-content\/uploads\/2021\/05\/IMG-20210528-WA0017-1024x766.jpg\" alt=\"\" class=\"wp-image-4551\" srcset=\"https:\/\/www.czechcyclingfederation.com\/wp-content\/uploads\/2021\/05\/IMG-20210528-WA0017-1024x766.jpg 1024w, https:\/\/www.czechcyclingfederation.com\/wp-content\/uploads\/2021\/05\/IMG-20210528-WA0017-267x200.jpg 267w, https:\/\/www.czechcyclingfederation.com\/wp-content\/uploads\/2021\/05\/IMG-20210528-WA0017-768x575.jpg 768w, https:\/\/www.czechcyclingfederation.com\/wp-content\/uploads\/2021\/05\/IMG-20210528-WA0017-1536x1149.jpg 1536w, https:\/\/www.czechcyclingfederation.com\/wp-content\/uploads\/2021\/05\/IMG-20210528-WA0017-1320x988.jpg 1320w, https:\/\/www.czechcyclingfederation.com\/wp-content\/uploads\/2021\/05\/IMG-20210528-WA0017.jpg 1600w\" sizes=\"auto, (max-width: 1024px) 100vw, 1024px\" \/><\/figure>\n","protected":false},"excerpt":{"rendered":"<p>Na velodromu v Prost\u011bjov\u011b odstartoval prvn\u00edm z\u00e1vodem v leto\u0161n\u00edm roce \u010cesk\u00fd poh\u00e1r ml\u00e1de\u017ee a \u017een. P\u0159i Velk\u00e9 cen\u011b DT &#8211;\u00a0 V\u00fdhybk\u00e1rny a stroj\u00edrny, a.s.) byly dnes z\u00e1vody v omniu. Mezi \u017eenami, kter\u00e9 jely spolu s juniory, vyhr\u00e1la Veronika Barton\u00edkov\u00e1 z Dukly Brno, spolu s n\u00ed vystoupily na stupn\u011b v\u00edt\u011bzek Kate\u0159ina Kohoutkov\u00e1 a Petra \u0160ev\u010d\u00edkov\u00e1 (ob\u011b [&hellip;]<\/p>\n","protected":false},"author":8,"featured_media":4547,"comment_status":"closed","ping_status":"open","sticky":false,"template":"","format":"standard","meta":{"footnotes":""},"categories":[54,2],"tags":[9],"class_list":["post-4546","post","type-post","status-publish","format-standard","has-post-thumbnail","hentry","category-draha","category-novinky","tag-draha"],"_links":{"self":[{"href":"https:\/\/www.czechcyclingfederation.com\/en\/wp-json\/wp\/v2\/posts\/4546","targetHints":{"allow":["GET"]}}],"collection":[{"href":"https:\/\/www.czechcyclingfederation.com\/en\/wp-json\/wp\/v2\/posts"}],"about":[{"href":"https:\/\/www.czechcyclingfederation.com\/en\/wp-json\/wp\/v2\/types\/post"}],"author":[{"embeddable":true,"href":"https:\/\/www.czechcyclingfederation.com\/en\/wp-json\/wp\/v2\/users\/8"}],"replies":[{"embeddable":true,"href":"https:\/\/www.czechcyclingfederation.com\/en\/wp-json\/wp\/v2\/comments?post=4546"}],"version-history":[{"count":1,"href":"https:\/\/www.czechcyclingfederation.com\/en\/wp-json\/wp\/v2\/posts\/4546\/revisions"}],"predecessor-version":[{"id":4552,"href":"https:\/\/www.czechcyclingfederation.com\/en\/wp-json\/wp\/v2\/posts\/4546\/revisions\/4552"}],"wp:featuredmedia":[{"embeddable":true,"href":"https:\/\/www.czechcyclingfederation.com\/en\/wp-json\/wp\/v2\/media\/4547"}],"wp:attachment":[{"href":"https:\/\/www.czechcyclingfederation.com\/en\/wp-json\/wp\/v2\/media?parent=4546"}],"wp:term":[{"taxonomy":"category","embeddable":true,"href":"https:\/\/www.czechcyclingfederation.com\/en\/wp-json\/wp\/v2\/categories?post=4546"},{"taxonomy":"post_tag","embeddable":true,"href":"https:\/\/www.czechcyclingfederation.com\/en\/wp-json\/wp\/v2\/tags?post=4546"}],"curies":[{"name":"wp","href":"https:\/\/api.w.org\/{rel}","templated":true}]}}