{"id":4531,"date":"2021-05-27T14:32:33","date_gmt":"2021-05-27T12:32:33","guid":{"rendered":"https:\/\/www.czechcyclingfederation.com\/?p=4531"},"modified":"2021-05-27T14:32:33","modified_gmt":"2021-05-27T12:32:33","slug":"uec-zrusila-me-draharu-v-minsku","status":"publish","type":"post","link":"https:\/\/www.czechcyclingfederation.com\/en\/uec-zrusila-me-draharu-v-minsku\/","title":{"rendered":"UEC zru\u0161ila ME dr\u00e1ha\u0159\u016f v Minsku"},"content":{"rendered":"\n<p>S ohledem na sou\u010dasnou mezin\u00e1rodn\u00ed situaci se spr\u00e1vn\u00ed rada Evropsk\u00e9 cyklistick\u00e9 unie (UEC) rozhodla zru\u0161it evropsk\u00fd dr\u00e1hov\u00fd \u0161ampion\u00e1t, kter\u00fd se m\u011bl uskute\u010dnit v b\u011blorusk\u00e9m v Minsku od 23. do 27. \u010dervna 2021.<\/p>\n\n\n\n<p>&#8220;Monitorovali jsme situace s B\u011bloruskou cyklistickou federac\u00ed a dnes b\u011bhem zased\u00e1n\u00ed spr\u00e1vn\u00ed rady jsme se rozhodli akci v Minsku zru\u0161it. Cht\u011bl bych pod\u011bkovat B\u011blorusk\u00e9 cyklistick\u00e9 federaci a jej\u00ed prezidentce a \u010dlence spr\u00e1vn\u00ed rady Nataliji Cylinsk\u00e9, kter\u00e1 s velk\u00fdm \u00fasil\u00edm akci p\u0159ipravovala. Nyn\u00ed hled\u00e1me alternativn\u00edho \u0159e\u0161en\u00ed, kter\u00e9 by umo\u017enilo jezdc\u016fm z na\u0161ich 50 n\u00e1rodn\u00edch federac\u00ed bojovat o medaile na kontinent\u00e1ln\u00edm \u0161ampion\u00e1tu,&#8221; \u0159ekl Enrico Della Casa, p\u0159edseda UEC.<\/p>\n","protected":false},"excerpt":{"rendered":"<p>S ohledem na sou\u010dasnou mezin\u00e1rodn\u00ed situaci se spr\u00e1vn\u00ed rada Evropsk\u00e9 cyklistick\u00e9 unie (UEC) rozhodla zru\u0161it evropsk\u00fd dr\u00e1hov\u00fd \u0161ampion\u00e1t, kter\u00fd se m\u011bl uskute\u010dnit v b\u011blorusk\u00e9m v Minsku od 23. do 27. \u010dervna 2021. &#8220;Monitorovali jsme situace s B\u011bloruskou cyklistickou federac\u00ed a dnes b\u011bhem zased\u00e1n\u00ed spr\u00e1vn\u00ed rady jsme se rozhodli akci v Minsku zru\u0161it. Cht\u011bl bych pod\u011bkovat [&hellip;]<\/p>\n","protected":false},"author":8,"featured_media":3678,"comment_status":"closed","ping_status":"open","sticky":false,"template":"","format":"standard","meta":{"footnotes":""},"categories":[54,2],"tags":[9],"class_list":["post-4531","post","type-post","status-publish","format-standard","has-post-thumbnail","hentry","category-draha","category-novinky","tag-draha"],"_links":{"self":[{"href":"https:\/\/www.czechcyclingfederation.com\/en\/wp-json\/wp\/v2\/posts\/4531","targetHints":{"allow":["GET"]}}],"collection":[{"href":"https:\/\/www.czechcyclingfederation.com\/en\/wp-json\/wp\/v2\/posts"}],"about":[{"href":"https:\/\/www.czechcyclingfederation.com\/en\/wp-json\/wp\/v2\/types\/post"}],"author":[{"embeddable":true,"href":"https:\/\/www.czechcyclingfederation.com\/en\/wp-json\/wp\/v2\/users\/8"}],"replies":[{"embeddable":true,"href":"https:\/\/www.czechcyclingfederation.com\/en\/wp-json\/wp\/v2\/comments?post=4531"}],"version-history":[{"count":1,"href":"https:\/\/www.czechcyclingfederation.com\/en\/wp-json\/wp\/v2\/posts\/4531\/revisions"}],"predecessor-version":[{"id":4532,"href":"https:\/\/www.czechcyclingfederation.com\/en\/wp-json\/wp\/v2\/posts\/4531\/revisions\/4532"}],"wp:featuredmedia":[{"embeddable":true,"href":"https:\/\/www.czechcyclingfederation.com\/en\/wp-json\/wp\/v2\/media\/3678"}],"wp:attachment":[{"href":"https:\/\/www.czechcyclingfederation.com\/en\/wp-json\/wp\/v2\/media?parent=4531"}],"wp:term":[{"taxonomy":"category","embeddable":true,"href":"https:\/\/www.czechcyclingfederation.com\/en\/wp-json\/wp\/v2\/categories?post=4531"},{"taxonomy":"post_tag","embeddable":true,"href":"https:\/\/www.czechcyclingfederation.com\/en\/wp-json\/wp\/v2\/tags?post=4531"}],"curies":[{"name":"wp","href":"https:\/\/api.w.org\/{rel}","templated":true}]}}