{"id":4519,"date":"2021-05-27T09:54:11","date_gmt":"2021-05-27T07:54:11","guid":{"rendered":"https:\/\/www.czechcyclingfederation.com\/?p=4519"},"modified":"2021-05-27T12:23:30","modified_gmt":"2021-05-27T10:23:30","slug":"silnicari-si-rozdeli-medaile-v-banovcich-nad-bebravou","status":"publish","type":"post","link":"https:\/\/www.czechcyclingfederation.com\/en\/silnicari-si-rozdeli-medaile-v-banovcich-nad-bebravou\/","title":{"rendered":"Silni\u010d\u00e1\u0159i si rozd\u011bl\u00ed medaile v B\u00e1novc\u00edch nad Bebravou"},"content":{"rendered":"\n<p>Mistrovstv\u00ed republiky v silni\u010dn\u00ed cyklistice se ji\u017e po dvaadvac\u00e1t\u00e9 uskute\u010dn\u00ed jako spole\u010dn\u00fd \u0161ampion\u00e1t se slovensk\u00fdmi cyklisty. Ten leto\u0161n\u00ed budou hostit ve dnech 17. \u2013 20. \u010dervna B\u00e1novce nad Bebravou a bl\u00edzk\u00e9 okol\u00ed.<\/p>\n\n\n\n<p>Mistrovstv\u00ed za\u010dne \u010dtvrte\u010dn\u00ed \u010dasovkou v\u0161ech kategori\u00ed v obci Podlu\u017eany. Dopoledne startuj\u00ed kategorie \u017een, juniorek a junior\u016f, kter\u00e9 absolvuj\u00ed tra\u0165 dlouhou 20 kilometr\u016f z Podlu\u017ean p\u0159es Timoradzu a Kr\u00e1snou Ves zp\u011bt do Podlu\u017ean. Juniorky maj\u00ed okruh o p\u011bt kilometr\u016f krat\u0161\u00ed. Dopoledne vyraz\u00ed na tra\u0165 i mu\u017ei kategorie U23, kte\u0159\u00ed absolvuj\u00ed dvacetikilometrov\u00fd okruh dvakr\u00e1t. Stejn\u00e1 porce kilometr\u016f \u010dek\u00e1 i mu\u017ee elite v odpoledn\u00edch hodin\u00e1ch.<\/p>\n\n\n\n<p>V sobotu se z\u00e1vody p\u0159esunou do B\u00e1novc\u016f nad Bebravou, kde jsou na programu z\u00e1vody s hromadn\u00fdm startem pro \u017eeny a juniorky v dopoledn\u00edch hodin\u00e1ch, odpoledne budou o medaile bojovat junio\u0159i. Pro v\u0161echny je p\u0159ipraven okruh na trase B\u00e1novce \u2013 De\u017eerice \u2013 Hor\u0148any \u2013 Bobot \u2013 Mote\u0161ice &#8211; Kr\u00e1sna Ves \u2013 Timoradza \u2013 Podlu\u017eany \u2013 B\u00e1novce v d\u00e9lce 32,5 km. \u017deny a juniorky ho absolvuj\u00ed t\u0159ikr\u00e1t (97,5 km), junio\u0159i \u010dty\u0159ikr\u00e1t (130 km).<\/p>\n\n\n\n<p>Vyvrcholen\u00edm mistrovsk\u00fdch boj\u016f bude ned\u011bln\u00ed z\u00e1vod kategori\u00ed mu\u017e\u016f elite na n\u011b\u017e \u010dek\u00e1 sedm okruh\u016f v celkov\u00e9 d\u00e9lce 227,5 km.<\/p>\n\n\n\n<p>O\u010dek\u00e1v\u00e1 se \u00fa\u010dast prakticky v\u0161ech zvu\u010dn\u00fdch jmen slovensk\u00e9 (Peter Sagan) i \u010desk\u00e9 silni\u010dn\u00ed cyklistiky. &#8220;Na startu z\u00e1vodu budou v\u0161ichni na\u0161i nejlep\u0161\u00ed cyklist\u00e9, a to i z d\u016fvodu, \u017ee reprezenta\u010dn\u00ed tren\u00e9r Tom\u00e1\u0161 Kone\u010dn\u00fd m\u00e1 \u00fa\u010dast v z\u00e1vod\u011b jako jednu z nomina\u010dn\u00edch podm\u00ednek pro start na olympijsk\u00fdch hr\u00e1ch v Tokiu. P\u0159edev\u0161\u00edm v\u00edt\u011bz \u010dasovky bude m\u00edt m\u00edsto na OH jist\u00e9,&#8221; \u0159ekl prezident \u010cesk\u00e9ho svazu cyklistiky Petr Marek.<\/p>\n\n\n\n<p>P\u0159edpokl\u00e1d\u00e1 se, \u017ee se bude pravd\u011bpodobn\u011b rozhodovat mezi Josefem \u010cern\u00fdm (Deceunick-Quick-Step) a Janem B\u00e1rtou (Elkov Kasper). Start v \u010dasovce potvrdil tak\u00e9 Zden\u011bk \u0160tybar (Deceunick-Quick-Step).<\/p>\n\n\n\n<p>Titul v silni\u010dn\u00edm z\u00e1vod\u011b bude obhajovat nejsiln\u011bj\u0161\u00ed \u010desk\u00fd t\u00fdm Elkov Kasper v \u010dele s lo\u0148sk\u00fdm \u0161ampionem z Mlad\u00e9 Boleslavi Adamem \u0164oupal\u00edkem, ale do po\u0159ad\u00ed na stupn\u00edch v\u00edt\u011bz\u016f budou cht\u00edt zcela jist\u011b promluvit z\u00e1vodn\u00edci p\u016fsob\u00edc\u00ed v zahrani\u010d\u00ed. Na startu tak uvid\u00edme krom\u011b ji\u017e zm\u00edn\u011bn\u00fdch \u0160tybara a \u010cern\u00e9ho i Petra Vako\u010de (Aplecin-Fenix), Romana Kreuzigera, Mathiase Vacka (oba Gazprom-RusVelo), Jana Hirta (Intermarch\u00e9-Wanty-Gobert) a Karla Vacka (Qhubeka Assos). V \u017eensk\u00e9m z\u00e1vod\u011b by se na startu m\u011bla objevit Martina S\u00e1bl\u00edkov\u00e1, kter\u00e1 zat\u00edm start zva\u017euje.<\/p>\n\n\n\n<p>&#8220;Jsme moc r\u00e1di, \u017ee letos se mistrovstv\u00ed uskute\u010dn\u00ed oproti lo\u0148sku, kdy se jelo a\u017e v pozd\u011bji, v klasick\u00e9m \u010dervnov\u00e9m term\u00ednu a v\u0161ichni z\u00e1vodn\u00edci se na tento vrchol silni\u010dn\u00ed sezony ji\u017e pln\u011b p\u0159ipravuj\u00ed,&#8221; dodal Petr Marek.<\/p>\n\n\n\n<p>FOTO Jan Brychta<\/p>\n","protected":false},"excerpt":{"rendered":"<p>Mistrovstv\u00ed republiky v silni\u010dn\u00ed cyklistice se ji\u017e po dvaadvac\u00e1t\u00e9 uskute\u010dn\u00ed jako spole\u010dn\u00fd \u0161ampion\u00e1t se slovensk\u00fdmi cyklisty. Ten leto\u0161n\u00ed budou hostit ve dnech 17. \u2013 20. \u010dervna B\u00e1novce nad Bebravou a bl\u00edzk\u00e9 okol\u00ed. Mistrovstv\u00ed za\u010dne \u010dtvrte\u010dn\u00ed \u010dasovkou v\u0161ech kategori\u00ed v obci Podlu\u017eany. Dopoledne startuj\u00ed kategorie \u017een, juniorek a junior\u016f, kter\u00e9 absolvuj\u00ed tra\u0165 dlouhou 20 kilometr\u016f z [&hellip;]<\/p>\n","protected":false},"author":8,"featured_media":4520,"comment_status":"closed","ping_status":"open","sticky":false,"template":"","format":"standard","meta":{"footnotes":""},"categories":[2,18],"tags":[11],"class_list":["post-4519","post","type-post","status-publish","format-standard","has-post-thumbnail","hentry","category-novinky","category-silnice","tag-silnice"],"_links":{"self":[{"href":"https:\/\/www.czechcyclingfederation.com\/en\/wp-json\/wp\/v2\/posts\/4519","targetHints":{"allow":["GET"]}}],"collection":[{"href":"https:\/\/www.czechcyclingfederation.com\/en\/wp-json\/wp\/v2\/posts"}],"about":[{"href":"https:\/\/www.czechcyclingfederation.com\/en\/wp-json\/wp\/v2\/types\/post"}],"author":[{"embeddable":true,"href":"https:\/\/www.czechcyclingfederation.com\/en\/wp-json\/wp\/v2\/users\/8"}],"replies":[{"embeddable":true,"href":"https:\/\/www.czechcyclingfederation.com\/en\/wp-json\/wp\/v2\/comments?post=4519"}],"version-history":[{"count":2,"href":"https:\/\/www.czechcyclingfederation.com\/en\/wp-json\/wp\/v2\/posts\/4519\/revisions"}],"predecessor-version":[{"id":4526,"href":"https:\/\/www.czechcyclingfederation.com\/en\/wp-json\/wp\/v2\/posts\/4519\/revisions\/4526"}],"wp:featuredmedia":[{"embeddable":true,"href":"https:\/\/www.czechcyclingfederation.com\/en\/wp-json\/wp\/v2\/media\/4520"}],"wp:attachment":[{"href":"https:\/\/www.czechcyclingfederation.com\/en\/wp-json\/wp\/v2\/media?parent=4519"}],"wp:term":[{"taxonomy":"category","embeddable":true,"href":"https:\/\/www.czechcyclingfederation.com\/en\/wp-json\/wp\/v2\/categories?post=4519"},{"taxonomy":"post_tag","embeddable":true,"href":"https:\/\/www.czechcyclingfederation.com\/en\/wp-json\/wp\/v2\/tags?post=4519"}],"curies":[{"name":"wp","href":"https:\/\/api.w.org\/{rel}","templated":true}]}}