{"id":4479,"date":"2021-05-25T16:18:12","date_gmt":"2021-05-25T14:18:12","guid":{"rendered":"https:\/\/www.czechcyclingfederation.com\/?p=4479"},"modified":"2021-05-25T16:18:12","modified_gmt":"2021-05-25T14:18:12","slug":"techniserv-cup-kyjovske-slovacko-bez-casovky","status":"publish","type":"post","link":"https:\/\/www.czechcyclingfederation.com\/en\/techniserv-cup-kyjovske-slovacko-bez-casovky\/","title":{"rendered":"Techniserv Cup &#8211; Kyjovsk\u00e9 Slov\u00e1cko bez \u010dasovky"},"content":{"rendered":"\n<p>Druh\u00fd \u010dervnov\u00fd v\u00edkend se mlad\u00ed \u010de\u0161t\u00ed silni\u010d\u00e1\u0159i a \u017eeny sejdou na z\u00e1vodech v Kyjov\u011b. V ned\u011bli 13. \u010dervna se tam uskute\u010dn\u00ed t\u0159et\u00ed d\u00edl silni\u010dn\u00edho Techniserv Cupu &#8211; Kyjovsk\u00e9 Slov\u00e1cko a v den p\u0159edt\u00edm z\u00e1vody Carla kriterijn\u00ed ligy. Poprv\u00e9 se v\u00a0leto\u0161n\u00ed sezon\u011b na startu objev\u00ed i kategorie \u017e\u00e1k\u016f.<\/p>\n\n\n\n<p>P\u016fvodn\u011b se m\u011bla jet v sobotu \u010dasovka v r\u00e1mci Techniserv cupu, ale bohu\u017eel se neuskute\u010dn\u00ed a m\u00edsto toho bude krit\u00e9rium za\u0159azen\u00e9 do Carla kriterijn\u00ed ligy.<\/p>\n\n\n\n<p>&#8220;\u010cP ml\u00e1de\u017ee a \u017een \u2013 Techniserv Cup, m\u011bl na Slov\u00e1cku netradi\u010dn\u011b zav\u00edtat do Str\u00e1\u017enice, bohu\u017eel kv\u016fli obj\u00edzdn\u00e9 trase a v\u00fdstavb\u011b kruhov\u00e9ho objezdu ve vedlej\u0161\u00edm m\u011bst\u011b, se zde z\u00e1vod nem\u016f\u017ee uskute\u010dnit. Ji\u017e to vypadalo, \u017ee se poda\u0159\u00ed zajistit n\u00e1hradn\u00ed trasu sm\u011brem z Kyjova na \u017dd\u00e1nice. Dot\u010den\u00e9 obce byly nejprve nad\u0161eny, ale po zji\u0161t\u011bn\u00ed, \u017ee by zde bylo po cel\u00fd den dopravn\u00ed omezen\u00ed, kladly podm\u00ednky, za kter\u00fdch by se \u010dasovky mohlo \u00fa\u010dastnit jen velice m\u00e1lo z\u00e1vodn\u00edk\u016f a na to po\u0159adatel necht\u011bl p\u0159istoupit,&#8221; \u0159ekl za po\u0159adatele Jakub Kratochv\u00edla z Dacom Pharma Kyjov.<\/p>\n\n\n\n<p>&#8220;Kyjovsk\u00e9 Slov\u00e1cko nakonec prob\u011bhne tradi\u010dn\u011b. V sobotu se pojede krit\u00e9rium na star\u00e9 trase, ale nov\u011b zrekonstruovan\u00e9 silnici v Kyjov\u011b. V ned\u011bli silni\u010dn\u00ed z\u00e1vod, na podobn\u00e9m okruhu jako v lo\u0148sk\u00e9m roce, kter\u00fd v\u0161ak bude prodlou\u017een o prudk\u00e9 stoup\u00e1n\u00ed v obci Kostelec sm\u011brem na Moravy,&#8221; dodal Kratochv\u00edla.<\/p>\n\n\n\n<p>FOTO Josef Janda<\/p>\n","protected":false},"excerpt":{"rendered":"<p>Druh\u00fd \u010dervnov\u00fd v\u00edkend se mlad\u00ed \u010de\u0161t\u00ed silni\u010d\u00e1\u0159i a \u017eeny sejdou na z\u00e1vodech v Kyjov\u011b. V ned\u011bli 13. \u010dervna se tam uskute\u010dn\u00ed t\u0159et\u00ed d\u00edl silni\u010dn\u00edho Techniserv Cupu &#8211; Kyjovsk\u00e9 Slov\u00e1cko a v den p\u0159edt\u00edm z\u00e1vody Carla kriterijn\u00ed ligy. Poprv\u00e9 se v\u00a0leto\u0161n\u00ed sezon\u011b na startu objev\u00ed i kategorie \u017e\u00e1k\u016f. P\u016fvodn\u011b se m\u011bla jet v sobotu \u010dasovka v [&hellip;]<\/p>\n","protected":false},"author":8,"featured_media":4480,"comment_status":"closed","ping_status":"open","sticky":false,"template":"","format":"standard","meta":{"footnotes":""},"categories":[2,18],"tags":[11],"class_list":["post-4479","post","type-post","status-publish","format-standard","has-post-thumbnail","hentry","category-novinky","category-silnice","tag-silnice"],"_links":{"self":[{"href":"https:\/\/www.czechcyclingfederation.com\/en\/wp-json\/wp\/v2\/posts\/4479","targetHints":{"allow":["GET"]}}],"collection":[{"href":"https:\/\/www.czechcyclingfederation.com\/en\/wp-json\/wp\/v2\/posts"}],"about":[{"href":"https:\/\/www.czechcyclingfederation.com\/en\/wp-json\/wp\/v2\/types\/post"}],"author":[{"embeddable":true,"href":"https:\/\/www.czechcyclingfederation.com\/en\/wp-json\/wp\/v2\/users\/8"}],"replies":[{"embeddable":true,"href":"https:\/\/www.czechcyclingfederation.com\/en\/wp-json\/wp\/v2\/comments?post=4479"}],"version-history":[{"count":1,"href":"https:\/\/www.czechcyclingfederation.com\/en\/wp-json\/wp\/v2\/posts\/4479\/revisions"}],"predecessor-version":[{"id":4481,"href":"https:\/\/www.czechcyclingfederation.com\/en\/wp-json\/wp\/v2\/posts\/4479\/revisions\/4481"}],"wp:featuredmedia":[{"embeddable":true,"href":"https:\/\/www.czechcyclingfederation.com\/en\/wp-json\/wp\/v2\/media\/4480"}],"wp:attachment":[{"href":"https:\/\/www.czechcyclingfederation.com\/en\/wp-json\/wp\/v2\/media?parent=4479"}],"wp:term":[{"taxonomy":"category","embeddable":true,"href":"https:\/\/www.czechcyclingfederation.com\/en\/wp-json\/wp\/v2\/categories?post=4479"},{"taxonomy":"post_tag","embeddable":true,"href":"https:\/\/www.czechcyclingfederation.com\/en\/wp-json\/wp\/v2\/tags?post=4479"}],"curies":[{"name":"wp","href":"https:\/\/api.w.org\/{rel}","templated":true}]}}