{"id":4469,"date":"2021-05-25T10:52:19","date_gmt":"2021-05-25T08:52:19","guid":{"rendered":"https:\/\/www.czechcyclingfederation.com\/?p=4469"},"modified":"2021-05-26T09:19:52","modified_gmt":"2021-05-26T07:19:52","slug":"csc-vypisuje-vr-poskytovani-sluzeb-cestovniho-ruchu-za-ucelem-vyjezdu-statni-reprezentace-a-scm","status":"publish","type":"post","link":"https:\/\/www.czechcyclingfederation.com\/en\/csc-vypisuje-vr-poskytovani-sluzeb-cestovniho-ruchu-za-ucelem-vyjezdu-statni-reprezentace-a-scm\/","title":{"rendered":"\u010cSC vypisuje v\u00fdb\u011brov\u00e9 \u0159\u00edzen\u00ed: Poskytov\u00e1n\u00ed slu\u017eeb cestovn\u00edho ruchu"},"content":{"rendered":"\n<p>P\u0159edm\u011btem ve\u0159ejn\u00e9 zak\u00e1zky je zaji\u0161t\u011bn\u00ed slu\u017eeb cestovn\u00edho ruchu za \u00fa\u010delem zaji\u0161t\u011bn\u00ed v\u00fdjezd\u016f st\u00e1tn\u00ed reprezentace pro \u010cesk\u00fd svaz cyklistiky z.s. poskytovan\u00fdch na z\u00e1klad\u011b r\u00e1mcov\u00e9 smlouvy, resp. r\u00e1mcov\u00fdch smluv, kter\u00e9 budou uzav\u00edr\u00e1ny na n\u00e1sleduj\u00edc\u00ed \u010d\u00e1sti ve\u0159ejn\u00e9 zak\u00e1zky dle jednotliv\u00fdch discipl\u00edn (silni\u010dn\u00ed cyklistika, dr\u00e1hov\u00e1 cyklistika, horsk\u00e1 kola, BMX, s\u00e1lov\u00e1 cyklistika, cyklokros), co\u017e odpov\u00edd\u00e1 specifik\u00e1m po\u017eadavk\u016f na jednotlivou ve\u0159ejnou zak\u00e1zku.<\/p>\n\n\n\n<p>Dal\u0161\u00ed informace naleznete zde: <a href=\"https:\/\/www.vhodne-uverejneni.cz\/zakazka\/poskytovani-sluzeb-cestovniho-ruchu-za-ucelem-vyjezdu-statni-reprezentace-a-scm-pro-cesky-svaz-cyklistiky-z-s\" data-type=\"URL\" data-id=\"https:\/\/www.vhodne-uverejneni.cz\/zakazka\/poskytovani-sluzeb-cestovniho-ruchu-za-ucelem-vyjezdu-statni-reprezentace-a-scm-pro-cesky-svaz-cyklistiky-z-s\">https:\/\/www.vhodne-uverejneni.cz\/zakazka\/poskytovani-sluzeb-cestovniho-ruchu-za-ucelem-vyjezdu-statni-reprezentace-a-scm-pro-cesky-svaz-cyklistiky-z-s<\/a><\/p>\n\n\n\n<p><\/p>\n\n\n\n<p><\/p>\n","protected":false},"excerpt":{"rendered":"<p>P\u0159edm\u011btem ve\u0159ejn\u00e9 zak\u00e1zky je zaji\u0161t\u011bn\u00ed slu\u017eeb cestovn\u00edho ruchu za \u00fa\u010delem zaji\u0161t\u011bn\u00ed v\u00fdjezd\u016f st\u00e1tn\u00ed reprezentace pro \u010cesk\u00fd svaz cyklistiky z.s. poskytovan\u00fdch na z\u00e1klad\u011b r\u00e1mcov\u00e9 smlouvy, resp. r\u00e1mcov\u00fdch smluv, kter\u00e9 budou uzav\u00edr\u00e1ny na n\u00e1sleduj\u00edc\u00ed \u010d\u00e1sti ve\u0159ejn\u00e9 zak\u00e1zky dle jednotliv\u00fdch discipl\u00edn (silni\u010dn\u00ed cyklistika, dr\u00e1hov\u00e1 cyklistika, horsk\u00e1 kola, BMX, s\u00e1lov\u00e1 cyklistika, cyklokros), co\u017e odpov\u00edd\u00e1 specifik\u00e1m po\u017eadavk\u016f na jednotlivou ve\u0159ejnou [&hellip;]<\/p>\n","protected":false},"author":2,"featured_media":0,"comment_status":"closed","ping_status":"open","sticky":false,"template":"","format":"standard","meta":{"footnotes":""},"categories":[28,2],"tags":[119],"class_list":["post-4469","post","type-post","status-publish","format-standard","hentry","category-cesky-svaz-cyklistiky","category-novinky","tag-csc"],"_links":{"self":[{"href":"https:\/\/www.czechcyclingfederation.com\/en\/wp-json\/wp\/v2\/posts\/4469","targetHints":{"allow":["GET"]}}],"collection":[{"href":"https:\/\/www.czechcyclingfederation.com\/en\/wp-json\/wp\/v2\/posts"}],"about":[{"href":"https:\/\/www.czechcyclingfederation.com\/en\/wp-json\/wp\/v2\/types\/post"}],"author":[{"embeddable":true,"href":"https:\/\/www.czechcyclingfederation.com\/en\/wp-json\/wp\/v2\/users\/2"}],"replies":[{"embeddable":true,"href":"https:\/\/www.czechcyclingfederation.com\/en\/wp-json\/wp\/v2\/comments?post=4469"}],"version-history":[{"count":2,"href":"https:\/\/www.czechcyclingfederation.com\/en\/wp-json\/wp\/v2\/posts\/4469\/revisions"}],"predecessor-version":[{"id":4471,"href":"https:\/\/www.czechcyclingfederation.com\/en\/wp-json\/wp\/v2\/posts\/4469\/revisions\/4471"}],"wp:attachment":[{"href":"https:\/\/www.czechcyclingfederation.com\/en\/wp-json\/wp\/v2\/media?parent=4469"}],"wp:term":[{"taxonomy":"category","embeddable":true,"href":"https:\/\/www.czechcyclingfederation.com\/en\/wp-json\/wp\/v2\/categories?post=4469"},{"taxonomy":"post_tag","embeddable":true,"href":"https:\/\/www.czechcyclingfederation.com\/en\/wp-json\/wp\/v2\/tags?post=4469"}],"curies":[{"name":"wp","href":"https:\/\/api.w.org\/{rel}","templated":true}]}}