{"id":4464,"date":"2021-05-25T10:34:33","date_gmt":"2021-05-25T08:34:33","guid":{"rendered":"https:\/\/www.czechcyclingfederation.com\/?p=4464"},"modified":"2021-05-25T10:34:33","modified_gmt":"2021-05-25T08:34:33","slug":"cesky-pohar-mladeze-a-zen-startuje-v-prostejove","status":"publish","type":"post","link":"https:\/\/www.czechcyclingfederation.com\/en\/cesky-pohar-mladeze-a-zen-startuje-v-prostejove\/","title":{"rendered":"\u010cesk\u00fd poh\u00e1r ml\u00e1de\u017ee a \u017een startuje v Prost\u011bjov\u011b"},"content":{"rendered":"\n<p>Na velodromu v Prost\u011bjov\u011b se po del\u0161\u00ed z\u00e1vodn\u00ed pauze kone\u010dn\u011b uskute\u010dn\u00ed prvn\u00ed z\u00e1vody v leto\u0161n\u00edm roce. Bude to \u00favodn\u00ed podnik \u010cesk\u00e9ho poh\u00e1ru (Velk\u00e1 cena DT &#8211;\u00a0 V\u00fdhybk\u00e1rny a stroj\u00edrny, a.s.)pro ml\u00e1de\u017enick\u00e9 kategorie a \u017eeny, kter\u00fd se uskute\u010dn\u00ed ve dnech 28.-30. kv\u011btna. Mimo p\u016fvodn\u00edch m\u011b\u0159iteln\u00fdch discipl\u00edn budou na programu hromadn\u00e9 discipl\u00edny, kter\u00e9 budou pro v\u011bt\u0161inu z\u00e1vodn\u00edk\u016f a div\u00e1k\u016f zcela jist\u011b atraktivn\u011bj\u0161\u00ed.<\/p>\n\n\n\n<p>V\u0161ichni \u00fa\u010dastn\u00edci tohoto z\u00e1vodu mus\u00ed m\u00edt negativn\u00ed v\u00fdsledek antigenn\u00edho, nebo PCR testu, kter\u00fd nesm\u00ed b\u00fdt star\u0161\u00ed ne\u017e 72hodin (u PCR testu nesm\u00ed b\u00fdt star\u0161\u00ed 7 dn\u016f), nebo potvrzen\u00ed od l\u00e9ka\u0159e o prod\u011bl\u00e1n\u00ed nemoci Covid-19, kter\u00e9 nesm\u00ed b\u00fdt star\u0161\u00ed 90 dn\u016f od prod\u011bl\u00e1n\u00ed. Nebo mus\u00ed b\u00fdt osob\u011b vystaven certifik\u00e1t Ministerstva zdravotnictv\u00ed \u010cR o proveden\u00e9m o\u010dkov\u00e1n\u00ed proti onemocn\u011bn\u00ed COVID-19 a od aplikace druh\u00e9 d\u00e1vky o\u010dkovac\u00ed l\u00e1tky v p\u0159\u00edpad\u011b dvoud\u00e1vkov\u00e9ho sch\u00e9matu podle SPC uplynulo nejm\u00e9n\u011b 14 dn\u00ed, nebo od aplikace prvn\u00ed d\u00e1vky o\u010dkovac\u00ed l\u00e1tky v p\u0159\u00edpad\u011b jednod\u00e1vkov\u00e9ho sch\u00e9matu podle SPC uplynulo nejm\u00e9n\u011b 14 dn\u016f. Na v\u0161echny t\u0159i dny sta\u010d\u00ed splnit jeden z po\u017eadavk\u016f.<\/p>\n\n\n\n<p>\u201ePros\u00edme v\u0161echny \u00fa\u010dastn\u00edky t\u011bchto z\u00e1vod\u016f, aby respektovali opat\u0159en\u00ed, zejm\u00e9na povinnost pou\u017e\u00edvat respir\u00e1tor (FFP2, nebo KN95), d\u00e1le pou\u017e\u00edvali dezinfekci a dodr\u017eovali rozestupy,\u201c \u0159\u00edk\u00e1 za po\u0159adatele Martin Cetkovsk\u00fd.<\/p>\n\n\n\n<p>Na minul\u00e9m t\u00fddnu se uskute\u010dnil v Prost\u011bjov\u011b tak\u00e9 prvn\u00ed leto\u0161n\u00ed reprezenta\u010dn\u00ed sraz \u0161ir\u0161\u00edho v\u00fdb\u011bru vytrvaleck\u00e9 dr\u00e1hov\u00e9 juniorsk\u00e9 reprezentace. \u201eZ\u00e1vodn\u00edci byli sezn\u00e1meni na tomto srazu s nomina\u010dn\u00edmi krit\u00e9ri\u00ed na MSJ a MEJ a v\u011bnovali se p\u0159ev\u00e1\u017en\u011b st\u00edhac\u00edmu z\u00e1vodu dru\u017estev a madisonu, kter\u00e9 se stanou kl\u00ed\u010dov\u00fdmi z\u00e1vody, kde bychom se cht\u011bli pokusit o n\u00e1vrat nejen do evropsk\u00e9 \u0161pi\u010dky,\u201c pokra\u010doval reprezenta\u010dn\u00ed tren\u00e9r junior\u016f pro vytrvalostn\u00ed discipl\u00edny Martin Cetkovsk\u00fd. \u201eJe to zcela jist\u011b nelehk\u00fd \u00fakol a b\u011bh na dlouhou tra\u0165, ale v\u011b\u0159me, \u017ee spole\u010dn\u00fdmi silami a touhou po v\u00edt\u011bzstv\u00ed se n\u00e1m to poda\u0159\u00ed. V\u00fdb\u011br juniorsk\u00fdch reprezentant\u016f si pak i mimo sout\u011b\u017e na prost\u011bjovsk\u00fdch z\u00e1vodech zajede st\u00edhac\u00ed z\u00e1vod dru\u017estev,\u201c dodal Cetkovsk\u00fd.<\/p>\n\n\n\n<p>FOTO Martin Cetkovsk\u00fd<\/p>\n\n\n\n<figure class=\"wp-block-image size-large\"><img loading=\"lazy\" decoding=\"async\" width=\"1024\" height=\"395\" src=\"https:\/\/www.czechcyclingfederation.com\/wp-content\/uploads\/2021\/05\/Otmar_Malecek_2018-42-1024x395.jpg\" alt=\"\" class=\"wp-image-4466\" srcset=\"https:\/\/www.czechcyclingfederation.com\/wp-content\/uploads\/2021\/05\/Otmar_Malecek_2018-42-1024x395.jpg 1024w, https:\/\/www.czechcyclingfederation.com\/wp-content\/uploads\/2021\/05\/Otmar_Malecek_2018-42-300x116.jpg 300w, https:\/\/www.czechcyclingfederation.com\/wp-content\/uploads\/2021\/05\/Otmar_Malecek_2018-42-768x296.jpg 768w, https:\/\/www.czechcyclingfederation.com\/wp-content\/uploads\/2021\/05\/Otmar_Malecek_2018-42-1536x592.jpg 1536w, https:\/\/www.czechcyclingfederation.com\/wp-content\/uploads\/2021\/05\/Otmar_Malecek_2018-42-1320x509.jpg 1320w, https:\/\/www.czechcyclingfederation.com\/wp-content\/uploads\/2021\/05\/Otmar_Malecek_2018-42.jpg 1920w\" sizes=\"auto, (max-width: 1024px) 100vw, 1024px\" \/><\/figure>\n","protected":false},"excerpt":{"rendered":"<p>Na velodromu v Prost\u011bjov\u011b se po del\u0161\u00ed z\u00e1vodn\u00ed pauze kone\u010dn\u011b uskute\u010dn\u00ed prvn\u00ed z\u00e1vody v leto\u0161n\u00edm roce. Bude to \u00favodn\u00ed podnik \u010cesk\u00e9ho poh\u00e1ru (Velk\u00e1 cena DT &#8211;\u00a0 V\u00fdhybk\u00e1rny a stroj\u00edrny, a.s.)pro ml\u00e1de\u017enick\u00e9 kategorie a \u017eeny, kter\u00fd se uskute\u010dn\u00ed ve dnech 28.-30. kv\u011btna. Mimo p\u016fvodn\u00edch m\u011b\u0159iteln\u00fdch discipl\u00edn budou na programu hromadn\u00e9 discipl\u00edny, kter\u00e9 budou pro v\u011bt\u0161inu z\u00e1vodn\u00edk\u016f [&hellip;]<\/p>\n","protected":false},"author":8,"featured_media":4465,"comment_status":"closed","ping_status":"open","sticky":false,"template":"","format":"standard","meta":{"footnotes":""},"categories":[54,2],"tags":[9],"class_list":["post-4464","post","type-post","status-publish","format-standard","has-post-thumbnail","hentry","category-draha","category-novinky","tag-draha"],"_links":{"self":[{"href":"https:\/\/www.czechcyclingfederation.com\/en\/wp-json\/wp\/v2\/posts\/4464","targetHints":{"allow":["GET"]}}],"collection":[{"href":"https:\/\/www.czechcyclingfederation.com\/en\/wp-json\/wp\/v2\/posts"}],"about":[{"href":"https:\/\/www.czechcyclingfederation.com\/en\/wp-json\/wp\/v2\/types\/post"}],"author":[{"embeddable":true,"href":"https:\/\/www.czechcyclingfederation.com\/en\/wp-json\/wp\/v2\/users\/8"}],"replies":[{"embeddable":true,"href":"https:\/\/www.czechcyclingfederation.com\/en\/wp-json\/wp\/v2\/comments?post=4464"}],"version-history":[{"count":1,"href":"https:\/\/www.czechcyclingfederation.com\/en\/wp-json\/wp\/v2\/posts\/4464\/revisions"}],"predecessor-version":[{"id":4467,"href":"https:\/\/www.czechcyclingfederation.com\/en\/wp-json\/wp\/v2\/posts\/4464\/revisions\/4467"}],"wp:featuredmedia":[{"embeddable":true,"href":"https:\/\/www.czechcyclingfederation.com\/en\/wp-json\/wp\/v2\/media\/4465"}],"wp:attachment":[{"href":"https:\/\/www.czechcyclingfederation.com\/en\/wp-json\/wp\/v2\/media?parent=4464"}],"wp:term":[{"taxonomy":"category","embeddable":true,"href":"https:\/\/www.czechcyclingfederation.com\/en\/wp-json\/wp\/v2\/categories?post=4464"},{"taxonomy":"post_tag","embeddable":true,"href":"https:\/\/www.czechcyclingfederation.com\/en\/wp-json\/wp\/v2\/tags?post=4464"}],"curies":[{"name":"wp","href":"https:\/\/api.w.org\/{rel}","templated":true}]}}