{"id":4458,"date":"2021-05-24T17:12:21","date_gmt":"2021-05-24T15:12:21","guid":{"rendered":"https:\/\/www.czechcyclingfederation.com\/?p=4458"},"modified":"2021-05-24T17:12:21","modified_gmt":"2021-05-24T15:12:21","slug":"zemrel-milan-puzrla","status":"publish","type":"post","link":"https:\/\/www.czechcyclingfederation.com\/en\/zemrel-milan-puzrla\/","title":{"rendered":"Zem\u0159el Milan Puzrla"},"content":{"rendered":"\n<p>Kr\u00e1tce po do\u017eit\u00ed p\u011btasedmdes\u00e1ti let zem\u0159el dnes r\u00e1no b\u00fdval\u00fd \u00fasp\u011b\u0161n\u00fd \u010desk\u00fd dr\u00e1ha\u0159 i silni\u010d\u00e1\u0159 Milan Puzrla. Rod\u00e1k z Lan\u017ehota na ji\u017en\u00ed Morav\u011b p\u0159i\u0161el k cyklistice jako v\u011bt\u0161ina p\u0159\u00edslu\u0161n\u00edk\u016f jeho generace. Hr\u00e1l fotbal a hokej a na kole jezdil jen tak jako v\u011bt\u0161ina kluk\u016f. A\u017e v Lokomotiv\u011b Bratislava ho kamar\u00e1di p\u0159emluvili, aby to zkusil s cyklistikou. Ji\u017e v roce 1964 vybojovali v Praze p\u0159ebornick\u00fd titul v bratislavsk\u00e9m t\u00fdmu ve st\u00edhac\u00edm z\u00e1vodu.<\/p>\n\n\n\n<p>\u010ceskoslovenskou republiku reprezentoval dvan\u00e1ct let, byl \u010dtrn\u00e1ctkr\u00e1t mistrem republiky ve st\u00edha\u010dce jednotlivc\u016f, dru\u017estev a dvojic a tak\u00e9 v silni\u010dn\u00ed \u010dasovce t\u00fdm\u016f. K tomu z\u00edskal dev\u011bt st\u0159\u00edbrn\u00fdch a \u010dty\u0159i bronzov\u00e9 medaile.<\/p>\n\n\n\n<p>Medaile m\u00e1 i ze sv\u011btov\u00fdch \u0161ampion\u00e1t\u016f. Ve st\u00edha\u010dce dru\u017estev vybojoval bronz na MS v roce 1965 v San Sebastianu 1965 a o p\u011bt let pozd\u011bji s Mainu\u0161em, Matou\u0161kem a \u0158ez\u00e1\u010dem v Leicesteru p\u0159isp\u011bl k zisku st\u0159\u00edbra v \u010dasovce dru\u017estev na 100 km. Po skon\u010den\u00ed aktivn\u00ed dr\u00e1hy Milan Puzrla p\u016fsobil jako tren\u00e9r.<\/p>\n\n\n\n<figure class=\"wp-block-image size-large\"><img loading=\"lazy\" decoding=\"async\" width=\"694\" height=\"1024\" src=\"http:\/\/www.czechcyclingfederation.com\/wp-content\/uploads\/2021\/04\/Puzrma-1-694x1024.jpg\" alt=\"\" class=\"wp-image-3976\" srcset=\"https:\/\/www.czechcyclingfederation.com\/wp-content\/uploads\/2021\/04\/Puzrma-1-694x1024.jpg 694w, https:\/\/www.czechcyclingfederation.com\/wp-content\/uploads\/2021\/04\/Puzrma-1-136x200.jpg 136w, https:\/\/www.czechcyclingfederation.com\/wp-content\/uploads\/2021\/04\/Puzrma-1-768x1133.jpg 768w, https:\/\/www.czechcyclingfederation.com\/wp-content\/uploads\/2021\/04\/Puzrma-1.jpg 863w\" sizes=\"auto, (max-width: 694px) 100vw, 694px\" \/><\/figure>\n","protected":false},"excerpt":{"rendered":"<p>Kr\u00e1tce po do\u017eit\u00ed p\u011btasedmdes\u00e1ti let zem\u0159el dnes r\u00e1no b\u00fdval\u00fd \u00fasp\u011b\u0161n\u00fd \u010desk\u00fd dr\u00e1ha\u0159 i silni\u010d\u00e1\u0159 Milan Puzrla. Rod\u00e1k z Lan\u017ehota na ji\u017en\u00ed Morav\u011b p\u0159i\u0161el k cyklistice jako v\u011bt\u0161ina p\u0159\u00edslu\u0161n\u00edk\u016f jeho generace. Hr\u00e1l fotbal a hokej a na kole jezdil jen tak jako v\u011bt\u0161ina kluk\u016f. A\u017e v Lokomotiv\u011b Bratislava ho kamar\u00e1di p\u0159emluvili, aby to zkusil s cyklistikou. [&hellip;]<\/p>\n","protected":false},"author":8,"featured_media":4459,"comment_status":"closed","ping_status":"open","sticky":false,"template":"","format":"standard","meta":{"footnotes":""},"categories":[2,65],"tags":[],"class_list":["post-4458","post","type-post","status-publish","format-standard","has-post-thumbnail","hentry","category-novinky","category-subdisciplina"],"_links":{"self":[{"href":"https:\/\/www.czechcyclingfederation.com\/en\/wp-json\/wp\/v2\/posts\/4458","targetHints":{"allow":["GET"]}}],"collection":[{"href":"https:\/\/www.czechcyclingfederation.com\/en\/wp-json\/wp\/v2\/posts"}],"about":[{"href":"https:\/\/www.czechcyclingfederation.com\/en\/wp-json\/wp\/v2\/types\/post"}],"author":[{"embeddable":true,"href":"https:\/\/www.czechcyclingfederation.com\/en\/wp-json\/wp\/v2\/users\/8"}],"replies":[{"embeddable":true,"href":"https:\/\/www.czechcyclingfederation.com\/en\/wp-json\/wp\/v2\/comments?post=4458"}],"version-history":[{"count":1,"href":"https:\/\/www.czechcyclingfederation.com\/en\/wp-json\/wp\/v2\/posts\/4458\/revisions"}],"predecessor-version":[{"id":4460,"href":"https:\/\/www.czechcyclingfederation.com\/en\/wp-json\/wp\/v2\/posts\/4458\/revisions\/4460"}],"wp:featuredmedia":[{"embeddable":true,"href":"https:\/\/www.czechcyclingfederation.com\/en\/wp-json\/wp\/v2\/media\/4459"}],"wp:attachment":[{"href":"https:\/\/www.czechcyclingfederation.com\/en\/wp-json\/wp\/v2\/media?parent=4458"}],"wp:term":[{"taxonomy":"category","embeddable":true,"href":"https:\/\/www.czechcyclingfederation.com\/en\/wp-json\/wp\/v2\/categories?post=4458"},{"taxonomy":"post_tag","embeddable":true,"href":"https:\/\/www.czechcyclingfederation.com\/en\/wp-json\/wp\/v2\/tags?post=4458"}],"curies":[{"name":"wp","href":"https:\/\/api.w.org\/{rel}","templated":true}]}}