{"id":4454,"date":"2021-05-24T17:09:02","date_gmt":"2021-05-24T15:09:02","guid":{"rendered":"https:\/\/www.czechcyclingfederation.com\/?p=4454"},"modified":"2021-05-24T17:09:02","modified_gmt":"2021-05-24T15:09:02","slug":"jeseniky-privitaji-svetovou-elitu-u23","status":"publish","type":"post","link":"https:\/\/www.czechcyclingfederation.com\/en\/jeseniky-privitaji-svetovou-elitu-u23\/","title":{"rendered":"Jesen\u00edky p\u0159iv\u00edtaj\u00ed sv\u011btovou elitu U23"},"content":{"rendered":"\n<p>Bez nads\u00e1zky lze \u0159\u00edci, \u017ee Jesen\u00edky tvo\u0159\u00ed budouc\u00ed sv\u011btov\u00e9 cyklistick\u00e9 hv\u011bzdy. Ji\u017e za p\u00e1r dn\u00ed startuje jarn\u00ed sportovn\u00ed ud\u00e1lost na Morav\u011b, kterou je Z\u00e1vod m\u00edru U23 Gran Prix Jesen\u00edk. Ten v minulosti stvo\u0159il nejednu hv\u011bzdu. Jen p\u0159ipome\u0148me co se stalo minul\u00fd rok. Slovinec Tadej Poga\u010dar vyhr\u00e1l Tour de France a letos jde od v\u00edt\u011bzstv\u00ed k v\u00edt\u011bzstv\u00ed. \u0160v\u00fdcar Marc Hirschi zv\u00edt\u011bzil v etap\u011b na Tour de France, Brit Geoghean Harth vyhr\u00e1l italsk\u00e9 Giro a Julian Alaphilippe z\u00a0Francie se stal v Imole mistrem sv\u011bta. To je jen p\u00e1r jmen, kter\u00e9 dnes vl\u00e1dnou sv\u011btov\u00e9 cyklistice. A ti v\u0161ichni up\u011bli v\u00a0minul\u00fdch letech i v\u00a0Jesen\u00edk\u00e1ch.<\/p>\n\n\n\n<p>A co rok 2021 vlastn\u011b nab\u00eddne? Skv\u011blou cyklistiku, proto\u017ee kdo m\u00e1 b\u00fdt ze sv\u011btov\u00e9 \u0161pi\u010dky t\u00e9to v\u011bkov\u00e9 kategorie na startu, tak v Jesen\u00edkach bude. Reprezenta\u010dn\u00ed t\u00fdmy nenech\u00e1vaj\u00ed nic n\u00e1hod\u011b a p\u0159ijedou do Jesen\u00edku u\u017e v ned\u011bli.<\/p>\n\n\n\n<p>A od \u010dtvrtku 3. \u010dervna se za\u010dne odehr\u00e1vat cyklistick\u00e1 jesenick\u00e1 bitva. Za\u010d\u00edn\u00e1 se atraktivn\u00edm prologem p\u0159\u00edmo v centru Jesen\u00edku na trati dlouh\u00e9 3,4 kilometru. V obrovsk\u00e9m tempu rychl\u00e9 zat\u00e1\u010dky, no prost\u011b skv\u011bl\u00e1 pod\u00edvan\u00e1 v podve\u010der dne.<\/p>\n\n\n\n<p>V p\u00e1tek za\u010dne pozn\u00e1v\u00e1n\u00ed kr\u00e1s Jesen\u00edk\u016f. Etapa z Jesen\u00edku do R\u00fdma\u0159ova, kde c\u00edl je na N\u00e1m\u011bst\u00ed m\u00edru, se odehraje jist\u011b dramatick\u00fd spurt. Ale je\u0161t\u011b p\u0159ed t\u00edm mus\u00ed z\u00e1vodn\u00edci absolvovat t\u0159i okruhy okolo R\u00fdma\u0159ova, i p\u00e1r jesenick\u00fdch ,,brdk\u016f&#8221;. Za\u010d\u00edn\u00e1 se na Ramzovsk\u00e9m sedle, pot\u00e9 p\u0159ijde na \u0159adu nov\u011b P\u0159emyslovsk\u00e9 sedlo a dlouh\u00fd Sk\u0159\u00edtek. Celkem 131 kilometr\u016f a k tomu 1880 nastoupan\u00fdch metr\u016f, jak n\u011bkte\u0159\u00ed definuj\u00ed \u2013 etapa pro klasik\u00e1\u0159e.<\/p>\n\n\n\n<p>V sobotu po\u0159adatel\u00e9 zvolili jako starovn\u00ed m\u011bsto Brunt\u00e1l kde d\u0159\u00edve startovalo mnoho cyklistick\u00fdch z\u00e1vod\u016f. Veden\u00ed m\u011bsta se k z\u00e1vodu postavilo skv\u011ble a \u010dek\u00e1 n\u00e1s zaj\u00edmav\u00e1 cyklistika. Ji\u017e jen okruh okolo Brunt\u00e1lu nenech\u00e1 nikoho na pochyb\u00e1ch, \u017ee to bude velk\u00e1 cyklistick\u00e1 d\u0159ina. Prost\u011b bude to nahoru dolu &#8211; horsk\u00e9 pr\u00e9mie T\u0159eme\u0161ek, Hrab\u011b\u0161ice a p\u0159ijde velk\u00e9 fin\u00e1le: dvakr\u00e1t v\u00fdjezd Uhl\u00ed\u0159skou cestou na horn\u00ed n\u00e1dr\u017e Dlouh\u00e9 str\u00e1n\u011b. Ale je\u0161t\u011b p\u0159ed t\u00edm ,,rychlostn\u00ed&#8221; z\u00e1vod z kopce ke spodn\u00ed n\u00e1dr\u017ei. P\u0159edloni zde Marc Hirchi jel neuv\u011b\u0159itelnou rychlost\u00ed 113 km\/h. Ale vra\u0165me se k velk\u00e9mu fin\u00e1le. Na deseti kilometrech p\u0159ev\u00fd\u0161en\u00ed p\u0159es 800 metr\u016f, tedy \u00fasek kde etapu rozhoduj\u00ed budouc\u00ed \u0161ampioni sv\u011btov\u00e9 cyklistiky.<\/p>\n\n\n\n<p>Ned\u011bli lze ozna\u010dit za den ,,D&#8221;. Putov\u00e1n\u00ed po Jesen\u00edk\u00e1ch m\u011b\u0159\u00ed 168 km a tato etapa m\u00e1 opravdov\u00e9 v\u00edt\u011bze: Tadej Poga\u010dar, David Gaudu, Andreas Leknessund,&nbsp; v\u0161ichni nyn\u00ed ji\u017e respektovan\u00ed borci sv\u011btov\u00e9ho pelotonu. Ale mlad\u00edky nap\u0159ed \u010dek\u00e1 \u00favod etapy, kter\u00fd se odehraje na \u010desko-polsk\u00e9 hranici a pak za\u010dne jesenick\u00e9 peklo. Horsk\u00e9 pr\u00e9mie Rejv\u00edz, P\u0159\u00ed\u010dn\u00fd vrch, Kosteln\u00ed vrch bud\u00ed respekt a na z\u00e1v\u011br velk\u00e9 fin\u00e1le. Letos nebude p\u0159es Karlovu Stud\u00e1nlu, Lyru, Vidly kde prob\u00edh\u00e1 rekonstrukce vozovky, ale p\u0159es And\u011blskou horu, Vrbno pod Prad\u011bdem, Jelen\u00ed vrch, P\u0159\u00ed\u010dn\u00fd vrch a z Doln\u00edho \u00fadol\u00ed sedmikilometrov\u00e9 stoup\u00e1n\u00ed na Rejv\u00edz odkud je do c\u00edle \u010dtrn\u00e1ct kilometr\u016f. A nov\u00e9ho \u0161ampiona p\u0159iv\u00edt\u00e1me v Jesen\u00edku na Masarykov\u011b n\u00e1m\u011bst\u00ed p\u0159ibli\u017en\u011b ve 14:40.<\/p>\n\n\n\n<p>FOTO Jan Brychta<\/p>\n\n\n\n<figure class=\"wp-block-image size-large\"><img loading=\"lazy\" decoding=\"async\" width=\"800\" height=\"533\" src=\"https:\/\/www.czechcyclingfederation.com\/wp-content\/uploads\/2021\/05\/ilustrace-5.jpg\" alt=\"\" class=\"wp-image-4456\" srcset=\"https:\/\/www.czechcyclingfederation.com\/wp-content\/uploads\/2021\/05\/ilustrace-5.jpg 800w, https:\/\/www.czechcyclingfederation.com\/wp-content\/uploads\/2021\/05\/ilustrace-5-300x200.jpg 300w, https:\/\/www.czechcyclingfederation.com\/wp-content\/uploads\/2021\/05\/ilustrace-5-768x512.jpg 768w\" sizes=\"auto, (max-width: 800px) 100vw, 800px\" \/><\/figure>\n","protected":false},"excerpt":{"rendered":"<p>Bez nads\u00e1zky lze \u0159\u00edci, \u017ee Jesen\u00edky tvo\u0159\u00ed budouc\u00ed sv\u011btov\u00e9 cyklistick\u00e9 hv\u011bzdy. Ji\u017e za p\u00e1r dn\u00ed startuje jarn\u00ed sportovn\u00ed ud\u00e1lost na Morav\u011b, kterou je Z\u00e1vod m\u00edru U23 Gran Prix Jesen\u00edk. Ten v minulosti stvo\u0159il nejednu hv\u011bzdu. Jen p\u0159ipome\u0148me co se stalo minul\u00fd rok. Slovinec Tadej Poga\u010dar vyhr\u00e1l Tour de France a letos jde od v\u00edt\u011bzstv\u00ed k [&hellip;]<\/p>\n","protected":false},"author":8,"featured_media":4455,"comment_status":"closed","ping_status":"open","sticky":false,"template":"","format":"standard","meta":{"footnotes":""},"categories":[2,18],"tags":[11],"class_list":["post-4454","post","type-post","status-publish","format-standard","has-post-thumbnail","hentry","category-novinky","category-silnice","tag-silnice"],"_links":{"self":[{"href":"https:\/\/www.czechcyclingfederation.com\/en\/wp-json\/wp\/v2\/posts\/4454","targetHints":{"allow":["GET"]}}],"collection":[{"href":"https:\/\/www.czechcyclingfederation.com\/en\/wp-json\/wp\/v2\/posts"}],"about":[{"href":"https:\/\/www.czechcyclingfederation.com\/en\/wp-json\/wp\/v2\/types\/post"}],"author":[{"embeddable":true,"href":"https:\/\/www.czechcyclingfederation.com\/en\/wp-json\/wp\/v2\/users\/8"}],"replies":[{"embeddable":true,"href":"https:\/\/www.czechcyclingfederation.com\/en\/wp-json\/wp\/v2\/comments?post=4454"}],"version-history":[{"count":1,"href":"https:\/\/www.czechcyclingfederation.com\/en\/wp-json\/wp\/v2\/posts\/4454\/revisions"}],"predecessor-version":[{"id":4457,"href":"https:\/\/www.czechcyclingfederation.com\/en\/wp-json\/wp\/v2\/posts\/4454\/revisions\/4457"}],"wp:featuredmedia":[{"embeddable":true,"href":"https:\/\/www.czechcyclingfederation.com\/en\/wp-json\/wp\/v2\/media\/4455"}],"wp:attachment":[{"href":"https:\/\/www.czechcyclingfederation.com\/en\/wp-json\/wp\/v2\/media?parent=4454"}],"wp:term":[{"taxonomy":"category","embeddable":true,"href":"https:\/\/www.czechcyclingfederation.com\/en\/wp-json\/wp\/v2\/categories?post=4454"},{"taxonomy":"post_tag","embeddable":true,"href":"https:\/\/www.czechcyclingfederation.com\/en\/wp-json\/wp\/v2\/tags?post=4454"}],"curies":[{"name":"wp","href":"https:\/\/api.w.org\/{rel}","templated":true}]}}