{"id":4450,"date":"2021-05-24T16:45:16","date_gmt":"2021-05-24T14:45:16","guid":{"rendered":"https:\/\/www.czechcyclingfederation.com\/?p=4450"},"modified":"2021-05-24T16:46:41","modified_gmt":"2021-05-24T14:46:41","slug":"rugovac-v-omniu-v-singenu-paty","status":"publish","type":"post","link":"https:\/\/www.czechcyclingfederation.com\/en\/rugovac-v-omniu-v-singenu-paty\/","title":{"rendered":"Rugovac v omniu v Singenu p\u00e1t\u00fd"},"content":{"rendered":"\n<p>Denis Rugovac z&nbsp;Dukly Praha vybojoval v&nbsp;olympijsk\u00e9m omniu na velodromu v&nbsp;n\u011bmeck\u00e9m Singenu p\u0159i z\u00e1vodech I. kategorie UCI v\u00fdborn\u00e9 p\u00e1t\u00e9 m\u00edsto.&nbsp; Na zkr\u00e1cen\u00e9m tradi\u010dn\u00edm kl\u00e1n\u00ed 3Bahnentournee se se\u0161la velice kvalitn\u00ed konkurence a z\u00e1vody byly hodn\u011b vyrovnan\u00e9.<\/p>\n\n\n\n<p>Po kvalifikaci rozjel omnium Rugovac dev\u00e1t\u00fdm m\u00edstem ve scratchi, v&nbsp;prvenstv\u00ed na p\u00e1sce skon\u010dil osm\u00fd. Zlom nastal ve vylu\u010dovac\u00edm z\u00e1vodu, kde obsadil p\u00e1tou pozici. V&nbsp;z\u00e1v\u011bre\u010dn\u00e9 bodova\u010dce tvo\u0159il z\u00e1vod, uj\u00ed\u017ed\u011bl a p\u0159edev\u0161\u00edm sb\u00edral body a posunul se na p\u00e1t\u00e9 m\u00edsto, kter\u00e9 udr\u017eel i p\u0159es z\u00e1v\u011bre\u010dn\u00fd tlak \u0160v\u00fdcara Margueta.<\/p>\n\n\n\n<p>V\u00fdsledky:<\/p>\n\n\n\n<p>Omnium:<\/p>\n\n\n\n<p>1. Teutenberg (N\u011bm.), 2. Glady\u0161 (Ukr.), 3. De Lisi (\u0160v\u00fdc.), 4. Carenko (Ukr.), 5. Rugovac, &#8230;21. Vone\u0161 (oba \u010cR).<\/p>\n\n\n\n<p>FOTO Luk\u00e1\u0161 Thun<\/p>\n\n\n\n<figure class=\"wp-block-image size-large\"><img loading=\"lazy\" decoding=\"async\" width=\"768\" height=\"1024\" src=\"http:\/\/www.czechcyclingfederation.com\/wp-content\/uploads\/2021\/05\/IMG-20210524-WA0001-768x1024.jpg\" alt=\"\" class=\"wp-image-4451\" srcset=\"https:\/\/www.czechcyclingfederation.com\/wp-content\/uploads\/2021\/05\/IMG-20210524-WA0001-768x1024.jpg 768w, https:\/\/www.czechcyclingfederation.com\/wp-content\/uploads\/2021\/05\/IMG-20210524-WA0001-150x200.jpg 150w, https:\/\/www.czechcyclingfederation.com\/wp-content\/uploads\/2021\/05\/IMG-20210524-WA0001-1152x1536.jpg 1152w, https:\/\/www.czechcyclingfederation.com\/wp-content\/uploads\/2021\/05\/IMG-20210524-WA0001.jpg 1200w\" sizes=\"auto, (max-width: 768px) 100vw, 768px\" \/><\/figure>\n","protected":false},"excerpt":{"rendered":"<p>Denis Rugovac z&nbsp;Dukly Praha vybojoval v&nbsp;olympijsk\u00e9m omniu na velodromu v&nbsp;n\u011bmeck\u00e9m Singenu p\u0159i z\u00e1vodech I. kategorie UCI v\u00fdborn\u00e9 p\u00e1t\u00e9 m\u00edsto.&nbsp; Na zkr\u00e1cen\u00e9m tradi\u010dn\u00edm kl\u00e1n\u00ed 3Bahnentournee se se\u0161la velice kvalitn\u00ed konkurence a z\u00e1vody byly hodn\u011b vyrovnan\u00e9. Po kvalifikaci rozjel omnium Rugovac dev\u00e1t\u00fdm m\u00edstem ve scratchi, v&nbsp;prvenstv\u00ed na p\u00e1sce skon\u010dil osm\u00fd. Zlom nastal ve vylu\u010dovac\u00edm z\u00e1vodu, kde obsadil [&hellip;]<\/p>\n","protected":false},"author":8,"featured_media":4451,"comment_status":"closed","ping_status":"open","sticky":false,"template":"","format":"standard","meta":{"footnotes":""},"categories":[54,2],"tags":[9],"class_list":["post-4450","post","type-post","status-publish","format-standard","has-post-thumbnail","hentry","category-draha","category-novinky","tag-draha"],"_links":{"self":[{"href":"https:\/\/www.czechcyclingfederation.com\/en\/wp-json\/wp\/v2\/posts\/4450","targetHints":{"allow":["GET"]}}],"collection":[{"href":"https:\/\/www.czechcyclingfederation.com\/en\/wp-json\/wp\/v2\/posts"}],"about":[{"href":"https:\/\/www.czechcyclingfederation.com\/en\/wp-json\/wp\/v2\/types\/post"}],"author":[{"embeddable":true,"href":"https:\/\/www.czechcyclingfederation.com\/en\/wp-json\/wp\/v2\/users\/8"}],"replies":[{"embeddable":true,"href":"https:\/\/www.czechcyclingfederation.com\/en\/wp-json\/wp\/v2\/comments?post=4450"}],"version-history":[{"count":2,"href":"https:\/\/www.czechcyclingfederation.com\/en\/wp-json\/wp\/v2\/posts\/4450\/revisions"}],"predecessor-version":[{"id":4453,"href":"https:\/\/www.czechcyclingfederation.com\/en\/wp-json\/wp\/v2\/posts\/4450\/revisions\/4453"}],"wp:featuredmedia":[{"embeddable":true,"href":"https:\/\/www.czechcyclingfederation.com\/en\/wp-json\/wp\/v2\/media\/4451"}],"wp:attachment":[{"href":"https:\/\/www.czechcyclingfederation.com\/en\/wp-json\/wp\/v2\/media?parent=4450"}],"wp:term":[{"taxonomy":"category","embeddable":true,"href":"https:\/\/www.czechcyclingfederation.com\/en\/wp-json\/wp\/v2\/categories?post=4450"},{"taxonomy":"post_tag","embeddable":true,"href":"https:\/\/www.czechcyclingfederation.com\/en\/wp-json\/wp\/v2\/tags?post=4450"}],"curies":[{"name":"wp","href":"https:\/\/api.w.org\/{rel}","templated":true}]}}