{"id":4436,"date":"2021-05-23T18:46:41","date_gmt":"2021-05-23T16:46:41","guid":{"rendered":"https:\/\/www.czechcyclingfederation.com\/?p=4436"},"modified":"2021-05-23T18:46:41","modified_gmt":"2021-05-23T16:46:41","slug":"otruba-ve-francii-druhy-v-etape-treti-celkove","status":"publish","type":"post","link":"https:\/\/www.czechcyclingfederation.com\/en\/otruba-ve-francii-druhy-v-etape-treti-celkove\/","title":{"rendered":"Otruba ve Francii druh\u00fd v etap\u011b, t\u0159et\u00ed celkov\u011b"},"content":{"rendered":"\n<p>Velmi dob\u0159e si vedli jezdci \u010desk\u00e9 st\u00e1je Elkov Kasper na etapov\u00e9m z\u00e1vodu Alpes Is\u00e9re Tour ve Francie, kter\u00fd je v kalend\u00e1\u0159i UCI v kategorii 2.2. Posledn\u00ed kr\u00e1lovsk\u00e1 etapa zam\u00edchala po\u0159ad\u00edm a z na\u0161ich jezdc\u016f z n\u00ed vyt\u011b\u017eil nejv\u00edce Jakub Otruba, kter\u00fd v n\u00ed dojel druh\u00fd a v celkov\u00e9m po\u0159ad\u00ed se vyhoupl na t\u0159et\u00ed m\u00edsto.<\/p>\n\n\n\n<p>Ji\u017e p\u0159edem bylo z\u0159ejm\u00e9, \u017ee dne\u0161n\u00ed etapa bude vyvrcholen\u00edm cel\u00e9ho z\u00e1vodu. \u010cty\u0159i vrcha\u0159sk\u00e9 pr\u00e9mie prvn\u00ed kategorie, nejvy\u0161\u0161\u00ed bod etapy 1428 m n. m. a nespo\u010det t\u00e1hl\u00fdch stoup\u00e1n\u00ed. T\u00fdmov\u00e1 spolupr\u00e1ce Elkov Kasper p\u0159inesla ovoce i v podob\u011b prvenstv\u00ed v t\u00fdmov\u00e9m hodnocen\u00ed.<\/p>\n\n\n\n<p>Posledn\u00edch 20 km pat\u0159ilo kles\u00e1n\u00ed do c\u00edlov\u00e9ho m\u011bsta Crolles. Spolu s Otrubou bojuj\u00ed o nejvy\u0161\u0161\u00ed p\u0159\u00ed\u010dky Nizozemec Sjoerd Bax, Francouz Bennet a \u0161est kilometr\u016f p\u0159ed c\u00edlem doj\u00ed\u017ed\u00ed duo z \u00faniku. Ve spurtu Otruba podlehl pouze Baxovi.<\/p>\n\n\n\n<p>\u201eJsem moc r\u00e1d, \u017ee se mi povedlo zajet takov\u00fd v\u00fdsledek. Mysl\u00edm, \u017ee mi to hodn\u011b dalo a budu si v dal\u0161\u00edch z\u00e1vodech v\u00edc v\u011b\u0159it. V\u011bd\u011bl jsem, \u017ee na to Bax m\u00e1, tak jsem mu jel v h\u00e1ku a jsem r\u00e1d, \u017ee jsem se za n\u00edm udr\u017eel a\u017e do c\u00edle,\u201c \u0159ekl Otruba<\/p>\n\n\n\n<p>Adam \u0164oupal\u00edk vybojoval celkov\u00e9 8. m\u00edsto. Pro Michala Schlegela skon\u010dil 30. ro\u010dn\u00edk francouzsk\u00e9ho z\u00e1vodu na 12. m\u00edstem. \u201ePotvrdili jsme, \u017ee i v takto t\u011b\u017ek\u00e9m z\u00e1vod\u011b dok\u00e1\u017eeme b\u00fdt mezi nejlep\u0161\u00edmi. Byl to pro n\u00e1s prvn\u00ed t\u011b\u017ek\u00fd etapov\u00fd z\u00e1vod a v\u011b\u0159\u00edm, \u017ee je\u0161t\u011b m\u00e1me na to se dostat na vy\u0161\u0161\u00ed v\u00fdkony. V l\u00e9t\u011b n\u00e1s \u010dek\u00e1 je\u0161t\u011b spousta d\u016fle\u017eit\u00fdch z\u00e1vodu a j\u00e1 v\u011b\u0159\u00edm, \u017ee m\u00e1me na to uk\u00e1zat, kdo pat\u0159\u00ed na p\u0159edn\u00ed p\u0159\u00ed\u010dky,\u201c dod\u00e1v\u00e1 \u0164oupal\u00edk.<\/p>\n\n\n\n<p>Z Francie si Elkov Kasper odv\u00e1\u017e\u00ed celkem 26 UCI a tak\u00e9 prvenstv\u00ed v sout\u011b\u017ei t\u00fdm\u016f. V p\u0159\u00ed\u0161t\u00edch dvou t\u00fddnech \u010dekaj\u00ed na jezdce t\u00fdmu Elkov Kasper z\u00e1vody ve Slovinsku, Polsku a Rakousku.<\/p>\n\n\n\n<p>V\u00fdsledky:<\/p>\n\n\n\n<p>5. etapoa:<\/p>\n\n\n\n<p>1. Bax (Niz.) 3:58:40, 2. Otruba (Elkov Kasper), 3. Bennet (Fr.) oba stejn\u00fd \u010das, \u20266. A.\u0164oupal\u00edk, 11. Schlegel (oba Elkov Kasper) oba +1:39, 28. Turek (Team Felbermayr &#8211; Simplon) +7:30, 50. J. B\u00e1rta, 54. Neuman oba +14:16, Kukrle (v\u0161ichni Elkov Kasper) nedokon\u010dil.<\/p>\n\n\n\n<p>Kone\u010dn\u00e9 po\u0159ad\u00ed:<\/p>\n\n\n\n<p>1. Bax 18:48:55, 2. Charming (D\u00e1n.) +1:58, 3. Otruba +2:02, &#8230;8. A. \u0164oupl\u00edk +3:44, 12. Schlegel +3:50, 26. Turek +9:41, 51. Neuman, 52. J. B\u00e1rta oba +23:01.<\/p>\n\n\n\n<p>FOTO Elkov Kasper<\/p>\n\n\n\n<figure class=\"wp-block-image size-large\"><img loading=\"lazy\" decoding=\"async\" width=\"1024\" height=\"1024\" src=\"https:\/\/www.czechcyclingfederation.com\/wp-content\/uploads\/2021\/05\/Alpes-Ise\u0301re-Tour-FOTO-Zoe\u0301-Soullard-1024x1024.jpg\" alt=\"\" class=\"wp-image-4438\" srcset=\"https:\/\/www.czechcyclingfederation.com\/wp-content\/uploads\/2021\/05\/Alpes-Ise\u0301re-Tour-FOTO-Zoe\u0301-Soullard-1024x1024.jpg 1024w, https:\/\/www.czechcyclingfederation.com\/wp-content\/uploads\/2021\/05\/Alpes-Ise\u0301re-Tour-FOTO-Zoe\u0301-Soullard-200x200.jpg 200w, https:\/\/www.czechcyclingfederation.com\/wp-content\/uploads\/2021\/05\/Alpes-Ise\u0301re-Tour-FOTO-Zoe\u0301-Soullard-150x150.jpg 150w, https:\/\/www.czechcyclingfederation.com\/wp-content\/uploads\/2021\/05\/Alpes-Ise\u0301re-Tour-FOTO-Zoe\u0301-Soullard-768x768.jpg 768w, https:\/\/www.czechcyclingfederation.com\/wp-content\/uploads\/2021\/05\/Alpes-Ise\u0301re-Tour-FOTO-Zoe\u0301-Soullard-1320x1320.jpg 1320w, https:\/\/www.czechcyclingfederation.com\/wp-content\/uploads\/2021\/05\/Alpes-Ise\u0301re-Tour-FOTO-Zoe\u0301-Soullard.jpg 1440w\" sizes=\"auto, (max-width: 1024px) 100vw, 1024px\" \/><\/figure>\n","protected":false},"excerpt":{"rendered":"<p>Velmi dob\u0159e si vedli jezdci \u010desk\u00e9 st\u00e1je Elkov Kasper na etapov\u00e9m z\u00e1vodu Alpes Is\u00e9re Tour ve Francie, kter\u00fd je v kalend\u00e1\u0159i UCI v kategorii 2.2. Posledn\u00ed kr\u00e1lovsk\u00e1 etapa zam\u00edchala po\u0159ad\u00edm a z na\u0161ich jezdc\u016f z n\u00ed vyt\u011b\u017eil nejv\u00edce Jakub Otruba, kter\u00fd v n\u00ed dojel druh\u00fd a v celkov\u00e9m po\u0159ad\u00ed se vyhoupl na t\u0159et\u00ed m\u00edsto. Ji\u017e [&hellip;]<\/p>\n","protected":false},"author":8,"featured_media":4437,"comment_status":"closed","ping_status":"open","sticky":false,"template":"","format":"standard","meta":{"footnotes":""},"categories":[2,18],"tags":[11],"class_list":["post-4436","post","type-post","status-publish","format-standard","has-post-thumbnail","hentry","category-novinky","category-silnice","tag-silnice"],"_links":{"self":[{"href":"https:\/\/www.czechcyclingfederation.com\/en\/wp-json\/wp\/v2\/posts\/4436","targetHints":{"allow":["GET"]}}],"collection":[{"href":"https:\/\/www.czechcyclingfederation.com\/en\/wp-json\/wp\/v2\/posts"}],"about":[{"href":"https:\/\/www.czechcyclingfederation.com\/en\/wp-json\/wp\/v2\/types\/post"}],"author":[{"embeddable":true,"href":"https:\/\/www.czechcyclingfederation.com\/en\/wp-json\/wp\/v2\/users\/8"}],"replies":[{"embeddable":true,"href":"https:\/\/www.czechcyclingfederation.com\/en\/wp-json\/wp\/v2\/comments?post=4436"}],"version-history":[{"count":1,"href":"https:\/\/www.czechcyclingfederation.com\/en\/wp-json\/wp\/v2\/posts\/4436\/revisions"}],"predecessor-version":[{"id":4439,"href":"https:\/\/www.czechcyclingfederation.com\/en\/wp-json\/wp\/v2\/posts\/4436\/revisions\/4439"}],"wp:featuredmedia":[{"embeddable":true,"href":"https:\/\/www.czechcyclingfederation.com\/en\/wp-json\/wp\/v2\/media\/4437"}],"wp:attachment":[{"href":"https:\/\/www.czechcyclingfederation.com\/en\/wp-json\/wp\/v2\/media?parent=4436"}],"wp:term":[{"taxonomy":"category","embeddable":true,"href":"https:\/\/www.czechcyclingfederation.com\/en\/wp-json\/wp\/v2\/categories?post=4436"},{"taxonomy":"post_tag","embeddable":true,"href":"https:\/\/www.czechcyclingfederation.com\/en\/wp-json\/wp\/v2\/tags?post=4436"}],"curies":[{"name":"wp","href":"https:\/\/api.w.org\/{rel}","templated":true}]}}