{"id":4429,"date":"2021-05-22T20:04:22","date_gmt":"2021-05-22T18:04:22","guid":{"rendered":"https:\/\/www.czechcyclingfederation.com\/?p=4429"},"modified":"2021-05-22T20:04:22","modified_gmt":"2021-05-22T18:04:22","slug":"kukrle-se-na-alpes-isere-tour-posunul-na-ctvrte-misto","status":"publish","type":"post","link":"https:\/\/www.czechcyclingfederation.com\/en\/kukrle-se-na-alpes-isere-tour-posunul-na-ctvrte-misto\/","title":{"rendered":"Kukrle se na Alpes Is\u00e9re Tour posunul na \u010dtvrt\u00e9 m\u00edsto"},"content":{"rendered":"\n<p>Dev\u011bt vrcha\u0159sk\u00fdch pr\u00e9mi\u00ed a 174 km dnes prov\u011b\u0159ilo startovn\u00ed pole etapov\u00e9ho z\u00e1vodu Alpes Is\u00e9re Tour. A velmi dob\u0159e si vedl z na\u0161ich jezdc\u016f p\u0159edev\u0161\u00edm l\u00eddr \u0160KODA Cupu Michale Kukrle z Elkov Kasper. Do c\u00edle dojel na dev\u00e1t\u00e9m m\u00edst\u011b a v pr\u016fb\u011b\u017en\u00e9 klasifikaci se posunul na \u010dtvrtou p\u0159\u00ed\u010dku. Prvn\u00ed v\u00a0c\u00edli byl Emil Toudal z\u00a0D\u00e1nska, pr\u016fb\u011b\u017en\u00e9 hodnocen\u00ed vede Raku\u0161an Moran Vermeulen.<\/p>\n\n\n\n<p>Posledn\u00edch t\u0159icet kilometr\u016f z\u00e1vodu kategorie UCI 2.2 vedlo mimo jin\u00e9 vedle silni\u010dn\u00edch \u00fasek\u016f tak\u00e9 \u00fazk\u00fdmi m\u011bstsk\u00fdmi uli\u010dkami. \u201eDneska na\u0161t\u011bst\u00ed nepr\u0161elo, sv\u00edtilo slunce, tak\u017ee to bylo fajn. V\u0161ichni z\u00e1vodn\u00edci u\u017e jsou dost unaven\u00ed, bylo to dost zn\u00e1t, tak\u017ee se dalo v bal\u00edku i docela dob\u0159e pohybovat,\u201c \u0159ekl spokojen\u00fd Kukrle.<\/p>\n\n\n\n<p>Necel\u00fdch dvacet kilometr\u016f p\u0159ed c\u00edlem z pelotonu odjela skupinka do n\u00ed\u017e se cht\u011bl dot\u00e1hnout Kukrle, ale \u010delo z\u00e1vodu se mu bohu\u017eel dostihnout nepoda\u0159ilo. P\u0159esto se posunul v po\u0159ad\u00ed na \u010dtvrt\u00e9 m\u00edsto a pat\u0159\u00ed mezi \u0161estici z\u00e1vodn\u00edk\u016f, kte\u0159\u00ed maj\u00ed v\u00fdrazn\u00fd n\u00e1skok oproti dal\u0161\u00edm cyklist\u016fm.<\/p>\n\n\n\n<p>Z\u00edtra \u010dek\u00e1 na z\u00e1vodn\u00edky posledn\u00ed etapa. \u201eUr\u010dit\u011b bych se do trojky mohl dostat, c\u00edt\u00edm se dob\u0159e, kluci taky a ud\u011bl\u00e1me pro to v\u0161e, dodal Kukrle.<\/p>\n\n\n\n<p>V\u00fdsledky:<\/p>\n\n\n\n<p>4. etapa (174 km):<\/p>\n\n\n\n<p>1. Toudal (D\u00e1n.) 4:17:48, 2. Bernas (Pol.), 3. Jones (Auatr.) oba +4, &#8230;9. Kukrle +44, 24. Neuman, 49. Schlegel, 55. Otruba, 60. J. B\u00e1rta, 62. A. \u0164oupal\u00edk (v\u0161ichni Elkov Kasper), 66. Turek (Team Felbermayr &#8211; Simplon Wels) v\u0161ichni +2:35.<\/p>\n\n\n\n<p>Pr\u016fb\u011b\u017en\u00e9 po\u0159ad\u00ed:<\/p>\n\n\n\n<p>1.Vermeulen (Rak.) 14:50:19, 2. Bax (Niz.) +6, 3. Charmig (D\u00e1n.) +15, 4. Kukrle +16, &#8230;10. A. \u0164oupal\u00edk +2:01, 13. Otruba +2:04, 22. Schlegel, 24. Turek oba +2:07, 57. Neuman, 58. J. B\u00e1rta oba +8:41.<\/p>\n\n\n\n<p>FOTO Elkov Kasper<\/p>\n","protected":false},"excerpt":{"rendered":"<p>Dev\u011bt vrcha\u0159sk\u00fdch pr\u00e9mi\u00ed a 174 km dnes prov\u011b\u0159ilo startovn\u00ed pole etapov\u00e9ho z\u00e1vodu Alpes Is\u00e9re Tour. A velmi dob\u0159e si vedl z na\u0161ich jezdc\u016f p\u0159edev\u0161\u00edm l\u00eddr \u0160KODA Cupu Michale Kukrle z Elkov Kasper. Do c\u00edle dojel na dev\u00e1t\u00e9m m\u00edst\u011b a v pr\u016fb\u011b\u017en\u00e9 klasifikaci se posunul na \u010dtvrtou p\u0159\u00ed\u010dku. Prvn\u00ed v\u00a0c\u00edli byl Emil Toudal z\u00a0D\u00e1nska, pr\u016fb\u011b\u017en\u00e9 hodnocen\u00ed [&hellip;]<\/p>\n","protected":false},"author":8,"featured_media":4430,"comment_status":"closed","ping_status":"open","sticky":false,"template":"","format":"standard","meta":{"footnotes":""},"categories":[2,18],"tags":[11],"class_list":["post-4429","post","type-post","status-publish","format-standard","has-post-thumbnail","hentry","category-novinky","category-silnice","tag-silnice"],"_links":{"self":[{"href":"https:\/\/www.czechcyclingfederation.com\/en\/wp-json\/wp\/v2\/posts\/4429","targetHints":{"allow":["GET"]}}],"collection":[{"href":"https:\/\/www.czechcyclingfederation.com\/en\/wp-json\/wp\/v2\/posts"}],"about":[{"href":"https:\/\/www.czechcyclingfederation.com\/en\/wp-json\/wp\/v2\/types\/post"}],"author":[{"embeddable":true,"href":"https:\/\/www.czechcyclingfederation.com\/en\/wp-json\/wp\/v2\/users\/8"}],"replies":[{"embeddable":true,"href":"https:\/\/www.czechcyclingfederation.com\/en\/wp-json\/wp\/v2\/comments?post=4429"}],"version-history":[{"count":1,"href":"https:\/\/www.czechcyclingfederation.com\/en\/wp-json\/wp\/v2\/posts\/4429\/revisions"}],"predecessor-version":[{"id":4431,"href":"https:\/\/www.czechcyclingfederation.com\/en\/wp-json\/wp\/v2\/posts\/4429\/revisions\/4431"}],"wp:featuredmedia":[{"embeddable":true,"href":"https:\/\/www.czechcyclingfederation.com\/en\/wp-json\/wp\/v2\/media\/4430"}],"wp:attachment":[{"href":"https:\/\/www.czechcyclingfederation.com\/en\/wp-json\/wp\/v2\/media?parent=4429"}],"wp:term":[{"taxonomy":"category","embeddable":true,"href":"https:\/\/www.czechcyclingfederation.com\/en\/wp-json\/wp\/v2\/categories?post=4429"},{"taxonomy":"post_tag","embeddable":true,"href":"https:\/\/www.czechcyclingfederation.com\/en\/wp-json\/wp\/v2\/tags?post=4429"}],"curies":[{"name":"wp","href":"https:\/\/api.w.org\/{rel}","templated":true}]}}