{"id":4414,"date":"2021-05-21T22:24:00","date_gmt":"2021-05-21T20:24:00","guid":{"rendered":"https:\/\/www.czechcyclingfederation.com\/?p=4414"},"modified":"2021-05-21T22:24:00","modified_gmt":"2021-05-21T20:24:00","slug":"adam-toupalik-druhy-v-etape-na-alpes-isere-tour","status":"publish","type":"post","link":"https:\/\/www.czechcyclingfederation.com\/en\/adam-toupalik-druhy-v-etape-na-alpes-isere-tour\/","title":{"rendered":"Adam \u0164oupal\u00edk druh\u00fd v etap\u011b na Alpes Is\u00e9re Tour"},"content":{"rendered":"\n<p>T\u0159et\u00ed etapa francouzsk\u00e9ho etapov\u00e9ho z\u00e1vodu Alpes Is\u00e9re Tour p\u0159inesla n\u00e1ro\u010dn\u011bj\u0161\u00ed profil s \u0161esti vrcha\u0159sk\u00fdmi pr\u00e9miemi a nakonec \u00fasp\u011bch \u010desk\u00fdm barv\u00e1m. Dom\u00e1c\u00ed \u0161ampion Adam \u0164oupal\u00edk si ve spurtu dojel pro skv\u011bl\u00e9 druh\u00e9 m\u00edsto a v pr\u016fb\u011b\u017en\u00e9 klasifikaci se posunul na p\u00e1tou pozici.<\/p>\n\n\n\n<p>Hodn\u011b vid\u011bt byl v etap\u011b Jakub Otruba, kter\u00fd v individu\u00e1ln\u00edm \u00faniku jel p\u0159es 60 kilometr\u016f a peloton jej dojel 20 km p\u0159ed c\u00edlem. \u201eJ\u00e1 jsem do toho \u00faniku popravd\u011b s\u00e1m necht\u011bl, v\u011bd\u011bl jsem, \u017ee bude foukat bo\u010dn\u00ed v\u00edtr, tak jsem si odjel dop\u0159edu a najednou jsem tam z\u016fstal s\u00e1m, bal\u00edk za mnou skoro z\u016fstal st\u00e1t. Vydal jsem se na v\u00fdlet krajinou a z\u00edskal jsem b\u011bhem toho tak\u00e9 t\u0159i body z vrcha\u0159sk\u00e9 pr\u00e9mie. Jsem r\u00e1d, \u017ee jsem se mohl uk\u00e1zat vep\u0159edu,\u201c \u0159ekl Otruba.<\/p>\n\n\n\n<p>V posledn\u00edm okruhu bylo rozhoduj\u00edc\u00ed technick\u00e9 stoup\u00e1n\u00ed, do kter\u00e9ho se na p\u0159edn\u00edch pozic\u00edch dostala trojice Elkov Kasper A. \u0164oupal\u00edk, Michal Schlegel a Michael Kukrle. \u201eT\u0159i c\u00edlov\u00e9 okruhy byly hodn\u011b technick\u00e9. V posledn\u00edm kole se to dost nat\u00e1hlo a ve vedouc\u00ed skupin\u011b jsme z\u016fstali my t\u0159i. Dostal n\u00e1s Holan\u010fan Sjoerd Bax, technick\u00e1 sekce mu nahr\u00e1vala do karet. Sna\u017eil jsem se dosprintovat do c\u00edle a nakonec se mi z toho povedlo utrhnout to druh\u00e9 m\u00edsto,\u201c hodnotil s \u00fasm\u011bvem Adam \u0164oupal\u00edk.<br>V\u00fdsledky:<\/p>\n\n\n\n<p>1.etapa:<\/p>\n\n\n\n<p>Bax (Niz.) 3:39:26, 2. A. \u0164oupal\u00edk (Elkov Kasper), 3. van den Berg (Niz.), \u20268. Turek (Felbermayr Simplon Wels), 12. Kukrle, 22. Schlegel, 38. Otruba, 51. Neuman, 55. B\u00e1rta (v\u0161ichni Elkov Kasper) v\u0161ich ni stejn\u00fd \u010das.<br><\/p>\n\n\n\n<p>Po\u0159ad\u00ed po t\u0159ech etap\u00e1ch:<\/p>\n\n\n\n<p>van den Berg 10:31:44, 2. Jolibert (Fr.), 3. Bax oba +9, 4. Jarnet (Fr.), 5. A. \u0164oupal\u00edk oba +13, 6. Balmer (\u0160v\u00fdc.) +14, \u20267. Otruba +16, 16. Kukrle, 18. Schlegel, 19. Turek v\u0161ichni +19, 64. Neuman, 65. B\u00e1rta oba +6:53.<\/p>\n\n\n\n<p>FOTO Elkov Kasper<\/p>\n","protected":false},"excerpt":{"rendered":"<p>T\u0159et\u00ed etapa francouzsk\u00e9ho etapov\u00e9ho z\u00e1vodu Alpes Is\u00e9re Tour p\u0159inesla n\u00e1ro\u010dn\u011bj\u0161\u00ed profil s \u0161esti vrcha\u0159sk\u00fdmi pr\u00e9miemi a nakonec \u00fasp\u011bch \u010desk\u00fdm barv\u00e1m. Dom\u00e1c\u00ed \u0161ampion Adam \u0164oupal\u00edk si ve spurtu dojel pro skv\u011bl\u00e9 druh\u00e9 m\u00edsto a v pr\u016fb\u011b\u017en\u00e9 klasifikaci se posunul na p\u00e1tou pozici. Hodn\u011b vid\u011bt byl v etap\u011b Jakub Otruba, kter\u00fd v individu\u00e1ln\u00edm \u00faniku jel p\u0159es 60 [&hellip;]<\/p>\n","protected":false},"author":8,"featured_media":4415,"comment_status":"closed","ping_status":"open","sticky":false,"template":"","format":"standard","meta":{"footnotes":""},"categories":[2,18],"tags":[11],"class_list":["post-4414","post","type-post","status-publish","format-standard","has-post-thumbnail","hentry","category-novinky","category-silnice","tag-silnice"],"_links":{"self":[{"href":"https:\/\/www.czechcyclingfederation.com\/en\/wp-json\/wp\/v2\/posts\/4414","targetHints":{"allow":["GET"]}}],"collection":[{"href":"https:\/\/www.czechcyclingfederation.com\/en\/wp-json\/wp\/v2\/posts"}],"about":[{"href":"https:\/\/www.czechcyclingfederation.com\/en\/wp-json\/wp\/v2\/types\/post"}],"author":[{"embeddable":true,"href":"https:\/\/www.czechcyclingfederation.com\/en\/wp-json\/wp\/v2\/users\/8"}],"replies":[{"embeddable":true,"href":"https:\/\/www.czechcyclingfederation.com\/en\/wp-json\/wp\/v2\/comments?post=4414"}],"version-history":[{"count":1,"href":"https:\/\/www.czechcyclingfederation.com\/en\/wp-json\/wp\/v2\/posts\/4414\/revisions"}],"predecessor-version":[{"id":4416,"href":"https:\/\/www.czechcyclingfederation.com\/en\/wp-json\/wp\/v2\/posts\/4414\/revisions\/4416"}],"wp:featuredmedia":[{"embeddable":true,"href":"https:\/\/www.czechcyclingfederation.com\/en\/wp-json\/wp\/v2\/media\/4415"}],"wp:attachment":[{"href":"https:\/\/www.czechcyclingfederation.com\/en\/wp-json\/wp\/v2\/media?parent=4414"}],"wp:term":[{"taxonomy":"category","embeddable":true,"href":"https:\/\/www.czechcyclingfederation.com\/en\/wp-json\/wp\/v2\/categories?post=4414"},{"taxonomy":"post_tag","embeddable":true,"href":"https:\/\/www.czechcyclingfederation.com\/en\/wp-json\/wp\/v2\/tags?post=4414"}],"curies":[{"name":"wp","href":"https:\/\/api.w.org\/{rel}","templated":true}]}}