{"id":4387,"date":"2021-05-20T10:45:48","date_gmt":"2021-05-20T08:45:48","guid":{"rendered":"https:\/\/www.czechcyclingfederation.com\/?p=4387"},"modified":"2021-05-20T10:45:48","modified_gmt":"2021-05-20T08:45:48","slug":"sazka-je-novym-generalnim-partnerem-zavodu-miru","status":"publish","type":"post","link":"https:\/\/www.czechcyclingfederation.com\/en\/sazka-je-novym-generalnim-partnerem-zavodu-miru\/","title":{"rendered":"Sazka je nov\u00fdm gener\u00e1ln\u00edm partnerem Z\u00e1vodu m\u00edru"},"content":{"rendered":"\n<p>Lotern\u00ed spole\u010dnost Sazka se od leto\u0161n\u00edho roku st\u00e1v\u00e1 gener\u00e1ln\u00edm partnerem presti\u017en\u00edho etapov\u00e9ho Z\u00e1vodu m\u00edru U23 Grand Prix Jesen\u00edky. Ten se letos pojede 3. \u2013 6. \u010dervna, a to s m\u00edrn\u011b obm\u011bn\u011bn\u00fdmi trasami.<\/p>\n\n\n\n<p>\u201eJsem velmi r\u00e1d, \u017ee Sazka m\u016f\u017ee podpo\u0159it tento unik\u00e1tn\u00ed z\u00e1vod, jen\u017e si za kr\u00e1tkou dobu od sv\u00e9ho obnoven\u00ed v roce 2013, stihl vybudovat renom\u00e9 akce, kter\u00e1 generuje budouc\u00ed hv\u011bzdy,\u201c uvedl k nov\u00e9mu partnerstv\u00ed Robert Kol\u00e1\u0159, p\u0159edseda organiza\u010dn\u00edho v\u00fdboru Z\u00e1vodu m\u00edru U23 a \u010clen dozor\u010d\u00ed rady spole\u010dnosti SAZKA.<\/p>\n\n\n\n<p>Z\u00e1vod pro jezdce do 23 let hv\u011bzdy opravdu generuje. Ten, kdo usp\u011bje v Jesen\u00edk\u00e1ch, se pozd\u011bji pravideln\u011b objevuje i v t\u00fdmech WorldTour. Rovn\u011b\u017e je tato akce za\u0159azena do Poh\u00e1ru n\u00e1rod\u016f, seri\u00e1lu nejpresti\u017en\u011bj\u0161\u00edch z\u00e1vod\u016f t\u00e9to v\u011bkov\u00e9 kategorie. Jako obvykle se Z\u00e1vod m\u00edru i letos jede v n\u00e1rodn\u00edch dresech, co\u017e povzbuzuje zdravou t\u00fdmovou rivalitu. Potvrzeno je jednadvacet n\u00e1rodn\u00edch t\u00fdm\u016f, tak\u017ee je jist\u00e9, \u017ee p\u016fjde i div\u00e1cky o skv\u011blou pod\u00edvanou.<\/p>\n\n\n\n<p>Krom\u011b gener\u00e1ln\u00edho partnera budou letos obm\u011bn\u011bny tak\u00e9 trasy jednotliv\u00fdch etap. P\u016fjde ov\u0161em jen o men\u0161\u00ed zm\u011bny. \u00davodn\u00ed prolog na 3,5 kilometru bude startovat na Masarykov\u011b n\u00e1m\u011bst\u00ed v Jesen\u00edku. Nov\u011b m\u00e1 z\u00e1vod vrcha\u0159skou pr\u00e9mii na P\u0159emyslovsk\u00e9m sedle a dvoukilometrov\u00fd kopec v Mar\u0161\u00edkov\u011b p\u0159ed n\u00e1jezdem na nejdel\u0161\u00ed jeden\u00e1ctikilometrov\u00e9 stoup\u00e1n\u00ed na Sk\u0159\u00edtek.<\/p>\n\n\n\n<p>FOTO Jan Brychta<\/p>\n","protected":false},"excerpt":{"rendered":"<p>Lotern\u00ed spole\u010dnost Sazka se od leto\u0161n\u00edho roku st\u00e1v\u00e1 gener\u00e1ln\u00edm partnerem presti\u017en\u00edho etapov\u00e9ho Z\u00e1vodu m\u00edru U23 Grand Prix Jesen\u00edky. Ten se letos pojede 3. \u2013 6. \u010dervna, a to s m\u00edrn\u011b obm\u011bn\u011bn\u00fdmi trasami. \u201eJsem velmi r\u00e1d, \u017ee Sazka m\u016f\u017ee podpo\u0159it tento unik\u00e1tn\u00ed z\u00e1vod, jen\u017e si za kr\u00e1tkou dobu od sv\u00e9ho obnoven\u00ed v roce 2013, stihl vybudovat [&hellip;]<\/p>\n","protected":false},"author":8,"featured_media":4388,"comment_status":"closed","ping_status":"open","sticky":false,"template":"","format":"standard","meta":{"footnotes":""},"categories":[2,18],"tags":[11],"class_list":["post-4387","post","type-post","status-publish","format-standard","has-post-thumbnail","hentry","category-novinky","category-silnice","tag-silnice"],"_links":{"self":[{"href":"https:\/\/www.czechcyclingfederation.com\/en\/wp-json\/wp\/v2\/posts\/4387","targetHints":{"allow":["GET"]}}],"collection":[{"href":"https:\/\/www.czechcyclingfederation.com\/en\/wp-json\/wp\/v2\/posts"}],"about":[{"href":"https:\/\/www.czechcyclingfederation.com\/en\/wp-json\/wp\/v2\/types\/post"}],"author":[{"embeddable":true,"href":"https:\/\/www.czechcyclingfederation.com\/en\/wp-json\/wp\/v2\/users\/8"}],"replies":[{"embeddable":true,"href":"https:\/\/www.czechcyclingfederation.com\/en\/wp-json\/wp\/v2\/comments?post=4387"}],"version-history":[{"count":1,"href":"https:\/\/www.czechcyclingfederation.com\/en\/wp-json\/wp\/v2\/posts\/4387\/revisions"}],"predecessor-version":[{"id":4389,"href":"https:\/\/www.czechcyclingfederation.com\/en\/wp-json\/wp\/v2\/posts\/4387\/revisions\/4389"}],"wp:featuredmedia":[{"embeddable":true,"href":"https:\/\/www.czechcyclingfederation.com\/en\/wp-json\/wp\/v2\/media\/4388"}],"wp:attachment":[{"href":"https:\/\/www.czechcyclingfederation.com\/en\/wp-json\/wp\/v2\/media?parent=4387"}],"wp:term":[{"taxonomy":"category","embeddable":true,"href":"https:\/\/www.czechcyclingfederation.com\/en\/wp-json\/wp\/v2\/categories?post=4387"},{"taxonomy":"post_tag","embeddable":true,"href":"https:\/\/www.czechcyclingfederation.com\/en\/wp-json\/wp\/v2\/tags?post=4387"}],"curies":[{"name":"wp","href":"https:\/\/api.w.org\/{rel}","templated":true}]}}