{"id":4359,"date":"2021-05-18T12:46:15","date_gmt":"2021-05-18T10:46:15","guid":{"rendered":"https:\/\/www.czechcyclingfederation.com\/?p=4359"},"modified":"2021-05-18T14:51:29","modified_gmt":"2021-05-18T12:51:29","slug":"konecny-sablikova-je-svetova-trida","status":"publish","type":"post","link":"https:\/\/www.czechcyclingfederation.com\/en\/konecny-sablikova-je-svetova-trida\/","title":{"rendered":"Kone\u010dn\u00fd: S\u00e1bl\u00edkov\u00e1 je sv\u011btov\u00e1 t\u0159\u00edda"},"content":{"rendered":"\n<p>Silni\u010dn\u00ed cyklistick\u00fd v\u00edkend v T\u00e1bo\u0159e a Mlad\u00e9 Vo\u017eici pochopiteln\u011b velice pe\u010dliv\u011b sledoval reprezenta\u010dn\u00ed kou\u010d Tom\u00e1\u0161 Kone\u010dn\u00fd. To byl jasn\u00fd d\u016fvod mu polo\u017eit n\u011bkolik ot\u00e1zek ohledn\u011b v\u00fdkonu adept\u016f reprezenta\u010dn\u00edch v\u00fdb\u011br\u016f, ale i k celkov\u00e9mu pohledu na z\u00e1vody Carla Cupu p\u0159i T\u00e1borsk\u00fdch okruz\u00edch i Techniserv Cupu a \u0160KODA Cupu p\u0159i Vo\u017eick\u00fdch okruz\u00edch.<\/p>\n\n\n\n<p>Tak jak\u00e9 byly v\u00edkendov\u00e9 z\u00e1vody?<\/p>\n\n\n\n<p>&#8220;P\u0159edev\u0161\u00edm mus\u00edm \u0159\u00edci, \u017ee kr\u00e1sn\u00e9 &#8211; jak krit\u00e9rium, tak ned\u011bln\u00ed okruh. Podniky byly bezvadn\u011b zabezpe\u010den\u00e9, silni\u010dn\u00ed okruh n\u00e1ro\u010dn\u00fd a t\u00edm, jak byl t\u011b\u017ek\u00fd, tak to byly z\u00e1vody spravedliv\u00e9 a n\u00e1ro\u010dn\u00e9. Takov\u00fdch by m\u011blo b\u00fdt v\u00edce, proto\u017ee opravdu prov\u011b\u0159\u00ed v\u00fdkonnost v\u0161ech, kte\u0159\u00ed se postav\u00ed na start.&#8221;<\/p>\n\n\n\n<p>Jak se l\u00edbil nov\u00fd okruh pro \u0160KODA Cup?<\/p>\n\n\n\n<p>&#8220;M\u011b se l\u00edbil moc. Byl spravedliv\u00fd a jel se na velmi dobr\u00fdch silnic\u00edch, nebyl \u017e\u00e1dn\u00fd probl\u00e9m s auty. Takov\u00e9to profily jsou pro cyklistiku ty nejlep\u0161\u00ed. Po najet\u00fdch kilometrech byl je\u0161t\u011b kopec p\u0159ed c\u00edlem, tak\u017ee to nebylo pro sprintery. Uspo\u0159\u00e1dat silni\u010dn\u00ed z\u00e1vod nen\u00ed jednoduch\u00e9 hlavn\u011b z logistick\u00e9ho hlediska a tentokr\u00e1t se to poda\u0159ilo v\u00fdborn\u011b. Douf\u00e1m, \u017ee v kalend\u00e1\u0159i z\u016fstane i pro p\u0159\u00ed\u0161t\u00ed roky. A pro m\u011b m\u00e1 takov\u00e1 z\u00e1vod v\u00fdhodu v tom, \u017ee se mi pak l\u00e9pe d\u011blaj\u00ed nominace. Takov\u00e1to tra\u0165 uk\u00e1\u017ee kdo jak na tom je.&#8221;<\/p>\n\n\n\n<p>Co v\u00e1m uk\u00e1zaly z\u00e1vody ml\u00e1de\u017ee?<\/p>\n\n\n\n<p>&#8220;Kdy\u017e se pod\u00edv\u00e1me na v\u00fdsledky, tak krom\u011b junior\u016f, to p\u0159ijelo do c\u00edle nad\u011blen\u00e9. Juniory trochu zasko\u010dili Raku\u0161an\u00e9 a mysl\u00edm, \u017ee na\u0161i kluci mohli b\u00fdt v\u00edce aktivn\u011bj\u0161\u00ed. Ale byl to pro n\u011b prvn\u00ed z\u00e1vod, proto byli asi opatn\u011bj\u0161\u00ed a ti dob\u0159\u00ed se hl\u00eddali. V juniork\u00e1ch se mi moc l\u00edbil v\u00fdkon Anny R\u016f\u017ei\u010dkov\u00e9 a Julie Kopecky. Dr\u017eely se ve vedouc\u00ed skupin\u011b a potvrdily sv\u00e9 kvality, jely vyrovnan\u011b s nejlep\u0161\u00edmi \u017eenami.&#8221;<\/p>\n\n\n\n<p>Po del\u0161\u00ed dob\u011b byla na startu silni\u010dn\u00edho z\u00e1vodu op\u011bt Martina S\u00e1bl\u00edkov\u00e1. Jak se v\u00e1m l\u00edbil jej\u00ed z\u00e1vodn\u00ed projev?<\/p>\n\n\n\n<p>&#8220;Jsem stra\u0161n\u011b r\u00e1d, \u017ee se vr\u00e1tila. Po v\u00fdkonech, kter\u00e9 pod\u00e1vala v on-line z\u00e1vodech jsem v\u011bd\u011bl, \u017ee pat\u0159\u00ed do absolutn\u00ed sv\u011btov\u00e9 \u0161pi\u010dky. Slovo dalo slovo a je zp\u011bt. Je za\u0159azena do \u0161ir\u0161\u00ed nominace na mistrovstv\u00ed sv\u011bta i olympijsk\u00e9 hry a absolutn\u011b potvrdila, \u017ee pln\u00fdm pr\u00e1vem. Zase ud\u011blala na kole velk\u00fd pokrok, za z\u00e1vod j\u00ed nemohu vytknout nic. J\u00e1 ji zabezpe\u010doval a domluva byla prvn\u00ed kolo jet v klidu a od druh\u00e9ho za\u010d\u00edt opravdu z\u00e1vodit. Nem\u011bla probl\u00e9m jet v bal\u00edku, ve sjezdech a k tomu p\u0159idala v\u00fdkon. Dev\u011bt minut k dobru p\u0159ed dal\u0161\u00edmi na\u0161imi z\u00e1vodnicemi, to asi nem\u00e1 cenu o \u010demkoliv polemizovat. Je\u0161t\u011b bych vyzvedl vystoupen\u00ed Nikoly Zdr\u00e1halov\u00e9. Moc na silnice nejezd\u00ed, ale je vid\u011bt, \u017ee tr\u00e9nuje s Martinou. Byly dvakr\u00e1t na Kan\u00e1rsk\u00fdch ostrovech a tam tr\u00e9novaly. Cyklistika je spravedliv\u00e1 &#8211; kdy\u017e natr\u00e9nuje\u0161, tak neusp\u011bje\u0161. Rychlobruslen\u00ed je sport co do vytrvalosti podobn\u00fd a i kdy\u017e ob\u011b nez\u00e1vodily, tak na kole tr\u00e9novaly. D\u0159\u00edv bylo t\u00e9m\u011b\u0159 nemysliteln\u00e9, \u017ee by si z\u00e1vodn\u00edci odskakovali ze silnice na jin\u00e9 discipl\u00edny, ale p\u0159\u00edklady jako Pidcock, van der Poel a van Aert jasn\u011b ukazuj\u00ed, \u017ee to nen\u00ed probl\u00e9m. Kdy\u017e je n\u011bkdo dobr\u00fd na silnici tak sta\u010d\u00ed poladit a m\u016f\u017ee vyhr\u00e1vat i na bik\u00e1ch \u010di v cyklokrosu.&#8221;<\/p>\n\n\n\n<p>Co vystoupen\u00ed a p\u0159edev\u0161\u00edm v\u00fdkon S\u00e1bl\u00edkov\u00e9 znamen\u00e9 vzhledem k bl\u00ed\u017e\u00edc\u00edm se olympijsk\u00fdm hr\u00e1m?&nbsp;<\/p>\n\n\n\n<p>&#8220;Potvrdila, \u017ee v z\u00e1vodu byla absolutn\u011b nejlep\u0161\u00ed. Nejely sice dal\u0161\u00ed adeptky &#8211; v\u00fdborn\u011b z\u00e1vod\u00ed ve \u0160pan\u011blsku Tereza Neumanov\u00e1 a Nikola Noskov\u00e1, kter\u00e1 se pot\u00fdk\u00e1 se zdravotn\u00edmi probl\u00e9my. Kdyby na startu byly, asi by byl z\u00e1vod trochu jin\u00fd, Martina by to m\u011bla asi trochu te\u017e\u0161\u00ed. Ale p\u0159ed v\u00fdkonem, kter\u00fd p\u0159edvedla, kloubouk dol\u016f.&#8221;<\/p>\n\n\n\n<p>Kdo na v\u00e1s zanechal nejv\u011bt\u0161\u00ed dojem z mlad\u00fdch jezdc\u016f?<\/p>\n\n\n\n<p>&#8220;Stylem, kter\u00fdm k z\u00e1vodu p\u0159istoupil a jak z\u00e1vodil, jednozna\u010dn\u011b Karel Camrda. Ostatn\u00ed mlad\u00ed na jeho p\u0159\u00edkladu vid\u011bli, \u017ee se d\u00e1 z\u00e1vodit i proti p\u0159esile t\u00fdmu Elkov Kasper. Karel zah\u00e1jil leto\u0161n\u00ed sezonu dob\u0159e ji\u017e na Rhodosu, v koc\u00edch pat\u0159\u00ed k dobr\u00fdm z\u00e1vodn\u00edk\u016fm. Elkov zvolil taktiku, \u017ee jel cel\u00fd z\u00e1vod tempo. Camrda jel za nimi a v z\u00e1v\u011bru je hodn\u011b zasko\u010dil. A i kdy\u017e skon\u010dil \u00b4a\u017e\u00b4 t\u0159et\u00ed, tak pojet\u00edm, jak\u00fdm to vzal, se mi moc l\u00edbilo. Je to p\u0159esn\u011b to, co mlad\u00e9 m\u016f\u017ee posunout. Tak by m\u011bli z\u00e1vodit, t\u0159eba to dev\u011btkr\u00e1t nevyjde, pak podes\u00e1t\u00e9 ano.&#8221;<\/p>\n\n\n\n<p>FOTO Josef Vaishar<\/p>\n\n\n<div class=\"wp-block-file\">\r\n                <a target=\"_blank\" rel=\"noopener\" href=\"\" class=\"wp-block-file__button wp-element-button\">\r\n                    <span class=\"wp-block-file__icon\"><\/span>\r\n                    \r\n                <\/a>\r\n            <\/div>\n\n\n<figure class=\"wp-block-image size-large\"><img loading=\"lazy\" decoding=\"async\" width=\"1024\" height=\"683\" src=\"https:\/\/www.czechcyclingfederation.com\/wp-content\/uploads\/2021\/05\/Ruzickova-Kopecky-IMC_2281-1-1024x683.jpg\" alt=\"\" class=\"wp-image-4361\" srcset=\"https:\/\/www.czechcyclingfederation.com\/wp-content\/uploads\/2021\/05\/Ruzickova-Kopecky-IMC_2281-1-1024x683.jpg 1024w, https:\/\/www.czechcyclingfederation.com\/wp-content\/uploads\/2021\/05\/Ruzickova-Kopecky-IMC_2281-1-300x200.jpg 300w, https:\/\/www.czechcyclingfederation.com\/wp-content\/uploads\/2021\/05\/Ruzickova-Kopecky-IMC_2281-1-768x512.jpg 768w, https:\/\/www.czechcyclingfederation.com\/wp-content\/uploads\/2021\/05\/Ruzickova-Kopecky-IMC_2281-1-1536x1024.jpg 1536w, https:\/\/www.czechcyclingfederation.com\/wp-content\/uploads\/2021\/05\/Ruzickova-Kopecky-IMC_2281-1-2048x1366.jpg 2048w, https:\/\/www.czechcyclingfederation.com\/wp-content\/uploads\/2021\/05\/Ruzickova-Kopecky-IMC_2281-1-1320x880.jpg 1320w\" sizes=\"auto, (max-width: 1024px) 100vw, 1024px\" \/><\/figure>\n\n\n\n<figure class=\"wp-block-image size-large\"><img decoding=\"async\" src=\"https:\/\/www.czechcyclingfederation.com\/wp-content\/uploads\/2021\/05\/Vozice-IMD_2212-2-1024x683.jpg\" alt=\"\" class=\"wp-image-4362\"\/><\/figure>\n\n\n\n<figure class=\"wp-block-image size-large\"><img loading=\"lazy\" decoding=\"async\" width=\"1024\" height=\"683\" src=\"https:\/\/www.czechcyclingfederation.com\/wp-content\/uploads\/2021\/05\/Vozice-IMC_2406-1-1024x683.jpg\" alt=\"\" class=\"wp-image-4363\" srcset=\"https:\/\/www.czechcyclingfederation.com\/wp-content\/uploads\/2021\/05\/Vozice-IMC_2406-1-1024x683.jpg 1024w, https:\/\/www.czechcyclingfederation.com\/wp-content\/uploads\/2021\/05\/Vozice-IMC_2406-1-300x200.jpg 300w, https:\/\/www.czechcyclingfederation.com\/wp-content\/uploads\/2021\/05\/Vozice-IMC_2406-1-768x512.jpg 768w, https:\/\/www.czechcyclingfederation.com\/wp-content\/uploads\/2021\/05\/Vozice-IMC_2406-1-1536x1024.jpg 1536w, https:\/\/www.czechcyclingfederation.com\/wp-content\/uploads\/2021\/05\/Vozice-IMC_2406-1-2048x1365.jpg 2048w, https:\/\/www.czechcyclingfederation.com\/wp-content\/uploads\/2021\/05\/Vozice-IMC_2406-1-1320x880.jpg 1320w\" sizes=\"auto, (max-width: 1024px) 100vw, 1024px\" \/><\/figure>\n\n\n\n<figure class=\"wp-block-image size-large\"><img loading=\"lazy\" decoding=\"async\" width=\"1024\" height=\"683\" src=\"https:\/\/www.czechcyclingfederation.com\/wp-content\/uploads\/2021\/05\/Sablikova-IMC_2111-1-1024x683.jpg\" alt=\"\" class=\"wp-image-4364\" srcset=\"https:\/\/www.czechcyclingfederation.com\/wp-content\/uploads\/2021\/05\/Sablikova-IMC_2111-1-1024x683.jpg 1024w, https:\/\/www.czechcyclingfederation.com\/wp-content\/uploads\/2021\/05\/Sablikova-IMC_2111-1-300x200.jpg 300w, https:\/\/www.czechcyclingfederation.com\/wp-content\/uploads\/2021\/05\/Sablikova-IMC_2111-1-768x512.jpg 768w, https:\/\/www.czechcyclingfederation.com\/wp-content\/uploads\/2021\/05\/Sablikova-IMC_2111-1-1536x1024.jpg 1536w, https:\/\/www.czechcyclingfederation.com\/wp-content\/uploads\/2021\/05\/Sablikova-IMC_2111-1-2048x1365.jpg 2048w, https:\/\/www.czechcyclingfederation.com\/wp-content\/uploads\/2021\/05\/Sablikova-IMC_2111-1-1320x880.jpg 1320w\" sizes=\"auto, (max-width: 1024px) 100vw, 1024px\" \/><\/figure>\n","protected":false},"excerpt":{"rendered":"<p>Silni\u010dn\u00ed cyklistick\u00fd v\u00edkend v T\u00e1bo\u0159e a Mlad\u00e9 Vo\u017eici pochopiteln\u011b velice pe\u010dliv\u011b sledoval reprezenta\u010dn\u00ed kou\u010d Tom\u00e1\u0161 Kone\u010dn\u00fd. To byl jasn\u00fd d\u016fvod mu polo\u017eit n\u011bkolik ot\u00e1zek ohledn\u011b v\u00fdkonu adept\u016f reprezenta\u010dn\u00edch v\u00fdb\u011br\u016f, ale i k celkov\u00e9mu pohledu na z\u00e1vody Carla Cupu p\u0159i T\u00e1borsk\u00fdch okruz\u00edch i Techniserv Cupu a \u0160KODA Cupu p\u0159i Vo\u017eick\u00fdch okruz\u00edch. Tak jak\u00e9 byly v\u00edkendov\u00e9 z\u00e1vody? [&hellip;]<\/p>\n","protected":false},"author":8,"featured_media":4360,"comment_status":"closed","ping_status":"open","sticky":false,"template":"","format":"standard","meta":{"footnotes":""},"categories":[2,18],"tags":[11],"class_list":["post-4359","post","type-post","status-publish","format-standard","has-post-thumbnail","hentry","category-novinky","category-silnice","tag-silnice"],"_links":{"self":[{"href":"https:\/\/www.czechcyclingfederation.com\/en\/wp-json\/wp\/v2\/posts\/4359","targetHints":{"allow":["GET"]}}],"collection":[{"href":"https:\/\/www.czechcyclingfederation.com\/en\/wp-json\/wp\/v2\/posts"}],"about":[{"href":"https:\/\/www.czechcyclingfederation.com\/en\/wp-json\/wp\/v2\/types\/post"}],"author":[{"embeddable":true,"href":"https:\/\/www.czechcyclingfederation.com\/en\/wp-json\/wp\/v2\/users\/8"}],"replies":[{"embeddable":true,"href":"https:\/\/www.czechcyclingfederation.com\/en\/wp-json\/wp\/v2\/comments?post=4359"}],"version-history":[{"count":3,"href":"https:\/\/www.czechcyclingfederation.com\/en\/wp-json\/wp\/v2\/posts\/4359\/revisions"}],"predecessor-version":[{"id":4368,"href":"https:\/\/www.czechcyclingfederation.com\/en\/wp-json\/wp\/v2\/posts\/4359\/revisions\/4368"}],"wp:featuredmedia":[{"embeddable":true,"href":"https:\/\/www.czechcyclingfederation.com\/en\/wp-json\/wp\/v2\/media\/4360"}],"wp:attachment":[{"href":"https:\/\/www.czechcyclingfederation.com\/en\/wp-json\/wp\/v2\/media?parent=4359"}],"wp:term":[{"taxonomy":"category","embeddable":true,"href":"https:\/\/www.czechcyclingfederation.com\/en\/wp-json\/wp\/v2\/categories?post=4359"},{"taxonomy":"post_tag","embeddable":true,"href":"https:\/\/www.czechcyclingfederation.com\/en\/wp-json\/wp\/v2\/tags?post=4359"}],"curies":[{"name":"wp","href":"https:\/\/api.w.org\/{rel}","templated":true}]}}