{"id":4330,"date":"2021-05-16T18:48:15","date_gmt":"2021-05-16T16:48:15","guid":{"rendered":"https:\/\/www.czechcyclingfederation.com\/?p=4330"},"modified":"2021-05-16T19:18:53","modified_gmt":"2021-05-16T17:18:53","slug":"kukrle-vyhral-i-druhy-dil-skoda-cup","status":"publish","type":"post","link":"https:\/\/www.czechcyclingfederation.com\/en\/kukrle-vyhral-i-druhy-dil-skoda-cup\/","title":{"rendered":"Kukrle vyhr\u00e1l i druh\u00fd d\u00edl \u0160KODA Cup"},"content":{"rendered":"\n<p>Stejn\u011b jako prvn\u00ed d\u00edl seri\u00e1lu \u0160KODA Cupu ovl\u00e1dl i druh\u00e9 pokra\u010dov\u00e1n\u00ed, kter\u00fdm byly Vo\u017eick\u00e9 okruhy, Michael Kukrle z nejlep\u0161\u00ed \u010desk\u00e9 st\u00e1je Elkov Kasper. Po necel\u00fdch 160 kilometrech p\u0159ijel do c\u00edle s mal\u00fdm n\u00e1skokem p\u0159ed Danielem Turkem (Team Felbermayer Simplon Wels) a oba si tak zopakovali po\u0159ad\u00ed ze z\u00e1vodu Brno &#8211; Velk\u00e1 B\u00edte\u0161 &#8211; Brno, t\u0159et\u00ed skon\u010dil Karel Camrda (Topforex &#8211; Att Investments), nejep\u0161\u00ed jezdec kategorie U23.<\/p>\n\n\n\n<p>&#8220;M\u011bli jsme z\u00e1vod dob\u0159e rozjet\u00fd, ale nakonec jsme museli bojovat a\u017e do konce. Kdy\u017e jsme vp\u0159edu z\u016fstali ve trojici, tak jsem cht\u011bl po\u010dkat na Adama \u0164oupal\u00edka, ale ten n\u00e1s nedojel. J\u00e1 tak po\u0161et\u0159il s\u00edly a v\u011b\u0159il si. D\u011b\u0161\u0165 byl nep\u0159\u00edjemn\u00fd, ale ne zase tak siln\u00fd, tak\u017ee jsme se poka\u017ed\u00e9 dok\u00e1zali zah\u0159\u00e1t. V samotn\u00e9m konci jsem vystihl spr\u00e1vn\u00fd moment k \u00fatoku a to rozhodlo,&#8221; \u0159ekl Michael Kukrle.<\/p>\n\n\n\n<p>Zat\u00edmco v\u0161echny kategorie Techniserv Cupu prov\u00e1zelo p\u0159\u00edjemn\u00e9 po\u010das\u00ed, tak z\u00e1vod mu\u017e\u016f zkropil ve t\u0159et\u00edm okruhu siln\u00fd d\u00e9\u0161\u0165 a podruh\u00e9 p\u0159i\u0161el p\u0159ed z\u00e1v\u011brem z\u00e1vodu. V ka\u017ed\u00e9m okruhu \u010dekala na 173 startuj\u00edc\u00edch jezdc\u016f n\u00e1ro\u010dn\u00e1 stoup\u00e1n\u00ed, v ka\u017ed\u00e9m z nich museli nastoupat 550 v\u00fd\u0161kov\u00fdch metr\u016f, a tak bylo jasn\u00e9, \u017ee do c\u00edle se a\u017e tolik jezdc\u016f nedostane.<\/p>\n\n\n\n<p>K tomu p\u0159isp\u011bli hlavn\u011b jezdci Elkov Kasper. Prakticky hned od startu se kompletn\u00ed des\u00edtka z\u00e1vodn\u00edk\u016f t\u00e9to st\u00e1je usadila na \u010dele pelotonu, nasadila hodn\u011b ostr\u00e9 tempo a slab\u0161\u00ed z\u00e1vodn\u00edci odpadali velice rychle. Ji\u017e po t\u0159ech okruz\u00edch z\u016fstalo v prvn\u00ed skupin\u011b pouze 47 z\u00e1vodn\u00edk\u016f a redukce pokra\u010dovala i nad\u00e1le.<\/p>\n\n\n\n<p>I na vrcha\u0159sk\u00fdch pr\u00e9mi\u00edch v Rodn\u00e9 kralovali cyklist\u00e9 hradeck\u00e9 st\u00e1je. Prvn\u00ed a t\u0159et\u00ed vyhr\u00e1l Petr Kelemen a zajistil si t\u00edm prvenstv\u00ed v cel\u00e9 vrcha\u0159sk\u00e9 sout\u011b\u017ei. Zd\u00e1lo se, \u017ee triumf jezdc\u016f Elkov Kasper bude zna\u010dn\u00fd, ale nakonec se o prvenstv\u00ed strachovali. V p\u0159edposledn\u00edm okruhu nastoupil Kukrle a za n\u00edm se udr\u017eeli jen Camrda a Turek, \u010d\u00edm\u017e Elkov Kasper p\u0159i\u0161el o po\u010detn\u00ed p\u0159evahu.<\/p>\n\n\n\n<p>Velice siln\u00fd vypadal v kopc\u00edch mlad\u00edk Camrda, naopak Kukrle p\u0159estal st\u0159\u00eddat a doufal, \u017ee zezadu p\u0159ijedou posily. Ale nedo\u010dkal se, p\u0159esto\u017ee mistr republik Adam \u0164oupal\u00edk se k trojici hodn\u011b p\u0159ibl\u00ed\u017eil. U\u0161et\u0159en\u00e9 s\u00edly pou\u017eil Kukrle k rozhoduj\u00edc\u00edmu n\u00e1stupu v posledn\u00edm sjezdu, kdy si z\u00edskal n\u00e1skok, kter\u00fd pot\u00e9 uh\u00e1jil a\u017e na vo\u017eick\u00e9 n\u00e1m\u011bst\u00ed. Nastoupit zkou\u0161el i Camrda, ale marn\u011b a nakonec v sam\u00e9m z\u00e1v\u011bru mu trochu do\u0161ly s\u00edly, p\u0159esto si dojel pro sv\u016fj \u017eivotn\u00ed v\u00fdsledek.&nbsp;&nbsp;&nbsp;&nbsp;<\/p>\n\n\n\n<p>&#8220;Byla to f\u00e9rovka. V\u011bt\u0161inu z\u00e1vodu jsme jeli proti po\u010detn\u00ed p\u0159esile a druh\u00e9 m\u00edsto m\u011b hodn\u011b t\u011b\u0161\u00ed. J\u00e1 jsem takov\u00fd opatrn\u011bj\u0161\u00ed ve sjezdech a kdy\u017e zapr\u0161elo, tak jsem to nebylo nejlep\u0161\u00ed. Podruh\u00e9 druh\u00fd, ale je to skv\u011bl\u00fd v\u00fdsledek,&#8221; \u0159ekl Daniel Turek a p\u0159ekvapen\u00ed z\u00e1vodu Karel Camrda byl spokojen nadm\u00edru. Um\u00edst\u011bn\u00ed na stupn\u00edch v\u00edt\u011bz\u016f jsem v\u016fbec ne\u010dekal, ale doufal jsem, \u017ee by to mohlo dopadnout dob\u0159e. V z\u00e1v\u011bru jsem zkou\u0161el odjet, ale nepovedlo se a v z\u00e1v\u011bru mi ji\u017e doch\u00e1zelo,&#8221; dodal Karel Camrda. Ten do dal\u0161\u00edho z\u00e1vodu nastoup\u00ed v \u010derven\u00e9m trikotu pro nejlep\u0161\u00edho jezdce kategorie U23, v zelen\u00e9m pro l\u00eddra seri\u00e1lu pojede op\u011bt Kukrle.<\/p>\n\n\n\n<p>V\u00fdsledky:<\/p>\n\n\n\n<p>1. Kukrle (Elkov Kasper) 3:56:59, 2. Turek (Team Felbermayer Simplon Wels) +19, 3. Camrda (Topforex &#8211; Att Investments) +37, 4. \u0164oupal\u00edk (Elkov Kasper) +52, 5. Lehner (Rak.) +2:18, 6. Krawczyk (Pol.) +2:19.&nbsp;&nbsp;&nbsp;&nbsp;&nbsp;&nbsp;&nbsp;&nbsp;&nbsp;&nbsp;<\/p>\n\n\n\n<p>FOTO Josef Vaishar<\/p>\n\n\n\n<figure class=\"wp-block-image size-large\"><img loading=\"lazy\" decoding=\"async\" width=\"768\" height=\"1024\" src=\"https:\/\/www.czechcyclingfederation.com\/wp-content\/uploads\/2021\/05\/IMG-20210516-WA0000.jpg\" alt=\"\" class=\"wp-image-4332\" srcset=\"https:\/\/www.czechcyclingfederation.com\/wp-content\/uploads\/2021\/05\/IMG-20210516-WA0000.jpg 768w, https:\/\/www.czechcyclingfederation.com\/wp-content\/uploads\/2021\/05\/IMG-20210516-WA0000-150x200.jpg 150w\" sizes=\"auto, (max-width: 768px) 100vw, 768px\" \/><\/figure>\n\n\n\n<figure class=\"wp-block-image size-large\"><img loading=\"lazy\" decoding=\"async\" width=\"1024\" height=\"683\" src=\"https:\/\/www.czechcyclingfederation.com\/wp-content\/uploads\/2021\/05\/IMD_2212-1024x683.jpg\" alt=\"\" class=\"wp-image-4333\" srcset=\"https:\/\/www.czechcyclingfederation.com\/wp-content\/uploads\/2021\/05\/IMD_2212-1024x683.jpg 1024w, https:\/\/www.czechcyclingfederation.com\/wp-content\/uploads\/2021\/05\/IMD_2212-300x200.jpg 300w, https:\/\/www.czechcyclingfederation.com\/wp-content\/uploads\/2021\/05\/IMD_2212-768x512.jpg 768w, https:\/\/www.czechcyclingfederation.com\/wp-content\/uploads\/2021\/05\/IMD_2212-1536x1024.jpg 1536w, https:\/\/www.czechcyclingfederation.com\/wp-content\/uploads\/2021\/05\/IMD_2212-2048x1365.jpg 2048w, https:\/\/www.czechcyclingfederation.com\/wp-content\/uploads\/2021\/05\/IMD_2212-1320x880.jpg 1320w\" sizes=\"auto, (max-width: 1024px) 100vw, 1024px\" \/><\/figure>\n\n\n\n<figure class=\"wp-block-image size-large\"><img loading=\"lazy\" decoding=\"async\" width=\"1024\" height=\"683\" src=\"https:\/\/www.czechcyclingfederation.com\/wp-content\/uploads\/2021\/05\/IMD_2222-1024x683.jpg\" alt=\"\" class=\"wp-image-4334\" srcset=\"https:\/\/www.czechcyclingfederation.com\/wp-content\/uploads\/2021\/05\/IMD_2222-1024x683.jpg 1024w, https:\/\/www.czechcyclingfederation.com\/wp-content\/uploads\/2021\/05\/IMD_2222-300x200.jpg 300w, https:\/\/www.czechcyclingfederation.com\/wp-content\/uploads\/2021\/05\/IMD_2222-768x512.jpg 768w, https:\/\/www.czechcyclingfederation.com\/wp-content\/uploads\/2021\/05\/IMD_2222-1536x1024.jpg 1536w, https:\/\/www.czechcyclingfederation.com\/wp-content\/uploads\/2021\/05\/IMD_2222-2048x1365.jpg 2048w, https:\/\/www.czechcyclingfederation.com\/wp-content\/uploads\/2021\/05\/IMD_2222-1320x880.jpg 1320w\" sizes=\"auto, (max-width: 1024px) 100vw, 1024px\" \/><\/figure>\n\n\n\n<figure class=\"wp-block-image size-large\"><img loading=\"lazy\" decoding=\"async\" width=\"1024\" height=\"683\" src=\"https:\/\/www.czechcyclingfederation.com\/wp-content\/uploads\/2021\/05\/IMD_2247-1-1024x683.jpg\" alt=\"\" class=\"wp-image-4335\" srcset=\"https:\/\/www.czechcyclingfederation.com\/wp-content\/uploads\/2021\/05\/IMD_2247-1-1024x683.jpg 1024w, https:\/\/www.czechcyclingfederation.com\/wp-content\/uploads\/2021\/05\/IMD_2247-1-300x200.jpg 300w, https:\/\/www.czechcyclingfederation.com\/wp-content\/uploads\/2021\/05\/IMD_2247-1-768x512.jpg 768w, https:\/\/www.czechcyclingfederation.com\/wp-content\/uploads\/2021\/05\/IMD_2247-1-1536x1024.jpg 1536w, https:\/\/www.czechcyclingfederation.com\/wp-content\/uploads\/2021\/05\/IMD_2247-1-2048x1365.jpg 2048w, https:\/\/www.czechcyclingfederation.com\/wp-content\/uploads\/2021\/05\/IMD_2247-1-1320x880.jpg 1320w\" sizes=\"auto, (max-width: 1024px) 100vw, 1024px\" \/><\/figure>\n\n\n\n<figure class=\"wp-block-image size-large\"><img loading=\"lazy\" decoding=\"async\" width=\"1024\" height=\"683\" src=\"https:\/\/www.czechcyclingfederation.com\/wp-content\/uploads\/2021\/05\/IMD_2254-1024x683.jpg\" alt=\"\" class=\"wp-image-4336\" srcset=\"https:\/\/www.czechcyclingfederation.com\/wp-content\/uploads\/2021\/05\/IMD_2254-1024x683.jpg 1024w, https:\/\/www.czechcyclingfederation.com\/wp-content\/uploads\/2021\/05\/IMD_2254-300x200.jpg 300w, https:\/\/www.czechcyclingfederation.com\/wp-content\/uploads\/2021\/05\/IMD_2254-768x512.jpg 768w, https:\/\/www.czechcyclingfederation.com\/wp-content\/uploads\/2021\/05\/IMD_2254-1536x1024.jpg 1536w, https:\/\/www.czechcyclingfederation.com\/wp-content\/uploads\/2021\/05\/IMD_2254-2048x1365.jpg 2048w, https:\/\/www.czechcyclingfederation.com\/wp-content\/uploads\/2021\/05\/IMD_2254-1320x880.jpg 1320w\" sizes=\"auto, (max-width: 1024px) 100vw, 1024px\" \/><\/figure>\n","protected":false},"excerpt":{"rendered":"<p>Stejn\u011b jako prvn\u00ed d\u00edl seri\u00e1lu \u0160KODA Cupu ovl\u00e1dl i druh\u00e9 pokra\u010dov\u00e1n\u00ed, kter\u00fdm byly Vo\u017eick\u00e9 okruhy, Michael Kukrle z nejlep\u0161\u00ed \u010desk\u00e9 st\u00e1je Elkov Kasper. Po necel\u00fdch 160 kilometrech p\u0159ijel do c\u00edle s mal\u00fdm n\u00e1skokem p\u0159ed Danielem Turkem (Team Felbermayer Simplon Wels) a oba si tak zopakovali po\u0159ad\u00ed ze z\u00e1vodu Brno &#8211; Velk\u00e1 B\u00edte\u0161 &#8211; Brno, t\u0159et\u00ed [&hellip;]<\/p>\n","protected":false},"author":8,"featured_media":4331,"comment_status":"closed","ping_status":"open","sticky":false,"template":"","format":"standard","meta":{"footnotes":""},"categories":[2,18],"tags":[11],"class_list":["post-4330","post","type-post","status-publish","format-standard","has-post-thumbnail","hentry","category-novinky","category-silnice","tag-silnice"],"_links":{"self":[{"href":"https:\/\/www.czechcyclingfederation.com\/en\/wp-json\/wp\/v2\/posts\/4330","targetHints":{"allow":["GET"]}}],"collection":[{"href":"https:\/\/www.czechcyclingfederation.com\/en\/wp-json\/wp\/v2\/posts"}],"about":[{"href":"https:\/\/www.czechcyclingfederation.com\/en\/wp-json\/wp\/v2\/types\/post"}],"author":[{"embeddable":true,"href":"https:\/\/www.czechcyclingfederation.com\/en\/wp-json\/wp\/v2\/users\/8"}],"replies":[{"embeddable":true,"href":"https:\/\/www.czechcyclingfederation.com\/en\/wp-json\/wp\/v2\/comments?post=4330"}],"version-history":[{"count":1,"href":"https:\/\/www.czechcyclingfederation.com\/en\/wp-json\/wp\/v2\/posts\/4330\/revisions"}],"predecessor-version":[{"id":4337,"href":"https:\/\/www.czechcyclingfederation.com\/en\/wp-json\/wp\/v2\/posts\/4330\/revisions\/4337"}],"wp:featuredmedia":[{"embeddable":true,"href":"https:\/\/www.czechcyclingfederation.com\/en\/wp-json\/wp\/v2\/media\/4331"}],"wp:attachment":[{"href":"https:\/\/www.czechcyclingfederation.com\/en\/wp-json\/wp\/v2\/media?parent=4330"}],"wp:term":[{"taxonomy":"category","embeddable":true,"href":"https:\/\/www.czechcyclingfederation.com\/en\/wp-json\/wp\/v2\/categories?post=4330"},{"taxonomy":"post_tag","embeddable":true,"href":"https:\/\/www.czechcyclingfederation.com\/en\/wp-json\/wp\/v2\/tags?post=4330"}],"curies":[{"name":"wp","href":"https:\/\/api.w.org\/{rel}","templated":true}]}}