{"id":4318,"date":"2021-05-16T14:37:39","date_gmt":"2021-05-16T12:37:39","guid":{"rendered":"https:\/\/www.czechcyclingfederation.com\/?p=4318"},"modified":"2021-05-16T20:31:45","modified_gmt":"2021-05-16T18:31:45","slug":"techniserv-cup-v-mlade-vozici-ovladla-sablikova","status":"publish","type":"post","link":"https:\/\/www.czechcyclingfederation.com\/en\/techniserv-cup-v-mlade-vozici-ovladla-sablikova\/","title":{"rendered":"Techniserv Cup v Mlad\u00e9 Vo\u017eici ovl\u00e1dla S\u00e1bl\u00edkov\u00e1"},"content":{"rendered":"\n<p>Po p\u011bti letech se v z\u00e1vodu \u010cesk\u00e9ho poh\u00e1ru &#8211; Techniserv Cup postavila na start Martina S\u00e1bl\u00edkov\u00e1 startuj\u00edc\u00ed v barv\u00e1ch t\u00fdmu KRS Svratka a na okruz\u00edch v Mlad\u00e9 Vo\u017eici naprosto dominovala. Po dlouh\u00e9m s\u00f3lov\u00e9m \u00faniku p\u0159ijela do c\u00edle s obrovsk\u00fdm n\u00e1skokem 4:10 p\u0159ed Polkou Agnieskou Skalniakovou-S\u00f3jkaovou a t\u0159et\u00ed dojela dal\u0161\u00ed polsk\u00e1 cyklistka Katarzyna Wilkosov\u00e1.<\/p>\n\n\n\n<p>Ji\u017e p\u0159ed startem bylo jasn\u00e9, \u017ee z\u00e1vod m\u00e1 jedinou favoritku. N\u00e1ro\u010dn\u00fd profil trati, kde v ka\u017ed\u00e9m ze \u010dty\u0159 okruh\u016f nastoupaly z\u00e1vodnice 550 v\u00fd\u0161kov\u00fdch metr\u016f byl ter\u00e9n, v n\u011bm\u017e se S\u00e1bl\u00edkov\u00e1 c\u00edt\u00ed nejl\u00e9pe. A hned v za\u010d\u00e1tku druh\u00e9ho dvacetikilometrov\u00e9ho okruhu se v\u0161em soupe\u0159k\u00e1m vzd\u00e1lila a pak ji\u017e byla jen ot\u00e1zka s jak\u00fdm n\u00e1skokem doraz\u00ed do c\u00edle.<\/p>\n\n\n\n<p>Zachytit jej\u00ed \u00fatok se pokusila pouze Skalniakov\u00e1-S\u00f3jkaov\u00e1, ale na \u010deskou z\u00e1vodnici nesta\u010dila. P\u0159esto se dr\u017eela p\u0159ed pro\u0159\u00eddl\u00fdm hlavn\u00edm polem na kter\u00fd sice z\u00edsk\u00e1vala n\u00e1skok, ale na S\u00e1bl\u00edkovou ztr\u00e1cela. Strojov\u00e9 tempo S\u00e1bl\u00edkov\u00e9 znamenalo, \u017ee do z\u00e1v\u011bre\u010dn\u00e9ho kola vj\u00ed\u017ed\u011bla s n\u00e1skokem sedmi minut na polskou soupe\u0159ku. I proto si mohla v dovolit zvolnit, p\u0159esto c\u00edlem projela s ohromn\u00fdm n\u00e1skokem.<\/p>\n\n\n\n<p>&#8220;Trochu jsem nev\u011bd\u011bla jak na tom v bal\u00edku po tak dlouh\u00e9 dob\u011b budu. Bylo to nahoru, dolu, hodn\u011b n\u00e1ro\u010dn\u00e9, ale to j\u00e1 m\u00e1m r\u00e1da. Nav\u00edc bylo p\u011bkn\u00e9 po\u010das\u00ed, de\u0161t\u011b jsem se b\u00e1la. Ji\u017e v prvn\u00edm kole jsem se posunula dop\u0159edu, cht\u011bla jsem peloton ze\u0161t\u00edhlit, proto\u017ee ve sjezdech by to mohlo b\u00fdt nebezpe\u010dn\u00e9. Ve druh\u00e9m kole jsem z\u00edskala na kopci n\u00e1skok a pak ji\u017e jela sama a v posledn\u00edm okruhu ji\u017e nebylo kam sp\u011bchat,&#8221; popsala z\u00e1vod S\u00e1bl\u00edkov\u00e1.<\/p>\n\n\n\n<p>Z dal\u0161\u00edch \u010desk\u00fdch z\u00e1vodnic dojela do c\u00edle \u010dtvrt\u00e1 S\u00e1bl\u00edkov\u00e9 kolegyn\u011b z rychlobruslen\u00ed i t\u00fdmu Nikola Zdr\u00e1halov\u00e1, jej\u00ed ztr\u00e1ta se v\u0161ak ji\u017e bl\u00ed\u017eila dev\u00edti minut\u00e1m, stejn\u011b jako v p\u0159\u00edpad\u011b \u0161est\u00e9 mistryn\u011b republiky Jarmily Macha\u010dov\u00e9 z Dukly Praha.&nbsp;&nbsp;&nbsp;&nbsp;&nbsp;&nbsp;&nbsp;<\/p>\n\n\n\n<p>To z\u00e1vod junior\u016f byl naopak velice vyrovnan\u00fd a odstupy minim\u00e1ln\u00ed. Snaha o \u00faniky sice byla, ale ostatn\u00ed nikoho odjet nenechali. A\u017e v z\u00e1v\u011bru se mal\u00fd n\u00e1skok poda\u0159ilo z\u00edskat rakousk\u00e9 dvojici, kter\u00e1 projela c\u00edlem s n\u00e1skokem deseti vte\u0159in, ve spurtu o t\u0159et\u00ed m\u00edsto t\u011bsn\u011b p\u0159ed\u010dil Maty\u00e1\u0161 Fiala (CEZ Cyklo Team T\u00e1bor) Adama Seemana z TJ Stadion Louny.<\/p>\n\n\n\n<p>&#8220;Bylo to hodn\u011b t\u011b\u017ek\u00e9 a moc se nejelo, v\u00edce se taktizovalo. T\u0159ikr\u00e1t jsem se pokou\u0161el ujet, ale soupe\u0159i si n\u00e1s hl\u00eddali. Povolili ujet a\u017e dv\u011bma Raku\u0161an\u016fm, a tak jsem za t\u0159et\u00ed m\u00edsto nadm\u00edru spokojen,&#8221; \u0159ekl Maty\u00e1\u0161 Fiala.<\/p>\n\n\n\n<p>Mezi juniorkami se rovn\u011b\u017e rozhodovalo se spurtu a v n\u011bm byl nejrychlej\u0161\u00ed Anna R\u016f\u017ei\u010dkov\u00e1 z Dukly Praha, kter\u00e1 vyhr\u00e1la p\u0159ed Juli\u00ed Kopecky (LRTV Swift) a Raku\u0161ankou Danielou Schmidbergerovou, \u010dtvrt\u00e1 v c\u00edli Krist\u00fdny Zemanov\u00e1 (Brilon Racing Team MB) ji\u017e m\u011bla ztr\u00e1tu 4:35.<\/p>\n\n\n\n<p>V\u00fdsledky:<\/p>\n\n\n\n<p>Kadetky:<\/p>\n\n\n\n<p>1. Markov\u00e1 (Dukla Praha) 1:14:12, 2. Han\u00e1kov\u00e1 (CPO Team) +1:44, 3. Grulichov\u00e1 (TUFO Pardus Prost\u011bjov) +2:35.<\/p>\n\n\n\n<p>Kadeti:<\/p>\n\n\n\n<p>1. Nov\u00e1k (SR) 1:32:40, 2. B\u00e1rta (TJ Stadion Louny) +17, 3. \u0160ump\u00edk (Jaroslav Kulhavy Cycling Team) +18.<\/p>\n\n\n\n<p>Juniorky:<\/p>\n\n\n\n<p>1. R\u016f\u017ei\u010dkov\u00e1 (Dukla Praha) 2:22:03, 2. Kopecky (LRTV Swift) stejn\u00fd \u010das, 3. Schmidbergerov\u00e1 (Rak.) +1, 4. Zemanov\u00e1 (Brilon Racing Team MB) +4:35, 5. Martiniov\u00e1 (Rak.) +4:39, 6. Runtov\u00e1 (Sportraces Cycling Team) +4:41.<\/p>\n\n\n\n<p>Junio\u0159i:<\/p>\n\n\n\n<p>1. H\u00f6randter 2:38:18, 2. Paumann (oba Rak.) stejn\u00fd \u010das, 3. Fiala (\u010cEZ Cyklo Team T\u00e1bor), 4. Seeman (TJ Stadion Louny), 5. Ungvarsk\u00fd (SR), 6. Sporysch (Roman Kreuziger Cycling Academy) v\u0161ichni +10.<\/p>\n\n\n\n<p>\u017deny:<\/p>\n\n\n\n<p>1. S\u00e1bl\u00edkov\u00e1 (KRS Svratka) 2:13:06, 2. Skalniakov\u00e1-S\u00f3jkaov\u00e1 +4:10, 3. Wilkosov\u00e1 (ob\u011b Pol.), 4. Zdr\u00e1halov\u00e1 (KRS Svratka) ob\u011b +8:50, 5. Wloraczykov\u00e1 (Pol.) +8:53, 6. Macha\u010dov\u00e1 (Dukla Praha) +8:59.&nbsp;&nbsp;&nbsp;&nbsp;&nbsp;<\/p>\n\n\n\n<p>FOTO Josef Vaishar<\/p>\n\n\n\n<figure class=\"wp-block-image size-large\"><img loading=\"lazy\" decoding=\"async\" width=\"1024\" height=\"683\" src=\"https:\/\/www.czechcyclingfederation.com\/wp-content\/uploads\/2021\/05\/Sablikova-IMC_2111-1024x683.jpg\" alt=\"\" class=\"wp-image-4320\" srcset=\"https:\/\/www.czechcyclingfederation.com\/wp-content\/uploads\/2021\/05\/Sablikova-IMC_2111-1024x683.jpg 1024w, https:\/\/www.czechcyclingfederation.com\/wp-content\/uploads\/2021\/05\/Sablikova-IMC_2111-300x200.jpg 300w, https:\/\/www.czechcyclingfederation.com\/wp-content\/uploads\/2021\/05\/Sablikova-IMC_2111-768x512.jpg 768w, https:\/\/www.czechcyclingfederation.com\/wp-content\/uploads\/2021\/05\/Sablikova-IMC_2111-1536x1024.jpg 1536w, https:\/\/www.czechcyclingfederation.com\/wp-content\/uploads\/2021\/05\/Sablikova-IMC_2111-2048x1365.jpg 2048w, https:\/\/www.czechcyclingfederation.com\/wp-content\/uploads\/2021\/05\/Sablikova-IMC_2111-1320x880.jpg 1320w\" sizes=\"auto, (max-width: 1024px) 100vw, 1024px\" \/><\/figure>\n\n\n\n<figure class=\"wp-block-image size-large\"><img loading=\"lazy\" decoding=\"async\" width=\"1024\" height=\"683\" src=\"https:\/\/www.czechcyclingfederation.com\/wp-content\/uploads\/2021\/05\/Fiala-IMC_2341-1024x683.jpg\" alt=\"\" class=\"wp-image-4321\" srcset=\"https:\/\/www.czechcyclingfederation.com\/wp-content\/uploads\/2021\/05\/Fiala-IMC_2341-1024x683.jpg 1024w, https:\/\/www.czechcyclingfederation.com\/wp-content\/uploads\/2021\/05\/Fiala-IMC_2341-300x200.jpg 300w, https:\/\/www.czechcyclingfederation.com\/wp-content\/uploads\/2021\/05\/Fiala-IMC_2341-768x512.jpg 768w, https:\/\/www.czechcyclingfederation.com\/wp-content\/uploads\/2021\/05\/Fiala-IMC_2341-1536x1024.jpg 1536w, https:\/\/www.czechcyclingfederation.com\/wp-content\/uploads\/2021\/05\/Fiala-IMC_2341-2048x1365.jpg 2048w, https:\/\/www.czechcyclingfederation.com\/wp-content\/uploads\/2021\/05\/Fiala-IMC_2341-1320x880.jpg 1320w\" sizes=\"auto, (max-width: 1024px) 100vw, 1024px\" \/><\/figure>\n\n\n\n<figure class=\"wp-block-image size-large\"><img loading=\"lazy\" decoding=\"async\" width=\"1024\" height=\"683\" src=\"https:\/\/www.czechcyclingfederation.com\/wp-content\/uploads\/2021\/05\/Kopecky-Ruzickova-IMD_2149-1024x683.jpg\" alt=\"\" class=\"wp-image-4322\" srcset=\"https:\/\/www.czechcyclingfederation.com\/wp-content\/uploads\/2021\/05\/Kopecky-Ruzickova-IMD_2149-1024x683.jpg 1024w, https:\/\/www.czechcyclingfederation.com\/wp-content\/uploads\/2021\/05\/Kopecky-Ruzickova-IMD_2149-300x200.jpg 300w, https:\/\/www.czechcyclingfederation.com\/wp-content\/uploads\/2021\/05\/Kopecky-Ruzickova-IMD_2149-768x512.jpg 768w, https:\/\/www.czechcyclingfederation.com\/wp-content\/uploads\/2021\/05\/Kopecky-Ruzickova-IMD_2149-1536x1024.jpg 1536w, https:\/\/www.czechcyclingfederation.com\/wp-content\/uploads\/2021\/05\/Kopecky-Ruzickova-IMD_2149-2048x1365.jpg 2048w, https:\/\/www.czechcyclingfederation.com\/wp-content\/uploads\/2021\/05\/Kopecky-Ruzickova-IMD_2149-1320x880.jpg 1320w\" sizes=\"auto, (max-width: 1024px) 100vw, 1024px\" \/><\/figure>\n\n\n\n<figure class=\"wp-block-image size-large\"><img loading=\"lazy\" decoding=\"async\" width=\"1024\" height=\"768\" src=\"https:\/\/www.czechcyclingfederation.com\/wp-content\/uploads\/2021\/05\/Kadeti-IMG_1008-1024x768.jpg\" alt=\"\" class=\"wp-image-4323\" srcset=\"https:\/\/www.czechcyclingfederation.com\/wp-content\/uploads\/2021\/05\/Kadeti-IMG_1008-1024x768.jpg 1024w, https:\/\/www.czechcyclingfederation.com\/wp-content\/uploads\/2021\/05\/Kadeti-IMG_1008-267x200.jpg 267w, https:\/\/www.czechcyclingfederation.com\/wp-content\/uploads\/2021\/05\/Kadeti-IMG_1008-768x576.jpg 768w, https:\/\/www.czechcyclingfederation.com\/wp-content\/uploads\/2021\/05\/Kadeti-IMG_1008.jpg 1280w\" sizes=\"auto, (max-width: 1024px) 100vw, 1024px\" \/><\/figure>\n\n\n\n<figure class=\"wp-block-image size-large\"><img loading=\"lazy\" decoding=\"async\" width=\"1024\" height=\"768\" src=\"https:\/\/www.czechcyclingfederation.com\/wp-content\/uploads\/2021\/05\/Kadetky-1024x768.jpg\" alt=\"\" class=\"wp-image-4324\" srcset=\"https:\/\/www.czechcyclingfederation.com\/wp-content\/uploads\/2021\/05\/Kadetky-1024x768.jpg 1024w, https:\/\/www.czechcyclingfederation.com\/wp-content\/uploads\/2021\/05\/Kadetky-267x200.jpg 267w, https:\/\/www.czechcyclingfederation.com\/wp-content\/uploads\/2021\/05\/Kadetky-768x576.jpg 768w, https:\/\/www.czechcyclingfederation.com\/wp-content\/uploads\/2021\/05\/Kadetky.jpg 1257w\" sizes=\"auto, (max-width: 1024px) 100vw, 1024px\" \/><\/figure>\n","protected":false},"excerpt":{"rendered":"<p>Po p\u011bti letech se v z\u00e1vodu \u010cesk\u00e9ho poh\u00e1ru &#8211; Techniserv Cup postavila na start Martina S\u00e1bl\u00edkov\u00e1 startuj\u00edc\u00ed v barv\u00e1ch t\u00fdmu KRS Svratka a na okruz\u00edch v Mlad\u00e9 Vo\u017eici naprosto dominovala. Po dlouh\u00e9m s\u00f3lov\u00e9m \u00faniku p\u0159ijela do c\u00edle s obrovsk\u00fdm n\u00e1skokem 4:10 p\u0159ed Polkou Agnieskou Skalniakovou-S\u00f3jkaovou a t\u0159et\u00ed dojela dal\u0161\u00ed polsk\u00e1 cyklistka Katarzyna Wilkosov\u00e1. Ji\u017e p\u0159ed [&hellip;]<\/p>\n","protected":false},"author":8,"featured_media":4319,"comment_status":"closed","ping_status":"open","sticky":false,"template":"","format":"standard","meta":{"footnotes":""},"categories":[2,18],"tags":[11],"class_list":["post-4318","post","type-post","status-publish","format-standard","has-post-thumbnail","hentry","category-novinky","category-silnice","tag-silnice"],"_links":{"self":[{"href":"https:\/\/www.czechcyclingfederation.com\/en\/wp-json\/wp\/v2\/posts\/4318","targetHints":{"allow":["GET"]}}],"collection":[{"href":"https:\/\/www.czechcyclingfederation.com\/en\/wp-json\/wp\/v2\/posts"}],"about":[{"href":"https:\/\/www.czechcyclingfederation.com\/en\/wp-json\/wp\/v2\/types\/post"}],"author":[{"embeddable":true,"href":"https:\/\/www.czechcyclingfederation.com\/en\/wp-json\/wp\/v2\/users\/8"}],"replies":[{"embeddable":true,"href":"https:\/\/www.czechcyclingfederation.com\/en\/wp-json\/wp\/v2\/comments?post=4318"}],"version-history":[{"count":2,"href":"https:\/\/www.czechcyclingfederation.com\/en\/wp-json\/wp\/v2\/posts\/4318\/revisions"}],"predecessor-version":[{"id":4327,"href":"https:\/\/www.czechcyclingfederation.com\/en\/wp-json\/wp\/v2\/posts\/4318\/revisions\/4327"}],"wp:featuredmedia":[{"embeddable":true,"href":"https:\/\/www.czechcyclingfederation.com\/en\/wp-json\/wp\/v2\/media\/4319"}],"wp:attachment":[{"href":"https:\/\/www.czechcyclingfederation.com\/en\/wp-json\/wp\/v2\/media?parent=4318"}],"wp:term":[{"taxonomy":"category","embeddable":true,"href":"https:\/\/www.czechcyclingfederation.com\/en\/wp-json\/wp\/v2\/categories?post=4318"},{"taxonomy":"post_tag","embeddable":true,"href":"https:\/\/www.czechcyclingfederation.com\/en\/wp-json\/wp\/v2\/tags?post=4318"}],"curies":[{"name":"wp","href":"https:\/\/api.w.org\/{rel}","templated":true}]}}