{"id":42931,"date":"2026-09-05T18:46:32","date_gmt":"2026-09-05T16:46:32","guid":{"rendered":"https:\/\/www.czechcyclingfederation.com\/?p=42931"},"modified":"2026-09-05T18:46:35","modified_gmt":"2026-09-05T16:46:35","slug":"zatloukal-a-tvaruzkova-vitezi-ceskeho-poharu-mtb","status":"publish","type":"post","link":"https:\/\/www.czechcyclingfederation.com\/en\/zatloukal-a-tvaruzkova-vitezi-ceskeho-poharu-mtb\/","title":{"rendered":"Zatloukal a Tvar\u016f\u017ekov\u00e1 v\u00edt\u011bzi \u010cesk\u00e9ho poh\u00e1ru MTB"},"content":{"rendered":"\n<p class=\"wp-block-paragraph\"><strong>Jan Zatloukal z t\u00fdmu Nutrend Specialized SKR Racing a Tereza Tvar\u016f\u017ekov\u00e1 z formace \u010cesk\u00e1 Spo\u0159itelna-Accolade jsou celkov\u00fdmi v\u00edt\u011bzi \u010cesk\u00e9ho poh\u00e1ru horsk\u00fdch kol cross country, kter\u00fd v sobotu vyvrcholil v Nov\u00e9m M\u011bst\u011b na Morav\u011b. P\u0159i z\u00e1v\u011bre\u010dn\u00e9m d\u011bjstv\u00ed se ve skv\u011bl\u00e9 konkurenci bl\u00fdskli shodn\u011b druh\u00fdm m\u00edstem pr\u00e1v\u011b Zatloukal a mezi \u017eenami Ad\u00e9la Holubov\u00e1 v dresu Rouvy.<\/strong><\/p>\n\n\n\n<p class=\"wp-block-paragraph\">&#8220;Jsem spokojen\u00fd. Schuermans je sv\u011btov\u00e1 extrat\u0159\u00edda. Fakt, \u017ee jsem se s n\u00edm dr\u017eel polovinu z\u00e1vodu, je naprosto super,&#8221; prohl\u00e1sil Jan Zatloukal po z\u00e1v\u011bre\u010dn\u00e9m p\u0159edstaven\u00ed v \u010cesk\u00e9m poh\u00e1ru.<\/p>\n\n\n\n<figure class=\"wp-block-image size-large\"><img loading=\"lazy\" decoding=\"async\" width=\"1024\" height=\"683\" src=\"http:\/\/www.czechcyclingfederation.com\/wp-content\/uploads\/2026\/09\/CR312249-1024x683.jpg\" alt=\"\" class=\"wp-image-42938\" srcset=\"https:\/\/www.czechcyclingfederation.com\/wp-content\/uploads\/2026\/09\/CR312249-1024x683.jpg 1024w, https:\/\/www.czechcyclingfederation.com\/wp-content\/uploads\/2026\/09\/CR312249-300x200.jpg 300w, https:\/\/www.czechcyclingfederation.com\/wp-content\/uploads\/2026\/09\/CR312249-768x512.jpg 768w, https:\/\/www.czechcyclingfederation.com\/wp-content\/uploads\/2026\/09\/CR312249-1536x1024.jpg 1536w, https:\/\/www.czechcyclingfederation.com\/wp-content\/uploads\/2026\/09\/CR312249-1320x880.jpg 1320w, https:\/\/www.czechcyclingfederation.com\/wp-content\/uploads\/2026\/09\/CR312249.jpg 2048w\" sizes=\"auto, (max-width: 1024px) 100vw, 1024px\" \/><\/figure>\n\n\n\n<p class=\"wp-block-paragraph\">Druhou p\u0159\u00ed\u010dku si zajistil dal\u0161\u00ed obrovsk\u00fd p\u0159\u00edsun bod\u016f v seri\u00e1lu a potvrdil celkov\u00e9 prvenstv\u00ed. V \u010dele m\u00e1 po p\u011bti z\u00e1vodech naprosto komfortn\u00ed n\u00e1skok. &#8220;Jde o odraz cel\u00e9 sezony. Jsem s v\u00fdsledky na dom\u00e1c\u00ed sc\u00e9n\u011b spokojen\u00fd,&#8221; prohl\u00e1sil Jan Zatloukal, kter\u00fd dojel t\u0159et\u00ed v Tou\u0161kov\u011b, \u010dtvrt\u00fd ve Vimperku, vyhr\u00e1l republikov\u00fd \u0161ampion\u00e1t v Bed\u0159ichov\u011b a shodn\u011b druhou p\u0159\u00ed\u010dku bral v Ostrav\u011b a Nov\u00e9m M\u011bst\u011b na Morav\u011b. Nyn\u00ed jej je\u0161t\u011b \u010dek\u00e1 sv\u011btov\u00fd poh\u00e1r v USA.<\/p>\n\n\n\n<figure class=\"wp-block-image size-large\"><img loading=\"lazy\" decoding=\"async\" width=\"1024\" height=\"683\" src=\"http:\/\/www.czechcyclingfederation.com\/wp-content\/uploads\/2026\/09\/260905-cpmtb-nmnm-13308-1024x683.jpg\" alt=\"\" class=\"wp-image-42934\" srcset=\"https:\/\/www.czechcyclingfederation.com\/wp-content\/uploads\/2026\/09\/260905-cpmtb-nmnm-13308-1024x683.jpg 1024w, https:\/\/www.czechcyclingfederation.com\/wp-content\/uploads\/2026\/09\/260905-cpmtb-nmnm-13308-300x200.jpg 300w, https:\/\/www.czechcyclingfederation.com\/wp-content\/uploads\/2026\/09\/260905-cpmtb-nmnm-13308-768x512.jpg 768w, https:\/\/www.czechcyclingfederation.com\/wp-content\/uploads\/2026\/09\/260905-cpmtb-nmnm-13308-1536x1024.jpg 1536w, https:\/\/www.czechcyclingfederation.com\/wp-content\/uploads\/2026\/09\/260905-cpmtb-nmnm-13308-1320x880.jpg 1320w, https:\/\/www.czechcyclingfederation.com\/wp-content\/uploads\/2026\/09\/260905-cpmtb-nmnm-13308.jpg 2048w\" sizes=\"auto, (max-width: 1024px) 100vw, 1024px\" \/><\/figure>\n\n\n\n<p class=\"wp-block-paragraph\">Mezi \u017eenami vybojovala druh\u00e9 m\u00edsto v Nov\u00e9m M\u011bst\u011b na Morav\u011b Ad\u00e9la Holubov\u00e1. &#8220;Lia Schrieversov\u00e1 jezd\u00ed ve sv\u011btov\u00e9m poh\u00e1ru pravideln\u011b do dvac\u00edtky nebo nejh\u016f\u0159e do p\u011btadvac\u00e1t\u00e9ho m\u00edsta. Dok\u00e1zala jsem s n\u00ed dr\u017eet tempo. Jsem z v\u00fdkonu tro\u0161ku p\u0159ekvapen\u00e1, ka\u017edop\u00e1dn\u011b moc \u0161\u0165astn\u00e1,&#8221; \u0159\u00edkala Ad\u00e9la Holubov\u00e1 obl\u00e9kaj\u00edc\u00ed dres Rouvy. &#8220;\u010cekala jsem od sezony tro\u0161ku v\u00edce, ale na konci se v\u00fdsledky zvedly.&#8221;<\/p>\n\n\n\n<figure class=\"wp-block-image size-large\"><img loading=\"lazy\" decoding=\"async\" width=\"1024\" height=\"683\" src=\"http:\/\/www.czechcyclingfederation.com\/wp-content\/uploads\/2026\/09\/CR319340-1024x683.jpg\" alt=\"\" class=\"wp-image-42940\" srcset=\"https:\/\/www.czechcyclingfederation.com\/wp-content\/uploads\/2026\/09\/CR319340-1024x683.jpg 1024w, https:\/\/www.czechcyclingfederation.com\/wp-content\/uploads\/2026\/09\/CR319340-300x200.jpg 300w, https:\/\/www.czechcyclingfederation.com\/wp-content\/uploads\/2026\/09\/CR319340-768x512.jpg 768w, https:\/\/www.czechcyclingfederation.com\/wp-content\/uploads\/2026\/09\/CR319340-1536x1024.jpg 1536w, https:\/\/www.czechcyclingfederation.com\/wp-content\/uploads\/2026\/09\/CR319340-1320x880.jpg 1320w, https:\/\/www.czechcyclingfederation.com\/wp-content\/uploads\/2026\/09\/CR319340.jpg 2048w\" sizes=\"auto, (max-width: 1024px) 100vw, 1024px\" \/><\/figure>\n\n\n\n<p class=\"wp-block-paragraph\">Body za p\u00e1tou p\u0159\u00ed\u010dku znamenaly celkov\u00e9 v\u00edt\u011bzstv\u00ed v poh\u00e1rov\u00e9 sout\u011b\u017ei pro Terezu Tvar\u016f\u017ekovou. Z\u00e1vodnice t\u00fdmu \u010cesk\u00e1 Spo\u0159itelna Accolade byla \u010dtvrt\u00e1 v Tou\u0161kov\u011b, p\u00e1t\u00e1 ve Vimperku, t\u0159et\u00ed v Bed\u0159ihov\u011b a v Ostrav\u011b, nyn\u00ed p\u0159idala p\u00e1tou p\u0159\u00ed\u010dku v Nov\u00e9m M\u011bst\u011b na Morav\u011b a celkem nashrom\u00e1\u017edila 1370 bod\u016f.<\/p>\n\n\n\n<figure class=\"wp-block-image size-large\"><img loading=\"lazy\" decoding=\"async\" width=\"1024\" height=\"683\" src=\"http:\/\/www.czechcyclingfederation.com\/wp-content\/uploads\/2026\/09\/260905-cpmtb-nmnm-13149-1024x683.jpg\" alt=\"\" class=\"wp-image-42932\" srcset=\"https:\/\/www.czechcyclingfederation.com\/wp-content\/uploads\/2026\/09\/260905-cpmtb-nmnm-13149-1024x683.jpg 1024w, https:\/\/www.czechcyclingfederation.com\/wp-content\/uploads\/2026\/09\/260905-cpmtb-nmnm-13149-300x200.jpg 300w, https:\/\/www.czechcyclingfederation.com\/wp-content\/uploads\/2026\/09\/260905-cpmtb-nmnm-13149-768x512.jpg 768w, https:\/\/www.czechcyclingfederation.com\/wp-content\/uploads\/2026\/09\/260905-cpmtb-nmnm-13149-1536x1024.jpg 1536w, https:\/\/www.czechcyclingfederation.com\/wp-content\/uploads\/2026\/09\/260905-cpmtb-nmnm-13149-1320x880.jpg 1320w, https:\/\/www.czechcyclingfederation.com\/wp-content\/uploads\/2026\/09\/260905-cpmtb-nmnm-13149.jpg 2048w\" sizes=\"auto, (max-width: 1024px) 100vw, 1024px\" \/><\/figure>\n\n\n\n<p class=\"wp-block-paragraph\"><strong>V\u00fdsledky &#8211; \u010cP Nov\u00e9 M\u011bsto na Morav\u011b<br>Mu\u017ei<\/strong>: 1. Schuermans (Bel., Gian Factory) 1:19:16 hod., 2. Zatloukal (\u010cR, Nutrend Specialized SKR Racing) +1:31 min., 3. Johansson (\u0160v\u00e9d., Misser Project) + 2:09 min., 4. Siffredi (It., KTM Protek Elektrosystem) 2:44 min., 5. S\u00e1ska (\u010cR, Subtera MTB) +3:37 min., \u20267. Novotn\u00fd (Nutrend Specialized SKR Racing) +4:36 min., 10. Hojka (v\u0161. \u010cR, Expres CZ Elmtrade Kol\u00edn) +5:48 min. <strong>Kone\u010dn\u00e9 po\u0159ad\u00ed \u010cesk\u00e9ho poh\u00e1ru:<\/strong> 1. Zatloukal 1510 bod\u016f, 2. Hojka 1215, 3. Novotn\u00fd (Nutrend Specialized SKR Racing) 1190, 4. Holub (\u010cesk\u00e1 Spo\u0159itelna Accolade) 1010, 5. Najser (\u010cesk\u00e1 Spo\u0159itelna Accolade) 930.<\/p>\n\n\n\n<p class=\"wp-block-paragraph\"><strong>\u017deny<\/strong>: 1. Schrieversov\u00e1 (N\u011bm., KMC Nukeproof MTB) 1:22:22 hod., 2. Holubov\u00e1 (\u010cR, Rouvy) +59, 3. Grzegorzewska (Project28) +3:24 min., 4. Wojtyla (ob\u011b Pol., Superior Zator) +4:51 min., 5. Tvar\u016f\u017ekov\u00e1 (\u010cR, \u010cesk\u00e1 Spo\u0159itelna-Accolade) +5:06 min., 6. Gottwaldov\u00e1 (Nutrend Specialized SKR Racing) +7:29 min., 7. Czeczinkarov\u00e1 (v\u0161. \u010cR, \u010cesk\u00e1 Spo\u0159itelna-Accolade) +8:18 min. <strong>Kone\u010dn\u00e9 po\u0159ad\u00ed \u010cesk\u00e9ho poh\u00e1ru:<\/strong> 1. Tvar\u016f\u017ekov\u00e1 1370, 2. Grzegorzewska 1290, 3. Gottwaldov\u00e1 1285, 4. Czeczinkarov\u00e1 1220, 5. Holubov\u00e1 1190.<\/p>\n\n\n\n<p class=\"wp-block-paragraph\">Foto: Pavel K\u0159ikava<\/p>\n","protected":false},"excerpt":{"rendered":"<p>Jan Zatloukal z t\u00fdmu Nutrend Specialized SKR Racing a Tereza Tvar\u016f\u017ekov\u00e1 z formace \u010cesk\u00e1 Spo\u0159itelna-Accolade jsou celkov\u00fdmi v\u00edt\u011bzi \u010cesk\u00e9ho poh\u00e1ru horsk\u00fdch kol cross country, kter\u00fd v sobotu vyvrcholil v Nov\u00e9m M\u011bst\u011b na Morav\u011b. P\u0159i z\u00e1v\u011bre\u010dn\u00e9m d\u011bjstv\u00ed se ve skv\u011bl\u00e9 konkurenci bl\u00fdskli shodn\u011b druh\u00fdm m\u00edstem pr\u00e1v\u011b Zatloukal a mezi \u017eenami Ad\u00e9la Holubov\u00e1 v dresu Rouvy. &#8220;Jsem [&hellip;]<\/p>\n","protected":false},"author":30,"featured_media":42936,"comment_status":"closed","ping_status":"open","sticky":false,"template":"","format":"standard","meta":{"footnotes":""},"categories":[46,7],"tags":[10],"class_list":["post-42931","post","type-post","status-publish","format-standard","has-post-thumbnail","hentry","category-novinky-sportovni-centra","category-uvodni-stranka","tag-mtb"],"_links":{"self":[{"href":"https:\/\/www.czechcyclingfederation.com\/en\/wp-json\/wp\/v2\/posts\/42931","targetHints":{"allow":["GET"]}}],"collection":[{"href":"https:\/\/www.czechcyclingfederation.com\/en\/wp-json\/wp\/v2\/posts"}],"about":[{"href":"https:\/\/www.czechcyclingfederation.com\/en\/wp-json\/wp\/v2\/types\/post"}],"author":[{"embeddable":true,"href":"https:\/\/www.czechcyclingfederation.com\/en\/wp-json\/wp\/v2\/users\/30"}],"replies":[{"embeddable":true,"href":"https:\/\/www.czechcyclingfederation.com\/en\/wp-json\/wp\/v2\/comments?post=42931"}],"version-history":[{"count":1,"href":"https:\/\/www.czechcyclingfederation.com\/en\/wp-json\/wp\/v2\/posts\/42931\/revisions"}],"predecessor-version":[{"id":42942,"href":"https:\/\/www.czechcyclingfederation.com\/en\/wp-json\/wp\/v2\/posts\/42931\/revisions\/42942"}],"wp:featuredmedia":[{"embeddable":true,"href":"https:\/\/www.czechcyclingfederation.com\/en\/wp-json\/wp\/v2\/media\/42936"}],"wp:attachment":[{"href":"https:\/\/www.czechcyclingfederation.com\/en\/wp-json\/wp\/v2\/media?parent=42931"}],"wp:term":[{"taxonomy":"category","embeddable":true,"href":"https:\/\/www.czechcyclingfederation.com\/en\/wp-json\/wp\/v2\/categories?post=42931"},{"taxonomy":"post_tag","embeddable":true,"href":"https:\/\/www.czechcyclingfederation.com\/en\/wp-json\/wp\/v2\/tags?post=42931"}],"curies":[{"name":"wp","href":"https:\/\/api.w.org\/{rel}","templated":true}]}}