{"id":42911,"date":"2026-09-05T07:47:57","date_gmt":"2026-09-05T05:47:57","guid":{"rendered":"https:\/\/www.czechcyclingfederation.com\/?p=42911"},"modified":"2026-09-05T07:50:09","modified_gmt":"2026-09-05T05:50:09","slug":"patrik-jahoda-mistrem-sveta-pavlina-vejvodova-stribrna","status":"publish","type":"post","link":"https:\/\/www.czechcyclingfederation.com\/en\/patrik-jahoda-mistrem-sveta-pavlina-vejvodova-stribrna\/","title":{"rendered":"Patrik Jahoda mistrem sv\u011bta v \u010dasovce, Pavl\u00edna Vejvodov\u00e1 st\u0159\u00edbrn\u00e1!"},"content":{"rendered":"\n<p class=\"wp-block-paragraph\">Fantasticky vstoupili \u010de\u0161t\u00ed reprezentanti do sv\u011btov\u00e9ho \u0161ampion\u00e1tu v&nbsp;para cyklistice v americk\u00e9m Huntsville. V&nbsp;extr\u00e9mn\u00edch klimatick\u00fdch podm\u00ednk\u00e1ch vybojoval handbiker <strong>Patrik Jahoda<\/strong> titul mistra sv\u011bta v&nbsp;\u010dasovce a <strong>Pavl\u00edna Vejvodov\u00e1<\/strong> z\u00edskala st\u0159\u00edbro ve stejn\u00e9 discipl\u00edn\u011b na tricyklu!<\/p>\n\n\n\n<p class=\"wp-block-paragraph\">\u201e<em>Je to neuv\u011b\u0159iteln\u00e9. O&nbsp;tomto okam\u017eiku jsem snil \u0161estn\u00e1ct let od chv\u00edle, kdy jsem na handbiku za\u010dal jezdit. Zn\u00ed to sice jako kli\u0161\u00e9, ale po\u0159\u00e1d mi to \u00fapln\u011b nedoch\u00e1z\u00ed. Je to zkr\u00e1tka nejlep\u0161\u00ed den m\u00e9ho \u017eivota<\/em>,\u201c neskr\u00fdval obrovsk\u00e9 emoce \u010derstv\u00fd mistr sv\u011bta Jahoda.<\/p>\n\n\n\n<p class=\"wp-block-paragraph\">\u201e<em>Tra\u0165 mi sedla snad nejv\u00edc ze v\u0161ech z\u00e1vod\u016f v&nbsp;kari\u00e9\u0159e, byla velmi rychl\u00e1. D\u00edky tomu, \u017ee jsem do Ameriky p\u0159ilet\u011bl s&nbsp;dvout\u00fddenn\u00edm p\u0159edstihem, stihl jsem se na zdej\u0161\u00ed horko adaptovat. Z\u00e1vod byl i&nbsp;tak extr\u00e9mn\u011b t\u011b\u017ek\u00fd a nep\u0159\u00edjemn\u00fd, ale soupe\u0159\u016fm evidentn\u011b do\u0161ly s\u00edly d\u0159\u00edve ne\u017e mn\u011b<\/em>,\u201c p\u0159iznal po z\u00e1vod\u011b.<\/p>\n\n\n\n<figure class=\"wp-block-image size-large\"><img loading=\"lazy\" decoding=\"async\" width=\"1024\" height=\"578\" src=\"https:\/\/www.czechcyclingfederation.com\/wp-content\/uploads\/2026\/09\/jahoda-1024x578.jpg\" alt=\"\" class=\"wp-image-42917\" srcset=\"https:\/\/www.czechcyclingfederation.com\/wp-content\/uploads\/2026\/09\/jahoda-1024x578.jpg 1024w, https:\/\/www.czechcyclingfederation.com\/wp-content\/uploads\/2026\/09\/jahoda-300x169.jpg 300w, https:\/\/www.czechcyclingfederation.com\/wp-content\/uploads\/2026\/09\/jahoda-768x433.jpg 768w, https:\/\/www.czechcyclingfederation.com\/wp-content\/uploads\/2026\/09\/jahoda-1536x867.jpg 1536w, https:\/\/www.czechcyclingfederation.com\/wp-content\/uploads\/2026\/09\/jahoda-2048x1155.jpg 2048w, https:\/\/www.czechcyclingfederation.com\/wp-content\/uploads\/2026\/09\/jahoda-1320x745.jpg 1320w\" sizes=\"auto, (max-width: 1024px) 100vw, 1024px\" \/><\/figure>\n\n\n\n<p class=\"wp-block-paragraph\">Z\u00e1vodn\u00edci se museli vyrovnat s&nbsp;velmi n\u00e1ro\u010dn\u00fdmi podm\u00ednkami. Teploty \u0161plhaly k&nbsp;38 stup\u0148\u016fm Celsia, p\u0159i\u010dem\u017e pocitov\u00e1 teplota v&nbsp;dusn\u00e9m alabamsk\u00e9m vzduchu p\u0159esahovala \u010dty\u0159ic\u00edtku. Pro v\u0161echny vypsan\u00e9 kategorie byl p\u0159ipraven toto\u017en\u00fd okruh o&nbsp;d\u00e9lce 14,6 kilometru.<\/p>\n\n\n\n<figure class=\"wp-block-image size-large\"><img loading=\"lazy\" decoding=\"async\" width=\"1024\" height=\"683\" src=\"https:\/\/www.czechcyclingfederation.com\/wp-content\/uploads\/2026\/09\/DSC00117-1024x683.jpg\" alt=\"\" class=\"wp-image-42925\" srcset=\"https:\/\/www.czechcyclingfederation.com\/wp-content\/uploads\/2026\/09\/DSC00117-1024x683.jpg 1024w, https:\/\/www.czechcyclingfederation.com\/wp-content\/uploads\/2026\/09\/DSC00117-300x200.jpg 300w, https:\/\/www.czechcyclingfederation.com\/wp-content\/uploads\/2026\/09\/DSC00117-768x512.jpg 768w, https:\/\/www.czechcyclingfederation.com\/wp-content\/uploads\/2026\/09\/DSC00117-1536x1024.jpg 1536w, https:\/\/www.czechcyclingfederation.com\/wp-content\/uploads\/2026\/09\/DSC00117-2048x1365.jpg 2048w, https:\/\/www.czechcyclingfederation.com\/wp-content\/uploads\/2026\/09\/DSC00117-1320x880.jpg 1320w\" sizes=\"auto, (max-width: 1024px) 100vw, 1024px\" \/><\/figure>\n\n\n\n<p class=\"wp-block-paragraph\">Jako v\u016fbec prvn\u00ed z&nbsp;cel\u00e9ho startovn\u00edho pole vyrazil brzy po&nbsp;poledni na tra\u0165&nbsp;<strong>Patrik Jahoda<\/strong>&nbsp;v&nbsp;kategorii MH1.&nbsp;\u010cesk\u00fd reprezentant trat\u00ed doslova prol\u00e9tl, za sebou nechal v\u0161echny protivn\u00edky a n\u011bkter\u00e9 dlouholet\u00e9 rivaly a v&nbsp;\u010dase 30:42,59 si s&nbsp;p\u0159ehledem dojel pro nejcenn\u011bj\u0161\u00ed kov.<\/p>\n\n\n\n<figure class=\"wp-block-image size-large\"><img loading=\"lazy\" decoding=\"async\" width=\"1024\" height=\"683\" src=\"https:\/\/www.czechcyclingfederation.com\/wp-content\/uploads\/2026\/09\/jahoda-vejvodova-1-1024x683.jpg\" alt=\"\" class=\"wp-image-42919\" srcset=\"https:\/\/www.czechcyclingfederation.com\/wp-content\/uploads\/2026\/09\/jahoda-vejvodova-1-1024x683.jpg 1024w, https:\/\/www.czechcyclingfederation.com\/wp-content\/uploads\/2026\/09\/jahoda-vejvodova-1-300x200.jpg 300w, https:\/\/www.czechcyclingfederation.com\/wp-content\/uploads\/2026\/09\/jahoda-vejvodova-1-768x512.jpg 768w, https:\/\/www.czechcyclingfederation.com\/wp-content\/uploads\/2026\/09\/jahoda-vejvodova-1-1536x1024.jpg 1536w, https:\/\/www.czechcyclingfederation.com\/wp-content\/uploads\/2026\/09\/jahoda-vejvodova-1-2048x1365.jpg 2048w, https:\/\/www.czechcyclingfederation.com\/wp-content\/uploads\/2026\/09\/jahoda-vejvodova-1-1320x880.jpg 1320w\" sizes=\"auto, (max-width: 1024px) 100vw, 1024px\" \/><\/figure>\n\n\n\n<p class=\"wp-block-paragraph\">Na medailov\u00fd \u00fasp\u011bch vz\u00e1p\u011bt\u00ed nav\u00e1zala&nbsp;<strong>Pavl\u00edna Vejvodov\u00e1<\/strong>&nbsp;(WT1). Z\u00e1vodn\u00ed tra\u0165 zvl\u00e1dla v \u010dase 30:00,32 a zaslou\u017een\u011b se radovala ze st\u0159\u00edbra.<\/p>\n\n\n\n<p class=\"wp-block-paragraph\"><em>\u201eNa m\u016fj leto\u0161n\u00ed rok je to nad o\u010dek\u00e1v\u00e1n\u00ed dobr\u00fd v\u00fdkon.<\/em> <em>Kupodivu mi b\u011bhem z\u00e1vodu nebylo takov\u00e9 horko, jak\u00e9 jsem \u010dekala. Hodn\u011b m\u011b na trati odt\u00e1hla \u010d\u00ednsk\u00e1 soupe\u0159ka. N\u011bkolikr\u00e1t jsme se navz\u00e1jem p\u0159edjely, fungovala jako takov\u00fd psychick\u00fd magnet<\/em>,\u201c pochvalovala si po&nbsp;dojezdu Vejvodov\u00e1, kter\u00e1 m\u011bla okam\u017eit\u011b jasno i&nbsp;o&nbsp;podob\u011b oslav: \u201e<em>Budou velice klidn\u00e9. Naj\u00edm se a p\u016fjdu sp\u00e1t<\/em>.\u201c<\/p>\n\n\n\n<figure class=\"wp-block-image size-large\"><img loading=\"lazy\" decoding=\"async\" width=\"1024\" height=\"578\" src=\"https:\/\/www.czechcyclingfederation.com\/wp-content\/uploads\/2026\/09\/vejvodova-1-1024x578.jpg\" alt=\"\" class=\"wp-image-42921\" srcset=\"https:\/\/www.czechcyclingfederation.com\/wp-content\/uploads\/2026\/09\/vejvodova-1-1024x578.jpg 1024w, https:\/\/www.czechcyclingfederation.com\/wp-content\/uploads\/2026\/09\/vejvodova-1-300x169.jpg 300w, https:\/\/www.czechcyclingfederation.com\/wp-content\/uploads\/2026\/09\/vejvodova-1-768x433.jpg 768w, https:\/\/www.czechcyclingfederation.com\/wp-content\/uploads\/2026\/09\/vejvodova-1-1536x867.jpg 1536w, https:\/\/www.czechcyclingfederation.com\/wp-content\/uploads\/2026\/09\/vejvodova-1-2048x1155.jpg 2048w, https:\/\/www.czechcyclingfederation.com\/wp-content\/uploads\/2026\/09\/vejvodova-1-1320x745.jpg 1320w\" sizes=\"auto, (max-width: 1024px) 100vw, 1024px\" \/><\/figure>\n\n\n\n<p class=\"wp-block-paragraph\">\u010cesk\u00e1 v\u00fdprava m\u011bla v&nbsp;p\u00e1te\u010dn\u00edch \u010dasovk\u00e1ch je\u0161t\u011b dvojn\u00e1sobn\u00e9 zastoupen\u00ed a v&nbsp;obou p\u0159\u00edpadech z&nbsp;toho byla kvalitn\u00ed um\u00edst\u011bn\u00ed v&nbsp;prvn\u00ed des\u00edtce.&nbsp;<strong>Jind\u0159ich Ma\u0161\u00edn<\/strong>&nbsp;(MT2) se s&nbsp;rovinat\u00fdm profilem popral state\u010dn\u011b a v&nbsp;konkurenci patn\u00e1cti jezdc\u016f vybojoval skv\u011bl\u00e9 \u0161est\u00e9 m\u00edsto, p\u0159esto\u017ee jeho siln\u011bj\u0161\u00ed discipl\u00ednou bude a\u017e ned\u011bln\u00ed silni\u010dn\u00ed z\u00e1vod. Na toto\u017en\u00e9 \u0161est\u00e9 pozici dojela mezi \u017eenami tak\u00e9 zku\u0161en\u00e1&nbsp;<strong>Kate\u0159ina Anto\u0161ov\u00e1<\/strong>&nbsp;(WH3).<\/p>\n\n\n\n<figure class=\"wp-block-image size-large\"><img loading=\"lazy\" decoding=\"async\" width=\"1024\" height=\"683\" src=\"https:\/\/www.czechcyclingfederation.com\/wp-content\/uploads\/2026\/09\/vejvodova-podium-1024x683.jpg\" alt=\"\" class=\"wp-image-42923\" srcset=\"https:\/\/www.czechcyclingfederation.com\/wp-content\/uploads\/2026\/09\/vejvodova-podium-1024x683.jpg 1024w, https:\/\/www.czechcyclingfederation.com\/wp-content\/uploads\/2026\/09\/vejvodova-podium-300x200.jpg 300w, https:\/\/www.czechcyclingfederation.com\/wp-content\/uploads\/2026\/09\/vejvodova-podium-768x512.jpg 768w, https:\/\/www.czechcyclingfederation.com\/wp-content\/uploads\/2026\/09\/vejvodova-podium-1536x1024.jpg 1536w, https:\/\/www.czechcyclingfederation.com\/wp-content\/uploads\/2026\/09\/vejvodova-podium-2048x1365.jpg 2048w, https:\/\/www.czechcyclingfederation.com\/wp-content\/uploads\/2026\/09\/vejvodova-podium-1320x880.jpg 1320w\" sizes=\"auto, (max-width: 1024px) 100vw, 1024px\" \/><\/figure>\n\n\n\n<p class=\"wp-block-paragraph\">Foto: Martin Steinbach<\/p>\n","protected":false},"excerpt":{"rendered":"<p>Fantasticky vstoupili \u010de\u0161t\u00ed reprezentanti do sv\u011btov\u00e9ho \u0161ampion\u00e1tu v&nbsp;para cyklistice v americk\u00e9m Huntsville. V&nbsp;extr\u00e9mn\u00edch klimatick\u00fdch podm\u00ednk\u00e1ch vybojoval handbiker Patrik Jahoda titul mistra sv\u011bta v&nbsp;\u010dasovce a Pavl\u00edna Vejvodov\u00e1 z\u00edskala st\u0159\u00edbro ve stejn\u00e9 discipl\u00edn\u011b na tricyklu! \u201eJe to neuv\u011b\u0159iteln\u00e9. O&nbsp;tomto okam\u017eiku jsem snil \u0161estn\u00e1ct let od chv\u00edle, kdy jsem na handbiku za\u010dal jezdit. Zn\u00ed to sice jako kli\u0161\u00e9, [&hellip;]<\/p>\n","protected":false},"author":15,"featured_media":42915,"comment_status":"closed","ping_status":"open","sticky":false,"template":"","format":"standard","meta":{"footnotes":""},"categories":[2,99,7],"tags":[62],"class_list":["post-42911","post","type-post","status-publish","format-standard","has-post-thumbnail","hentry","category-novinky","category-paracyklistika","category-uvodni-stranka","tag-paracyklistika"],"_links":{"self":[{"href":"https:\/\/www.czechcyclingfederation.com\/en\/wp-json\/wp\/v2\/posts\/42911","targetHints":{"allow":["GET"]}}],"collection":[{"href":"https:\/\/www.czechcyclingfederation.com\/en\/wp-json\/wp\/v2\/posts"}],"about":[{"href":"https:\/\/www.czechcyclingfederation.com\/en\/wp-json\/wp\/v2\/types\/post"}],"author":[{"embeddable":true,"href":"https:\/\/www.czechcyclingfederation.com\/en\/wp-json\/wp\/v2\/users\/15"}],"replies":[{"embeddable":true,"href":"https:\/\/www.czechcyclingfederation.com\/en\/wp-json\/wp\/v2\/comments?post=42911"}],"version-history":[{"count":4,"href":"https:\/\/www.czechcyclingfederation.com\/en\/wp-json\/wp\/v2\/posts\/42911\/revisions"}],"predecessor-version":[{"id":42929,"href":"https:\/\/www.czechcyclingfederation.com\/en\/wp-json\/wp\/v2\/posts\/42911\/revisions\/42929"}],"wp:featuredmedia":[{"embeddable":true,"href":"https:\/\/www.czechcyclingfederation.com\/en\/wp-json\/wp\/v2\/media\/42915"}],"wp:attachment":[{"href":"https:\/\/www.czechcyclingfederation.com\/en\/wp-json\/wp\/v2\/media?parent=42911"}],"wp:term":[{"taxonomy":"category","embeddable":true,"href":"https:\/\/www.czechcyclingfederation.com\/en\/wp-json\/wp\/v2\/categories?post=42911"},{"taxonomy":"post_tag","embeddable":true,"href":"https:\/\/www.czechcyclingfederation.com\/en\/wp-json\/wp\/v2\/tags?post=42911"}],"curies":[{"name":"wp","href":"https:\/\/api.w.org\/{rel}","templated":true}]}}