{"id":4291,"date":"2021-05-15T17:16:53","date_gmt":"2021-05-15T15:16:53","guid":{"rendered":"https:\/\/www.czechcyclingfederation.com\/?p=4291"},"modified":"2021-05-15T19:43:25","modified_gmt":"2021-05-15T17:43:25","slug":"taborske-okruhy-vyhrali-babor-a-polka-wilkosova","status":"publish","type":"post","link":"https:\/\/www.czechcyclingfederation.com\/en\/taborske-okruhy-vyhrali-babor-a-polka-wilkosova\/","title":{"rendered":"T\u00e1borsk\u00e9 okruhy vyhr\u00e1li Babor a Polka Wilkosov\u00e1"},"content":{"rendered":"\n<p>\u00davodn\u00ed podnik nov\u00e9ho silni\u010dn\u00edho seri\u00e1lu Carla Kriterijn\u00ed ligy, na okruhu v are\u00e1lu Komora p\u0159i T\u00e1borsk\u00fdch okruz\u00edch, ovl\u00e1dla v kategorii \u017een polsk\u00e1 cyklistka Katarzyna Wilkosov\u00e1. Ve vlo\u017een\u00e9m z\u00e1vodu mu\u017e\u016f elite vybojoval prvenstv\u00ed Daniel Babor z TUFO Pardus Prost\u011bjov, juniorsk\u00e9 z\u00e1vody ovl\u00e1dli \u0160t\u011bp\u00e1n \u0160irok\u00fd z Favoritu Brno a Michaela Paulov\u00e1 z\u00a0Dukly Brno.<\/p>\n\n\n\n<p>P\u0159edpov\u011b\u010f sice nezv\u011bstovala pro jezdce nic p\u0159\u00edjemn\u00e9ho, ale cel\u00e9 z\u00e1vody se nakonec odjely za velice p\u0159\u00edjemn\u00e9ho po\u010das\u00ed. V z\u00e1vodu mu\u017e\u016f od za\u010d\u00e1tku diktovala tempo jezdci st\u00e1je Elkov Kasper a dlouho v\u00e9vodil pr\u016fb\u011b\u017en\u00e9mu po\u0159ad\u00ed Michale Kukrle. D\u016fle\u017eit\u00e9 body ale pe\u010dliv\u011b sb\u00edral i Babor a v pr\u016fb\u011bhu pades\u00e1ti kol se velice dob\u0159e rozj\u00ed\u017ed\u011bl Jakub \u0164oupal\u00edk (Elkov Kasper).<\/p>\n\n\n\n<p>Je\u0161t\u011b p\u0159ed z\u00e1v\u011bre\u010dn\u00fdm dvojn\u00e1sobn\u011b bodovan\u00fdm spurtem vedl s jednobodov\u00fdm n\u00e1skokem Kukrle p\u0159ed Baborem, nav\u00edc \u010delo pelotonu kontrolovali z\u00e1vodn\u00edci Elkov Kasper. Ale i Baborovi pomohli jeho kolegov\u00e9 z t\u00fdmu a do c\u00edlov\u00e9 rovinky jej p\u0159ivezli na v\u00fdhodn\u00e9 pozici. A v posledn\u00edch des\u00edtk\u00e1ch metr\u016f potvrdil Babor sv\u00e9 zrychlen\u00ed a v dlouh\u00e9m spurtu odrazil v\u0161echny \u00fatoky a to mu zajistilo celkov\u00e9 v\u00edt\u011bzstv\u00ed.<\/p>\n\n\n\n<p>&#8220;Bylo to t\u011b\u017ek\u00e9, hodn\u011b t\u011b\u017ek\u00e9. Na\u0161t\u011bst\u00ed mi kluci pomohli, do posledn\u00ed zat\u00e1\u010dky jsem vjel na dobr\u00e9 pozici a vsadil na dlouh\u00fd spurt. N\u011bkolikr\u00e1t jsem d\u0159\u00edve zbyte\u010dn\u011b \u010dekal a pak to nevy\u0161lo, proto jsem dne ne\u010dekal na nic a jel na krev,&#8221; \u0159ekl Daniel Babor.<\/p>\n\n\n\n<p>Ve spole\u010dn\u00e9m z\u00e1vodu juniorek a \u017een zasko\u010dily cyklistky Dukly Praha polsk\u00e9 z\u00e1vodnice. Nejlep\u0161\u00ed z \u010ce\u0161ek byla Nikola Bajgerov\u00e1 z Dukly Praha, kter\u00e1 vybojovala t\u0159et\u00ed m\u00edsto. &#8220;Jsem docela p\u0159ekvapen\u00e1, takov\u00e9 rychl\u00e9 z\u00e1vody mi p\u0159\u00edmo nesed\u00ed, um\u00edst\u011bn\u00ed na stupn\u00edch v\u00edt\u011bzek jsem ne\u010dekala. Jako celek jsme ale cht\u011bly v\u00edce, ov\u0161em Polky byly prost\u011b lep\u0161\u00ed. Mnohem v\u00edce se t\u011b\u0161\u00edm na z\u00edt\u0159ej\u0161\u00ed silni\u010dn\u00ed z\u00e1vod,&#8221; \u0159ekla z\u00e1vodnice Dukly Praha.<\/p>\n\n\n\n<p>Dramatick\u00fd z\u00e1vod junior\u016f rozhodl a\u017e z\u00e1v\u011bre\u010dn\u00fd dvoun\u00e1sobn\u011b bodovan\u00fd spurt. Do t\u00e9 doby v\u00e9vodil pr\u016fb\u011b\u017en\u00e9mu po\u0159ad\u00ed dom\u00e1c\u00ed Maty\u00e1\u0161 Fiala (\u010cEZ Cyklo Team T\u00e1bor), kter\u00e1 m\u011bl t\u0159\u00edbodov\u00fd n\u00e1skok p\u0159ed \u0160t\u011bp\u00e1nem \u0160irok\u00fdm. Posledn\u00ed t\u0159i okruhy byly ale v re\u017eii jezdc\u016f Favoritu Brno. \u010cty\u0159i se se\u0159adili na \u010dele startovn\u00edho pole a pracovali pro sv\u00e9ho l\u00eddra. Toho dovezli na prvn\u00ed pozici do c\u00edlov\u00e9 rovinky a \u0160irok\u00fd s p\u0159ehledem odrazil Fial\u016fv \u00fatok a desetibodov\u00fdm ziskem jej o jedin\u00fd bod celkov\u011b p\u0159edstihl.&nbsp;&nbsp;&nbsp;<\/p>\n\n\n\n<p>&#8220;Rozhodl samotn\u00fd z\u00e1v\u011br, kter\u00fd jsem jeli t\u00fdmov\u011b super. Celkov\u011b to bylo v pohod\u011b a v\u00fdsledek tomu odpov\u00edd\u00e1, ale byl to hodn\u011b t\u011b\u017ek\u00fd z\u00e1vod. V\u011b\u0159il jsem si na podium, ale na v\u00edt\u011bzstv\u00ed moc ne. Po\u010d\u00edtal jsem, \u017ee nejv\u011bt\u0161\u00edm soupe\u0159em bude Fiala a to se potvrdilo,&#8221; \u0159ekl \u0160t\u011bp\u00e1n \u0160irok\u00fd.&nbsp;&nbsp;<\/p>\n\n\n\n<p>V\u00fdsledky:<\/p>\n\n\n\n<p>Kadetky (18 okruh\u016f):<\/p>\n\n\n\n<p>1. Dost\u00e1lov\u00e1 (LYKO Klub Prachatice) 28, 2. Markov\u00e1 (Dukla Praha) 17, 3. V. Jadrn\u00e1 (Sportcomplex B\u0159eclav) 13.<\/p>\n\n\n\n<p>Kadeti (30 okruh\u016f):<\/p>\n\n\n\n<p>1. Rich. Kobr (Roman Kreuziger Cycling Academy) 22, 2. V. Kobl\u00ed\u017eek (TUFO Pardus Prost\u011bjov) 21, 3. Kre\u0161\u00e1k (\u010cEZ Cyklo Team T\u00e1bor) 13.<\/p>\n\n\n\n<p>\u017deny (30 okruh\u016f):<\/p>\n\n\n\n<p>1. Wilkosov\u00e1 13, 2. Furtaov\u00e1 (ob\u011b Pol.) 11, 3. Bajgerov\u00e1 (Dukla Praha) 10.<\/p>\n\n\n\n<p>Juniorky (30 okruh\u016f):<\/p>\n\n\n\n<p>1. Poulov\u00e1 20, 2. A. Jaborn\u00edkov\u00e1 19, 3. Mik\u0161an\u00edkov\u00e1 (v\u0161echny Dukla Brno) 15.<\/p>\n\n\n\n<p>Junio\u0159i (40 okruh\u016f):<\/p>\n\n\n\n<p>1. \u0160irok\u00fd (TJ Favorit Brno) 24, 2. Fiala (\u010cEZ Cyklo Team T\u00e1bor)23, 3. Mr\u00e1z (Mapei Merida Ka\u0148kovsk\u00fd) 10.<\/p>\n\n\n\n<p>Mu\u017ei \u2013 open z\u00e1vod (50 okruh\u016f):<\/p>\n\n\n\n<p>1.Babor (TUFO Pardus Prost\u011bjov) 26, 2. Kukrle 17, 3. J. \u0164oupal\u00edk 16, 4. Petr Kelemen 14, 5. Neuman (v\u0161ichni Elkov Kasper) 13, 6. Boro\u0161 (\u010cEZ Cyklo Team T\u00e1bor) 13.<\/p>\n\n\n\n<p>FOTO Ji\u0159\u00ed Hol\u00fd, Josef Vaishar<\/p>\n\n\n\n<figure class=\"wp-block-image size-large\"><img loading=\"lazy\" decoding=\"async\" width=\"1024\" height=\"577\" src=\"https:\/\/www.czechcyclingfederation.com\/wp-content\/uploads\/2021\/05\/Zeny-_DSC2191-1024x577.jpg\" alt=\"\" class=\"wp-image-4293\" srcset=\"https:\/\/www.czechcyclingfederation.com\/wp-content\/uploads\/2021\/05\/Zeny-_DSC2191-1024x577.jpg 1024w, https:\/\/www.czechcyclingfederation.com\/wp-content\/uploads\/2021\/05\/Zeny-_DSC2191-300x169.jpg 300w, https:\/\/www.czechcyclingfederation.com\/wp-content\/uploads\/2021\/05\/Zeny-_DSC2191-768x433.jpg 768w, https:\/\/www.czechcyclingfederation.com\/wp-content\/uploads\/2021\/05\/Zeny-_DSC2191-1536x865.jpg 1536w, https:\/\/www.czechcyclingfederation.com\/wp-content\/uploads\/2021\/05\/Zeny-_DSC2191-2048x1154.jpg 2048w, https:\/\/www.czechcyclingfederation.com\/wp-content\/uploads\/2021\/05\/Zeny-_DSC2191-1320x744.jpg 1320w\" sizes=\"auto, (max-width: 1024px) 100vw, 1024px\" \/><\/figure>\n\n\n<div class=\"wp-block-file\">\r\n                <a target=\"_blank\" rel=\"noopener\" href=\"\" class=\"wp-block-file__button wp-element-button\">\r\n                    <span class=\"wp-block-file__icon\"><\/span>\r\n                    \r\n                <\/a>\r\n            <\/div>\n\n\n<figure class=\"wp-block-image size-large\"><img loading=\"lazy\" decoding=\"async\" width=\"1024\" height=\"683\" src=\"https:\/\/www.czechcyclingfederation.com\/wp-content\/uploads\/2021\/05\/Juniori-IMD_1596-1024x683.jpg\" alt=\"\" class=\"wp-image-4294\" srcset=\"https:\/\/www.czechcyclingfederation.com\/wp-content\/uploads\/2021\/05\/Juniori-IMD_1596-1024x683.jpg 1024w, https:\/\/www.czechcyclingfederation.com\/wp-content\/uploads\/2021\/05\/Juniori-IMD_1596-300x200.jpg 300w, https:\/\/www.czechcyclingfederation.com\/wp-content\/uploads\/2021\/05\/Juniori-IMD_1596-768x512.jpg 768w, https:\/\/www.czechcyclingfederation.com\/wp-content\/uploads\/2021\/05\/Juniori-IMD_1596-1536x1024.jpg 1536w, https:\/\/www.czechcyclingfederation.com\/wp-content\/uploads\/2021\/05\/Juniori-IMD_1596-2048x1365.jpg 2048w, https:\/\/www.czechcyclingfederation.com\/wp-content\/uploads\/2021\/05\/Juniori-IMD_1596-1320x880.jpg 1320w\" sizes=\"auto, (max-width: 1024px) 100vw, 1024px\" \/><\/figure>\n\n\n\n<figure class=\"wp-block-image size-large\"><img loading=\"lazy\" decoding=\"async\" width=\"1024\" height=\"577\" src=\"https:\/\/www.czechcyclingfederation.com\/wp-content\/uploads\/2021\/05\/Kadeti-_DSC2122-1024x577.jpg\" alt=\"\" class=\"wp-image-4295\" srcset=\"https:\/\/www.czechcyclingfederation.com\/wp-content\/uploads\/2021\/05\/Kadeti-_DSC2122-1024x577.jpg 1024w, https:\/\/www.czechcyclingfederation.com\/wp-content\/uploads\/2021\/05\/Kadeti-_DSC2122-300x169.jpg 300w, https:\/\/www.czechcyclingfederation.com\/wp-content\/uploads\/2021\/05\/Kadeti-_DSC2122-768x433.jpg 768w, https:\/\/www.czechcyclingfederation.com\/wp-content\/uploads\/2021\/05\/Kadeti-_DSC2122-1536x865.jpg 1536w, https:\/\/www.czechcyclingfederation.com\/wp-content\/uploads\/2021\/05\/Kadeti-_DSC2122-2048x1154.jpg 2048w, https:\/\/www.czechcyclingfederation.com\/wp-content\/uploads\/2021\/05\/Kadeti-_DSC2122-1320x744.jpg 1320w\" sizes=\"auto, (max-width: 1024px) 100vw, 1024px\" \/><\/figure>\n\n\n\n<figure class=\"wp-block-image size-large\"><img loading=\"lazy\" decoding=\"async\" width=\"1024\" height=\"577\" src=\"https:\/\/www.czechcyclingfederation.com\/wp-content\/uploads\/2021\/05\/DSC2182-1024x577.jpg\" alt=\"\" class=\"wp-image-4296\" srcset=\"https:\/\/www.czechcyclingfederation.com\/wp-content\/uploads\/2021\/05\/DSC2182-1024x577.jpg 1024w, https:\/\/www.czechcyclingfederation.com\/wp-content\/uploads\/2021\/05\/DSC2182-300x169.jpg 300w, https:\/\/www.czechcyclingfederation.com\/wp-content\/uploads\/2021\/05\/DSC2182-768x433.jpg 768w, https:\/\/www.czechcyclingfederation.com\/wp-content\/uploads\/2021\/05\/DSC2182-1536x865.jpg 1536w, https:\/\/www.czechcyclingfederation.com\/wp-content\/uploads\/2021\/05\/DSC2182-2048x1154.jpg 2048w, https:\/\/www.czechcyclingfederation.com\/wp-content\/uploads\/2021\/05\/DSC2182-1320x744.jpg 1320w\" sizes=\"auto, (max-width: 1024px) 100vw, 1024px\" \/><\/figure>\n\n\n\n<figure class=\"wp-block-image size-large\"><img loading=\"lazy\" decoding=\"async\" width=\"1024\" height=\"577\" src=\"https:\/\/www.czechcyclingfederation.com\/wp-content\/uploads\/2021\/05\/DSC2032-1024x577.jpg\" alt=\"\" class=\"wp-image-4297\" srcset=\"https:\/\/www.czechcyclingfederation.com\/wp-content\/uploads\/2021\/05\/DSC2032-1024x577.jpg 1024w, https:\/\/www.czechcyclingfederation.com\/wp-content\/uploads\/2021\/05\/DSC2032-300x169.jpg 300w, https:\/\/www.czechcyclingfederation.com\/wp-content\/uploads\/2021\/05\/DSC2032-768x433.jpg 768w, https:\/\/www.czechcyclingfederation.com\/wp-content\/uploads\/2021\/05\/DSC2032-1536x865.jpg 1536w, https:\/\/www.czechcyclingfederation.com\/wp-content\/uploads\/2021\/05\/DSC2032-2048x1154.jpg 2048w, https:\/\/www.czechcyclingfederation.com\/wp-content\/uploads\/2021\/05\/DSC2032-1320x744.jpg 1320w\" sizes=\"auto, (max-width: 1024px) 100vw, 1024px\" \/><\/figure>\n\n\n\n<figure class=\"wp-block-image size-large\"><img loading=\"lazy\" decoding=\"async\" width=\"1024\" height=\"577\" src=\"https:\/\/www.czechcyclingfederation.com\/wp-content\/uploads\/2021\/05\/DSC1950-1024x577.jpg\" alt=\"\" class=\"wp-image-4298\" srcset=\"https:\/\/www.czechcyclingfederation.com\/wp-content\/uploads\/2021\/05\/DSC1950-1024x577.jpg 1024w, https:\/\/www.czechcyclingfederation.com\/wp-content\/uploads\/2021\/05\/DSC1950-300x169.jpg 300w, https:\/\/www.czechcyclingfederation.com\/wp-content\/uploads\/2021\/05\/DSC1950-768x433.jpg 768w, https:\/\/www.czechcyclingfederation.com\/wp-content\/uploads\/2021\/05\/DSC1950-1536x865.jpg 1536w, https:\/\/www.czechcyclingfederation.com\/wp-content\/uploads\/2021\/05\/DSC1950-2048x1154.jpg 2048w, https:\/\/www.czechcyclingfederation.com\/wp-content\/uploads\/2021\/05\/DSC1950-1320x744.jpg 1320w\" sizes=\"auto, (max-width: 1024px) 100vw, 1024px\" \/><\/figure>\n\n\n\n<figure class=\"wp-block-image size-large\"><img loading=\"lazy\" decoding=\"async\" width=\"1024\" height=\"683\" src=\"https:\/\/www.czechcyclingfederation.com\/wp-content\/uploads\/2021\/05\/Babor-IMC_1900-1024x683.jpg\" alt=\"\" class=\"wp-image-4299\" srcset=\"https:\/\/www.czechcyclingfederation.com\/wp-content\/uploads\/2021\/05\/Babor-IMC_1900-1024x683.jpg 1024w, https:\/\/www.czechcyclingfederation.com\/wp-content\/uploads\/2021\/05\/Babor-IMC_1900-300x200.jpg 300w, https:\/\/www.czechcyclingfederation.com\/wp-content\/uploads\/2021\/05\/Babor-IMC_1900-768x512.jpg 768w, https:\/\/www.czechcyclingfederation.com\/wp-content\/uploads\/2021\/05\/Babor-IMC_1900-1536x1024.jpg 1536w, https:\/\/www.czechcyclingfederation.com\/wp-content\/uploads\/2021\/05\/Babor-IMC_1900-2048x1365.jpg 2048w, https:\/\/www.czechcyclingfederation.com\/wp-content\/uploads\/2021\/05\/Babor-IMC_1900-1320x880.jpg 1320w\" sizes=\"auto, (max-width: 1024px) 100vw, 1024px\" \/><\/figure>\n\n\n\n<figure class=\"wp-block-image size-large\"><img loading=\"lazy\" decoding=\"async\" width=\"1024\" height=\"577\" src=\"https:\/\/www.czechcyclingfederation.com\/wp-content\/uploads\/2021\/05\/DSC2167-1024x577.jpg\" alt=\"\" class=\"wp-image-4300\" srcset=\"https:\/\/www.czechcyclingfederation.com\/wp-content\/uploads\/2021\/05\/DSC2167-1024x577.jpg 1024w, https:\/\/www.czechcyclingfederation.com\/wp-content\/uploads\/2021\/05\/DSC2167-300x169.jpg 300w, https:\/\/www.czechcyclingfederation.com\/wp-content\/uploads\/2021\/05\/DSC2167-768x433.jpg 768w, https:\/\/www.czechcyclingfederation.com\/wp-content\/uploads\/2021\/05\/DSC2167-1536x865.jpg 1536w, https:\/\/www.czechcyclingfederation.com\/wp-content\/uploads\/2021\/05\/DSC2167-2048x1154.jpg 2048w, https:\/\/www.czechcyclingfederation.com\/wp-content\/uploads\/2021\/05\/DSC2167-1320x744.jpg 1320w\" sizes=\"auto, (max-width: 1024px) 100vw, 1024px\" \/><\/figure>\n","protected":false},"excerpt":{"rendered":"<p>\u00davodn\u00ed podnik nov\u00e9ho silni\u010dn\u00edho seri\u00e1lu Carla Kriterijn\u00ed ligy, na okruhu v are\u00e1lu Komora p\u0159i T\u00e1borsk\u00fdch okruz\u00edch, ovl\u00e1dla v kategorii \u017een polsk\u00e1 cyklistka Katarzyna Wilkosov\u00e1. Ve vlo\u017een\u00e9m z\u00e1vodu mu\u017e\u016f elite vybojoval prvenstv\u00ed Daniel Babor z TUFO Pardus Prost\u011bjov, juniorsk\u00e9 z\u00e1vody ovl\u00e1dli \u0160t\u011bp\u00e1n \u0160irok\u00fd z Favoritu Brno a Michaela Paulov\u00e1 z\u00a0Dukly Brno. P\u0159edpov\u011b\u010f sice nezv\u011bstovala pro jezdce [&hellip;]<\/p>\n","protected":false},"author":8,"featured_media":4292,"comment_status":"closed","ping_status":"open","sticky":false,"template":"","format":"standard","meta":{"footnotes":""},"categories":[2,18],"tags":[11],"class_list":["post-4291","post","type-post","status-publish","format-standard","has-post-thumbnail","hentry","category-novinky","category-silnice","tag-silnice"],"_links":{"self":[{"href":"https:\/\/www.czechcyclingfederation.com\/en\/wp-json\/wp\/v2\/posts\/4291","targetHints":{"allow":["GET"]}}],"collection":[{"href":"https:\/\/www.czechcyclingfederation.com\/en\/wp-json\/wp\/v2\/posts"}],"about":[{"href":"https:\/\/www.czechcyclingfederation.com\/en\/wp-json\/wp\/v2\/types\/post"}],"author":[{"embeddable":true,"href":"https:\/\/www.czechcyclingfederation.com\/en\/wp-json\/wp\/v2\/users\/8"}],"replies":[{"embeddable":true,"href":"https:\/\/www.czechcyclingfederation.com\/en\/wp-json\/wp\/v2\/comments?post=4291"}],"version-history":[{"count":1,"href":"https:\/\/www.czechcyclingfederation.com\/en\/wp-json\/wp\/v2\/posts\/4291\/revisions"}],"predecessor-version":[{"id":4301,"href":"https:\/\/www.czechcyclingfederation.com\/en\/wp-json\/wp\/v2\/posts\/4291\/revisions\/4301"}],"wp:featuredmedia":[{"embeddable":true,"href":"https:\/\/www.czechcyclingfederation.com\/en\/wp-json\/wp\/v2\/media\/4292"}],"wp:attachment":[{"href":"https:\/\/www.czechcyclingfederation.com\/en\/wp-json\/wp\/v2\/media?parent=4291"}],"wp:term":[{"taxonomy":"category","embeddable":true,"href":"https:\/\/www.czechcyclingfederation.com\/en\/wp-json\/wp\/v2\/categories?post=4291"},{"taxonomy":"post_tag","embeddable":true,"href":"https:\/\/www.czechcyclingfederation.com\/en\/wp-json\/wp\/v2\/tags?post=4291"}],"curies":[{"name":"wp","href":"https:\/\/api.w.org\/{rel}","templated":true}]}}