{"id":42909,"date":"2026-09-03T20:43:37","date_gmt":"2026-09-03T18:43:37","guid":{"rendered":"https:\/\/www.czechcyclingfederation.com\/?p=42909"},"modified":"2026-09-03T20:45:04","modified_gmt":"2026-09-03T18:45:04","slug":"vacek-radi-v-nizozemsku","status":"publish","type":"post","link":"https:\/\/www.czechcyclingfederation.com\/en\/vacek-radi-v-nizozemsku\/","title":{"rendered":"Vacek \u0159\u00e1d\u00ed v Nizozemsku"},"content":{"rendered":"\n<p class=\"wp-block-paragraph\"><strong>Mathias Vacek, \u010desk\u00fd reprezentant ve slu\u017eb\u00e1ch t\u00fdmu Lidl-Trek, vyhr\u00e1l \u00favodn\u00ed dv\u011b etapy ZLM Tour v Nizozemsku a m\u00e1 skv\u011ble nakro\u010deno k celkov\u00e9mu v\u00edt\u011bzstv\u00ed.<\/strong><\/p>\n\n\n\n<p class=\"wp-block-paragraph\">T\u0159iadvacetilet\u00fd rod\u00e1k z Berouna, kter\u00fd v l\u00e9t\u011b absolvoval Tour de France, ovl\u00e1dl 1. d\u011bjstv\u00ed, j\u00edm\u017e byla \u010dasovka na 21 kilometr\u016f. Tra\u0165 prolet\u011bl pr\u016fm\u011brnou rychlost\u00ed 53,4 kilometr\u016f v hodin\u011b za 23:43 minuty. Druh\u00fd Niklas Larsen, D\u00e1n ve slu\u017eb\u00e1ch Unibet Rose Rockets, ztratil dvacet sekund.<\/p>\n\n\n\n<p class=\"wp-block-paragraph\">\u201ePro moje sebev\u011bdom\u00ed p\u0159ed sv\u011btov\u00fdm \u0161ampion\u00e1tem byl triumf v \u010dasovce naprosto super. Jsem r\u00e1d, \u017ee jsem dok\u00e1zal vyhr\u00e1t. Moje p\u0159\u00edprava nebyla \u00fapln\u011b nejlep\u0161\u00ed. N\u00e1skok, kter\u00fd jsem m\u011bl v c\u00edli, byl tro\u0161ku nad moje o\u010dek\u00e1v\u00e1n\u00ed,\u201c p\u0159iznal \u010desk\u00fd z\u00e1vodn\u00edk.<\/p>\n\n\n\n<figure class=\"wp-block-image size-large\"><img loading=\"lazy\" decoding=\"async\" width=\"1024\" height=\"683\" src=\"http:\/\/www.czechcyclingfederation.com\/wp-content\/uploads\/2025\/09\/foto-Vacek-1024x683.jpg\" alt=\"\" class=\"wp-image-37774\" srcset=\"https:\/\/www.czechcyclingfederation.com\/wp-content\/uploads\/2025\/09\/foto-Vacek-1024x683.jpg 1024w, https:\/\/www.czechcyclingfederation.com\/wp-content\/uploads\/2025\/09\/foto-Vacek-300x200.jpg 300w, https:\/\/www.czechcyclingfederation.com\/wp-content\/uploads\/2025\/09\/foto-Vacek-768x512.jpg 768w, https:\/\/www.czechcyclingfederation.com\/wp-content\/uploads\/2025\/09\/foto-Vacek-1536x1024.jpg 1536w, https:\/\/www.czechcyclingfederation.com\/wp-content\/uploads\/2025\/09\/foto-Vacek-2048x1365.jpg 2048w, https:\/\/www.czechcyclingfederation.com\/wp-content\/uploads\/2025\/09\/foto-Vacek-1320x880.jpg 1320w\" sizes=\"auto, (max-width: 1024px) 100vw, 1024px\" \/><\/figure>\n\n\n\n<p class=\"wp-block-paragraph\">\u00davodn\u00ed \u010dasovka jej pasovala do pozice hlavn\u00edho favorita na celkov\u00e9 v\u00edt\u011bzstv\u00ed. \u201eBude d\u016fle\u017eit\u00e9 z\u016fstat hlavn\u011b na kole. Jel jsem do Nizozemska hlavn\u011b kv\u016fli \u010dasovce. V\u011bd\u011bl jsem, \u017ee ji mus\u00edm zajet skv\u011ble, pokud chci usp\u011bt v celkov\u00e9m po\u0159ad\u00ed,\u201c p\u0159iznal Mathias Vacek, \u017ee si cht\u011bl otestovat nohy p\u0159ed mistrovstv\u00edm sv\u011bta v Kanad\u011b.<\/p>\n\n\n\n<p class=\"wp-block-paragraph\">V druh\u00e9 etap\u011b se o\u010dek\u00e1val sprintersk\u00fd dojezd, jen\u017ee cel\u00fd den se bojovalo na v\u011btru. Je\u0161t\u011b p\u0159ed polovinou etapy se peloton rozpadl a na \u010dele z\u016fstalo t\u0159in\u00e1ct jezdc\u016f v\u010detn\u011b \u010desk\u00e9ho z\u00e1vodn\u00edka.<\/p>\n\n\n\n<p class=\"wp-block-paragraph\">Zejm\u00e9na cyklist\u00e9 Red Bull Bora Hansgrohe opakovan\u011b \u00fato\u010dili, ale Vacka se zbavit nedok\u00e1zali. Kdy\u017e atakoval Tim van Dijke dok\u00e1zal se \u010desk\u00fd reprezentant zachytit a ve sprintu po mohutn\u00e9m fini\u0161i slavil prvenstv\u00ed Mathias Vacek.<\/p>\n\n\n\n<p class=\"wp-block-paragraph\">Nyn\u00ed je pevn\u011b v \u010dele ZLM Tour, jeho t\u00fdmov\u00ed kolegov\u00e9 Walscheid a Alvarez jsou prvn\u00edmi pron\u00e1sledovateli, p\u0159i\u010dem\u017e ztr\u00e1c\u00ed 45 respektive 55 sekund.<\/p>\n\n\n\n<p class=\"wp-block-paragraph\"><\/p>\n","protected":false},"excerpt":{"rendered":"<p>Mathias Vacek, \u010desk\u00fd reprezentant ve slu\u017eb\u00e1ch t\u00fdmu Lidl-Trek, vyhr\u00e1l \u00favodn\u00ed dv\u011b etapy ZLM Tour v Nizozemsku a m\u00e1 skv\u011ble nakro\u010deno k celkov\u00e9mu v\u00edt\u011bzstv\u00ed. T\u0159iadvacetilet\u00fd rod\u00e1k z Berouna, kter\u00fd v l\u00e9t\u011b absolvoval Tour de France, ovl\u00e1dl 1. d\u011bjstv\u00ed, j\u00edm\u017e byla \u010dasovka na 21 kilometr\u016f. Tra\u0165 prolet\u011bl pr\u016fm\u011brnou rychlost\u00ed 53,4 kilometr\u016f v hodin\u011b za 23:43 minuty. Druh\u00fd [&hellip;]<\/p>\n","protected":false},"author":30,"featured_media":41988,"comment_status":"closed","ping_status":"open","sticky":false,"template":"","format":"standard","meta":{"footnotes":""},"categories":[46,7],"tags":[11],"class_list":["post-42909","post","type-post","status-publish","format-standard","has-post-thumbnail","hentry","category-novinky-sportovni-centra","category-uvodni-stranka","tag-silnice"],"_links":{"self":[{"href":"https:\/\/www.czechcyclingfederation.com\/en\/wp-json\/wp\/v2\/posts\/42909","targetHints":{"allow":["GET"]}}],"collection":[{"href":"https:\/\/www.czechcyclingfederation.com\/en\/wp-json\/wp\/v2\/posts"}],"about":[{"href":"https:\/\/www.czechcyclingfederation.com\/en\/wp-json\/wp\/v2\/types\/post"}],"author":[{"embeddable":true,"href":"https:\/\/www.czechcyclingfederation.com\/en\/wp-json\/wp\/v2\/users\/30"}],"replies":[{"embeddable":true,"href":"https:\/\/www.czechcyclingfederation.com\/en\/wp-json\/wp\/v2\/comments?post=42909"}],"version-history":[{"count":1,"href":"https:\/\/www.czechcyclingfederation.com\/en\/wp-json\/wp\/v2\/posts\/42909\/revisions"}],"predecessor-version":[{"id":42910,"href":"https:\/\/www.czechcyclingfederation.com\/en\/wp-json\/wp\/v2\/posts\/42909\/revisions\/42910"}],"wp:featuredmedia":[{"embeddable":true,"href":"https:\/\/www.czechcyclingfederation.com\/en\/wp-json\/wp\/v2\/media\/41988"}],"wp:attachment":[{"href":"https:\/\/www.czechcyclingfederation.com\/en\/wp-json\/wp\/v2\/media?parent=42909"}],"wp:term":[{"taxonomy":"category","embeddable":true,"href":"https:\/\/www.czechcyclingfederation.com\/en\/wp-json\/wp\/v2\/categories?post=42909"},{"taxonomy":"post_tag","embeddable":true,"href":"https:\/\/www.czechcyclingfederation.com\/en\/wp-json\/wp\/v2\/tags?post=42909"}],"curies":[{"name":"wp","href":"https:\/\/api.w.org\/{rel}","templated":true}]}}