{"id":42836,"date":"2026-08-30T13:02:21","date_gmt":"2026-08-30T11:02:21","guid":{"rendered":"https:\/\/www.czechcyclingfederation.com\/?p=42836"},"modified":"2026-08-30T13:02:23","modified_gmt":"2026-08-30T11:02:23","slug":"porizek-treti-v-keirinu-rugovac-v-madisonu","status":"publish","type":"post","link":"https:\/\/www.czechcyclingfederation.com\/en\/porizek-treti-v-keirinu-rugovac-v-madisonu\/","title":{"rendered":"Po\u0159\u00edzek t\u0159et\u00ed v\u00a0keirinu, Rugovac v\u00a0madisonu"},"content":{"rendered":"\n<p class=\"wp-block-paragraph\">Plej\u00e1dou hv\u011bzd sv\u011btov\u00e9 dr\u00e1hov\u00e9 i silni\u010dn\u00ed cyklistiky byl tradi\u010dn\u00ed dr\u00e1hov\u00fd z\u00e1vod Memori\u00e1l Otmara Male\u010dka za\u0159azen\u00fd do nejvy\u0161\u0161\u00ed kategorie UCI C1 na prost\u011bjovsk\u00e9m velodromu. V&nbsp;nabit\u00e9 konkurenci se prosadili i \u010de\u0161t\u00ed dr\u00e1ha\u0159i: <strong>Jan Po\u0159\u00edzek <\/strong>skon\u010dil t\u0159et\u00ed v&nbsp;keirinu, <strong>Hana Rugovac<\/strong> pak s&nbsp;chilskou z\u00e1vodnic\u00ed Cortes Ugarteovou obsadila stejnou p\u0159\u00ed\u010dku v&nbsp;madisonu.<\/p>\n\n\n\n<p class=\"wp-block-paragraph\"><em>\u201eUr\u010dit\u011b bych vyzdvihl i p\u00e1t\u00e9 m\u00edsto Kadlece s&nbsp;Kobl\u00ed\u017ekem v&nbsp;mu\u017esk\u00e9m madisonu, kter\u00fd byl skv\u011ble obsazen. Nav\u00e1zali tak na \u010dtvrt\u00e9 m\u00edsto ze \u010dtvrte\u010dn\u00ed&nbsp;GP Tufo,\u201c<\/em> prozradil \u0159editel z\u00e1vodu Michal Mr\u00e1\u010dek. Kadlec skon\u010dil p\u00e1t\u00fd i v&nbsp;bodova\u010dce jednotlivc\u016f, mezi sprintery bral Martin \u010cechman sedm\u00e9 m\u00edsto. Vendula Strakat\u00e1 byla v&nbsp;bodova\u010dce \u017een \u0161est\u00e1.<\/p>\n\n\n\n<p class=\"wp-block-paragraph\">Da\u0159ilo se tak\u00e9 junior\u016fm: <strong>Nikola Dr\u00e1bek<\/strong> z&nbsp;Dukly Praha vyhr\u00e1l scratch a bodovac\u00ed z\u00e1vod, jeho t\u00fdmov\u00fd kolega <strong>Luk\u00e1\u0161 Hasal<\/strong> ovl\u00e1dl omnium. Dom\u00e1c\u00ed <strong>Alexandr Kani\u0161\u010dev<\/strong> zv\u00edt\u011bzil v&nbsp;eliminaci a k&nbsp;tomu p\u0159idal druh\u00e1 m\u00edsta v&nbsp;omniu a scratchi.<\/p>\n\n\n\n<figure class=\"wp-block-image size-large\"><img loading=\"lazy\" decoding=\"async\" width=\"1024\" height=\"682\" src=\"https:\/\/www.czechcyclingfederation.com\/wp-content\/uploads\/2026\/08\/WhatsApp-Image-2026-08-29-at-18.47.50-1024x682.jpeg\" alt=\"\" class=\"wp-image-42840\" srcset=\"https:\/\/www.czechcyclingfederation.com\/wp-content\/uploads\/2026\/08\/WhatsApp-Image-2026-08-29-at-18.47.50-1024x682.jpeg 1024w, https:\/\/www.czechcyclingfederation.com\/wp-content\/uploads\/2026\/08\/WhatsApp-Image-2026-08-29-at-18.47.50-300x200.jpeg 300w, https:\/\/www.czechcyclingfederation.com\/wp-content\/uploads\/2026\/08\/WhatsApp-Image-2026-08-29-at-18.47.50-768x512.jpeg 768w, https:\/\/www.czechcyclingfederation.com\/wp-content\/uploads\/2026\/08\/WhatsApp-Image-2026-08-29-at-18.47.50.jpeg 1280w\" sizes=\"auto, (max-width: 1024px) 100vw, 1024px\" \/><\/figure>\n\n\n\n<p class=\"wp-block-paragraph\">Z\u00e1vody p\u0159il\u00e1kaly na start fantastickou konkurenci. <em>\u201eI kv\u016fli tomu, \u017ee se tento v\u00edkend uzav\u00edr\u00e1 ranking pro kv\u00f3ty na mistrovstv\u00ed sv\u011bta. N\u011bkter\u00e1 ta jm\u00e9na u\u017e jsme tu v&nbsp;minulosti m\u011bli, ale nikdy se nese\u0161la na jednom ro\u010dn\u00edku. A\u017e letos. Obrovskou p\u0159\u00edze\u0148 fanou\u0161k\u016f si u\u017e\u00edval Novoz\u00e9lan\u010fan Aaron Gate, excelentn\u00ed dr\u00e1ha\u0159 i silni\u010d\u00e1\u0159, kter\u00fd jel letos v&nbsp;dresu Astany Tour de France. Vyhr\u00e1l bodova\u010dku, byl druh\u00fd v&nbsp;omniu a lidi mu hodn\u011b fandili. Mezi \u017eenami zase excelovala D\u00e1nka Dideriksenov\u00e1, b\u00fdval\u00e1 mistryn\u011b sv\u011bta na silnici. Vyhr\u00e1la tady skoro v\u0161echno,\u201c<\/em> uvedl \u0159editel z\u00e1vodu.<\/p>\n\n\n\n<figure class=\"wp-block-image size-large\"><img loading=\"lazy\" decoding=\"async\" width=\"1024\" height=\"682\" src=\"https:\/\/www.czechcyclingfederation.com\/wp-content\/uploads\/2026\/08\/WhatsApp-Image-2026-08-29-at-18.47.23-1024x682.jpeg\" alt=\"\" class=\"wp-image-42842\" srcset=\"https:\/\/www.czechcyclingfederation.com\/wp-content\/uploads\/2026\/08\/WhatsApp-Image-2026-08-29-at-18.47.23-1024x682.jpeg 1024w, https:\/\/www.czechcyclingfederation.com\/wp-content\/uploads\/2026\/08\/WhatsApp-Image-2026-08-29-at-18.47.23-300x200.jpeg 300w, https:\/\/www.czechcyclingfederation.com\/wp-content\/uploads\/2026\/08\/WhatsApp-Image-2026-08-29-at-18.47.23-768x512.jpeg 768w, https:\/\/www.czechcyclingfederation.com\/wp-content\/uploads\/2026\/08\/WhatsApp-Image-2026-08-29-at-18.47.23.jpeg 1280w\" sizes=\"auto, (max-width: 1024px) 100vw, 1024px\" \/><\/figure>\n\n\n\n<p class=\"wp-block-paragraph\">Organiza\u010dn\u011b vy\u0161lo v\u0161e na jedni\u010dku. <em>\u201eHlavn\u011b n\u00e1m p\u0159\u00e1lo po\u010das\u00ed, jedna no\u010dn\u00ed bou\u0159ka n\u00e1s nijak nepoznamenala. Panovala kr\u00e1sn\u00e1 atmosf\u00e9ra a v\u011b\u0159\u00edm, \u017ee si to fanou\u0161ci u\u017eili,\u201c <\/em>doplnil Mr\u00e1\u010dek. Z\u00e1vod na prost\u011bjovsk\u00e9m velodromu byl i rozlu\u010dkou s&nbsp;kari\u00e9rou pro slovenskou dr\u00e1ha\u0159skou legendu Al\u017eb\u011btu Ba\u010d\u00edkovou.<\/p>\n\n\n\n<figure class=\"wp-block-image size-large\"><img loading=\"lazy\" decoding=\"async\" width=\"1024\" height=\"682\" src=\"https:\/\/www.czechcyclingfederation.com\/wp-content\/uploads\/2026\/08\/WhatsApp-Image-2026-08-29-at-18.46.24-1024x682.jpeg\" alt=\"\" class=\"wp-image-42844\" srcset=\"https:\/\/www.czechcyclingfederation.com\/wp-content\/uploads\/2026\/08\/WhatsApp-Image-2026-08-29-at-18.46.24-1024x682.jpeg 1024w, https:\/\/www.czechcyclingfederation.com\/wp-content\/uploads\/2026\/08\/WhatsApp-Image-2026-08-29-at-18.46.24-300x200.jpeg 300w, https:\/\/www.czechcyclingfederation.com\/wp-content\/uploads\/2026\/08\/WhatsApp-Image-2026-08-29-at-18.46.24-768x512.jpeg 768w, https:\/\/www.czechcyclingfederation.com\/wp-content\/uploads\/2026\/08\/WhatsApp-Image-2026-08-29-at-18.46.24.jpeg 1280w\" sizes=\"auto, (max-width: 1024px) 100vw, 1024px\" \/><\/figure>\n\n\n\n<p class=\"wp-block-paragraph\">Kate\u0159ina Male\u010dkov\u00e1, dcera Otmara Male\u010dka, p\u0159edala onkologick\u00e9mu odd\u011blen\u00ed Fakultn\u00ed nemocnice Olomouc \u0161ek na 25&nbsp;000 K\u010d \u2013 v\u00fdt\u011b\u017eek z&nbsp;dobrovoln\u00e9ho vstupn\u00e9ho a tomboly.<\/p>\n\n\n\n<p class=\"wp-block-paragraph\"><strong>V\u00fdsledky<\/strong><\/p>\n\n\n\n<p class=\"wp-block-paragraph\"><strong>Mu\u017ei, scratch:<\/strong> 1. Staniszewski (Pol.), 2. Madsen (D\u00e1n.), 3. Wafler (Rak.). <strong>Keirin:<\/strong> 1. Lendel (Lit.), 2. Walters (USA), <strong>3. Po\u0159\u00edzek<\/strong> (\u010cR). <strong>Bodovac\u00ed z\u00e1vod:<\/strong> 1. Gate (N. Z\u00e9l.), 2. Madsen (D\u00e1n.), 3. Maclean (Brit.), \u2026 <strong>5. Kadlec <\/strong>(\u010cR) 24, <strong>7. K\u0159enek <\/strong>(\u010cR) 14. <strong>Madison:<\/strong> 1. Banaszek, Staniszewski (oba Pol.) 33 b., 2. Slawek, Prokopyszyn (oba Pol.) 20, 3. Navas Marchal, Mora Vedri (oba \u0160p.) 15, \u2026 <strong>5. Kadlec, Kobl\u00ed\u017eek <\/strong>(oba \u010cR) 9. <strong>Sprint:<\/strong> 1. Vadapalas (Lit.), 2. Livanos (\u0158ec.), 3. Pettersen (Nor.), \u2026 <strong>7. \u010cechman <\/strong>(\u010cR). <strong>Omnium:<\/strong> 1. Prokopyszyn (Pol.), 2. Gate (N. Z\u00e9l.), 3. Wafler (Rak.).<\/p>\n\n\n\n<p class=\"wp-block-paragraph\"><strong>\u017deny, scratch: <\/strong>1. Dideriksenov\u00e1 (D\u00e1n.), 2. Anguela Yaguezov\u00e1 (\u0160p.), 3. Cortes Ugarteov\u00e1 (Chile). <strong>Bodovac\u00ed z\u00e1vod: <\/strong>1. Dideriksenov\u00e1 (D\u00e1n.), 2. Br\u00e4utigamov\u00e1 (N\u011bm.), 3. Anguela Yaguezov\u00e1 (\u0160p.), \u2026 <strong>6. Strakat\u00e1 <\/strong>(\u010cR) 5. <strong>Madison:<\/strong> 1. Dideriksenov\u00e1, Klingeov\u00e1 (ob\u011b D\u00e1n.), 2. Teutenbergov\u00e1, Br\u00e4utigamov\u00e1 (ob\u011b N\u011bm.), 3. Cortes Ugarteov\u00e1 (Chile) a <strong>Rugovac<\/strong> (\u010cR). <strong>Omnium:<\/strong> 1. Dideriksenov\u00e1 (D\u00e1n.), 2. Br\u00e4utigamov\u00e1 (N\u011bm.), 3. Anguela Yaguezov\u00e1 (\u0160p.).<\/p>\n\n\n\n<p class=\"wp-block-paragraph\"><strong>Mu\u017ei U19, scratch: <\/strong>1. <strong>Dr\u00e1bek<\/strong> (\u010cR), 2. <strong>Kani\u0161\u010dev<\/strong> (\u010cR), 3. Tom\u00e1\u0161 (SR). <strong>Eliminace:<\/strong> <strong>1. Kani\u0161\u010dev (<\/strong>\u010cR), 2. Tom\u00e1\u0161, 3. Nagy (oba SR). <strong>Bodovac\u00ed z\u00e1vod:<\/strong> <strong>1. Dr\u00e1bek<\/strong> (\u010cR), 2. Miku\u0161 (SR), <strong>3. Ne\u010dada<\/strong> (\u010cR). <strong>Omnium: 1. Hasal<\/strong> (\u010cR), <strong>2. Kani\u0161\u010dev<\/strong> (\u010cR), 3. Miku\u0161 (SR).<\/p>\n\n\n\n<p class=\"wp-block-paragraph\">Foto: Josef Vaishar<\/p>\n","protected":false},"excerpt":{"rendered":"<p>Plej\u00e1dou hv\u011bzd sv\u011btov\u00e9 dr\u00e1hov\u00e9 i silni\u010dn\u00ed cyklistiky byl tradi\u010dn\u00ed dr\u00e1hov\u00fd z\u00e1vod Memori\u00e1l Otmara Male\u010dka za\u0159azen\u00fd do nejvy\u0161\u0161\u00ed kategorie UCI C1 na prost\u011bjovsk\u00e9m velodromu. V&nbsp;nabit\u00e9 konkurenci se prosadili i \u010de\u0161t\u00ed dr\u00e1ha\u0159i: Jan Po\u0159\u00edzek skon\u010dil t\u0159et\u00ed v&nbsp;keirinu, Hana Rugovac pak s&nbsp;chilskou z\u00e1vodnic\u00ed Cortes Ugarteovou obsadila stejnou p\u0159\u00ed\u010dku v&nbsp;madisonu. \u201eUr\u010dit\u011b bych vyzdvihl i p\u00e1t\u00e9 m\u00edsto Kadlece s&nbsp;Kobl\u00ed\u017ekem v&nbsp;mu\u017esk\u00e9m [&hellip;]<\/p>\n","protected":false},"author":15,"featured_media":42838,"comment_status":"closed","ping_status":"open","sticky":false,"template":"","format":"standard","meta":{"footnotes":""},"categories":[54,2,7],"tags":[9],"class_list":["post-42836","post","type-post","status-publish","format-standard","has-post-thumbnail","hentry","category-draha","category-novinky","category-uvodni-stranka","tag-draha"],"_links":{"self":[{"href":"https:\/\/www.czechcyclingfederation.com\/en\/wp-json\/wp\/v2\/posts\/42836","targetHints":{"allow":["GET"]}}],"collection":[{"href":"https:\/\/www.czechcyclingfederation.com\/en\/wp-json\/wp\/v2\/posts"}],"about":[{"href":"https:\/\/www.czechcyclingfederation.com\/en\/wp-json\/wp\/v2\/types\/post"}],"author":[{"embeddable":true,"href":"https:\/\/www.czechcyclingfederation.com\/en\/wp-json\/wp\/v2\/users\/15"}],"replies":[{"embeddable":true,"href":"https:\/\/www.czechcyclingfederation.com\/en\/wp-json\/wp\/v2\/comments?post=42836"}],"version-history":[{"count":2,"href":"https:\/\/www.czechcyclingfederation.com\/en\/wp-json\/wp\/v2\/posts\/42836\/revisions"}],"predecessor-version":[{"id":42846,"href":"https:\/\/www.czechcyclingfederation.com\/en\/wp-json\/wp\/v2\/posts\/42836\/revisions\/42846"}],"wp:featuredmedia":[{"embeddable":true,"href":"https:\/\/www.czechcyclingfederation.com\/en\/wp-json\/wp\/v2\/media\/42838"}],"wp:attachment":[{"href":"https:\/\/www.czechcyclingfederation.com\/en\/wp-json\/wp\/v2\/media?parent=42836"}],"wp:term":[{"taxonomy":"category","embeddable":true,"href":"https:\/\/www.czechcyclingfederation.com\/en\/wp-json\/wp\/v2\/categories?post=42836"},{"taxonomy":"post_tag","embeddable":true,"href":"https:\/\/www.czechcyclingfederation.com\/en\/wp-json\/wp\/v2\/tags?post=42836"}],"curies":[{"name":"wp","href":"https:\/\/api.w.org\/{rel}","templated":true}]}}