{"id":4251,"date":"2021-05-13T10:18:17","date_gmt":"2021-05-13T08:18:17","guid":{"rendered":"https:\/\/www.czechcyclingfederation.com\/?p=4251"},"modified":"2021-05-13T11:12:54","modified_gmt":"2021-05-13T09:12:54","slug":"startuje-carla-kriterijni-liga-2021","status":"publish","type":"post","link":"https:\/\/www.czechcyclingfederation.com\/en\/startuje-carla-kriterijni-liga-2021\/","title":{"rendered":"Startuje Carla kriterijn\u00ed liga 2021"},"content":{"rendered":"\n<p>\u010ce\u0161t\u00ed silni\u010d\u00e1\u0159i maj\u00ed nov\u00fd z\u00e1vodn\u00ed seri\u00e1l. Jmenuje se Carla kriterijn\u00ed liga 2021 a vyhovovat bude hlavn\u011b spurterum. Do lo\u0148sk\u00e9ho roku se krit\u00e9rijn\u00ed z\u00e1vody jezdily v r\u00e1mci \u010cesk\u00e9ho poh\u00e1ru ml\u00e1de\u017ee Techniserv, letos maj\u00ed z\u00e1vodn\u00edci tedy dv\u011b samostatn\u00e9 sout\u011b\u017ee.<\/p>\n\n\n\n<p>Gener\u00e1ln\u00edm partnerem ligy se stala spole\u010dnost Carla s. r. o., kter\u00e1 je ji\u017e od roku 1992 \u010desk\u00fd v\u00fdrobce \u010dokol\u00e1dy ze Dvora Kr\u00e1lov\u00e9 nad Labem. Sout\u011b\u017e se skl\u00e1d\u00e1 ze \u0161esti krit\u00e9ri\u00ed a do celkov\u00e9ho po\u0159ad\u00ed se zapo\u010d\u00edt\u00e1v\u00e1 v\u0161ech \u0161est z\u00e1vod\u016f.<\/p>\n\n\n\n<p>Prvn\u00ed z\u00e1vod ligy se kon\u00e1 ji\u017e tuto sobotu v T\u00e1bo\u0159e v are\u00e1lu Komora. Vzhledem k pandemii Covid-19 jsou po\u0159adatel\u00e9 limitov\u00e1ni po\u010dtem startuj\u00edc\u00edch dan\u00fdch v\u00fdjimkou od Ministerstva zdravotnictv\u00ed. T\u00edm se p\u0159edev\u0161\u00edm v kategorii kadet\u016f na mnoho z\u00e1vodn\u00edk\u016f nedostalo, proto komise ml\u00e1de\u017ee rozhodla, \u017ee kadet\u016fm se nebude z\u00e1vod v T\u00e1bo\u0159e zapo\u010d\u00edt\u00e1vat do celkov\u00e9ho po\u0159ad\u00ed ligy.<\/p>\n\n\n\n<p>Seri\u00e1l je vyps\u00e1n pro ml\u00e1de\u017enick\u00e9 kategorie a \u017eeny, vlo\u017een\u00fd budou m\u00edt sv\u016fj z\u00e1vod i mu\u017ei, kte\u0159\u00ed se v T\u00e1bo\u0159e p\u0159edstav\u00ed s t\u00e9m\u011b\u0159 kompletn\u00ed \u010deskou \u0161pi\u010dkou. Hledat favority je slo\u017eit\u00e9, ale jasn\u00e9, \u017ee mezi \u017eenami to budou z\u00e1vodnice Dukly Praha, mezi mu\u017ei pak jezdci Elkov Kasper.<\/p>\n\n\n\n<p>Z\u00e1vodit se bude pochopiteln\u011b za p\u0159\u00edsn\u00fdch hygienick\u00fdch opat\u0159en\u00ed. Z\u00e1vodn\u00edci v\u010detn\u011b person\u00e1lu mus\u00ed p\u0159edlo\u017eit potvrzen\u00ed o negativn\u00edm PCR \u010di antigenn\u00edm testu proveden\u00e9m ofici\u00e1ln\u00edm odb\u011brov\u00fdm m\u00edstem. Test nesm\u00ed b\u00fdt v dob\u011b zah\u00e1jen\u00ed sportovn\u00ed akce star\u0161\u00ed 48 hodin od odb\u011bru biologick\u00e9ho vzorku. Ti, kdo prod\u011blali nemoc COVID-19 nejpozd\u011bji p\u0159ed 90 dny, nemus\u00ed test podstupovat, ale mus\u00ed to prok\u00e1zat l\u00e9ka\u0159sk\u00fdm nebo laboratorn\u00edm potvrzen\u00edm data od prvn\u00edho pozitivn\u00edho PCR testu.<\/p>\n\n\n\n<p>Program Carla krit\u00e9rijn\u00ed ligy:<\/p>\n\n\n\n<p>15. kv\u011btna: T\u00e1bor<\/p>\n\n\n\n<p>5. \u010dervna: B\u011bkovice-La\u0161\u0165any<\/p>\n\n\n\n<p>17. \u010dervence: Pardubice<\/p>\n\n\n\n<p>28. srpna: Ostrava<\/p>\n\n\n\n<p>5. z\u00e1\u0159\u00ed: Lovosice<\/p>\n\n\n\n<p>11. z\u00e1\u0159\u00ed: Otrokovice.<\/p>\n\n\n\n<figure class=\"wp-block-image size-large\"><img loading=\"lazy\" decoding=\"async\" width=\"1024\" height=\"683\" src=\"http:\/\/www.czechcyclingfederation.com\/wp-content\/uploads\/2021\/05\/Trofej-kadeti-L-Sano-1024x683.jpg\" alt=\"\" class=\"wp-image-4252\" srcset=\"https:\/\/www.czechcyclingfederation.com\/wp-content\/uploads\/2021\/05\/Trofej-kadeti-L-Sano-1024x683.jpg 1024w, https:\/\/www.czechcyclingfederation.com\/wp-content\/uploads\/2021\/05\/Trofej-kadeti-L-Sano-300x200.jpg 300w, https:\/\/www.czechcyclingfederation.com\/wp-content\/uploads\/2021\/05\/Trofej-kadeti-L-Sano-768x512.jpg 768w, https:\/\/www.czechcyclingfederation.com\/wp-content\/uploads\/2021\/05\/Trofej-kadeti-L-Sano-1536x1024.jpg 1536w, https:\/\/www.czechcyclingfederation.com\/wp-content\/uploads\/2021\/05\/Trofej-kadeti-L-Sano-2048x1366.jpg 2048w, https:\/\/www.czechcyclingfederation.com\/wp-content\/uploads\/2021\/05\/Trofej-kadeti-L-Sano-1320x880.jpg 1320w\" sizes=\"auto, (max-width: 1024px) 100vw, 1024px\" \/><\/figure>\n","protected":false},"excerpt":{"rendered":"<p>\u010ce\u0161t\u00ed silni\u010d\u00e1\u0159i maj\u00ed nov\u00fd z\u00e1vodn\u00ed seri\u00e1l. Jmenuje se Carla kriterijn\u00ed liga 2021 a vyhovovat bude hlavn\u011b spurterum. Do lo\u0148sk\u00e9ho roku se krit\u00e9rijn\u00ed z\u00e1vody jezdily v r\u00e1mci \u010cesk\u00e9ho poh\u00e1ru ml\u00e1de\u017ee Techniserv, letos maj\u00ed z\u00e1vodn\u00edci tedy dv\u011b samostatn\u00e9 sout\u011b\u017ee. Gener\u00e1ln\u00edm partnerem ligy se stala spole\u010dnost Carla s. r. o., kter\u00e1 je ji\u017e od roku 1992 \u010desk\u00fd v\u00fdrobce [&hellip;]<\/p>\n","protected":false},"author":8,"featured_media":4255,"comment_status":"closed","ping_status":"open","sticky":false,"template":"","format":"standard","meta":{"footnotes":""},"categories":[2,18],"tags":[11],"class_list":["post-4251","post","type-post","status-publish","format-standard","has-post-thumbnail","hentry","category-novinky","category-silnice","tag-silnice"],"_links":{"self":[{"href":"https:\/\/www.czechcyclingfederation.com\/en\/wp-json\/wp\/v2\/posts\/4251","targetHints":{"allow":["GET"]}}],"collection":[{"href":"https:\/\/www.czechcyclingfederation.com\/en\/wp-json\/wp\/v2\/posts"}],"about":[{"href":"https:\/\/www.czechcyclingfederation.com\/en\/wp-json\/wp\/v2\/types\/post"}],"author":[{"embeddable":true,"href":"https:\/\/www.czechcyclingfederation.com\/en\/wp-json\/wp\/v2\/users\/8"}],"replies":[{"embeddable":true,"href":"https:\/\/www.czechcyclingfederation.com\/en\/wp-json\/wp\/v2\/comments?post=4251"}],"version-history":[{"count":2,"href":"https:\/\/www.czechcyclingfederation.com\/en\/wp-json\/wp\/v2\/posts\/4251\/revisions"}],"predecessor-version":[{"id":4256,"href":"https:\/\/www.czechcyclingfederation.com\/en\/wp-json\/wp\/v2\/posts\/4251\/revisions\/4256"}],"wp:featuredmedia":[{"embeddable":true,"href":"https:\/\/www.czechcyclingfederation.com\/en\/wp-json\/wp\/v2\/media\/4255"}],"wp:attachment":[{"href":"https:\/\/www.czechcyclingfederation.com\/en\/wp-json\/wp\/v2\/media?parent=4251"}],"wp:term":[{"taxonomy":"category","embeddable":true,"href":"https:\/\/www.czechcyclingfederation.com\/en\/wp-json\/wp\/v2\/categories?post=4251"},{"taxonomy":"post_tag","embeddable":true,"href":"https:\/\/www.czechcyclingfederation.com\/en\/wp-json\/wp\/v2\/tags?post=4251"}],"curies":[{"name":"wp","href":"https:\/\/api.w.org\/{rel}","templated":true}]}}