{"id":4235,"date":"2021-05-12T10:20:59","date_gmt":"2021-05-12T08:20:59","guid":{"rendered":"https:\/\/www.czechcyclingfederation.com\/?p=4235"},"modified":"2021-05-15T19:43:10","modified_gmt":"2021-05-15T17:43:10","slug":"tabor-a-mlada-vozice-privitaji-silnicni-elitu-i-mlade-jezdce","status":"publish","type":"post","link":"https:\/\/www.czechcyclingfederation.com\/en\/tabor-a-mlada-vozice-privitaji-silnicni-elitu-i-mlade-jezdce\/","title":{"rendered":"\u0160KODA Cup v Mlad\u00e9 Vo\u017eici pojede i S\u00e1bl\u00edkov\u00e1"},"content":{"rendered":"\n<p>Centrem cyklistick\u00e9ho hnut\u00ed o n\u00e1sleduj\u00edc\u00edm v\u00edkendu se stane jiho\u010desk\u00fd T\u00e1bor a p\u0159edev\u0161\u00edm nedalek\u00e1 Mlad\u00e1 Vo\u017eice. V\u00a0sobotu 15. kv\u011btna se na okruhu v\u00a0are\u00e1lu Komora v\u00a0T\u00e1bo\u0159e pojede Carla Kriterijn\u00ed liga &#8211; T\u00e1borsk\u00e9 okruhy a v\u00a0ned\u011bli 16. kv\u011btna v\u00a0Mlad\u00e9 Vo\u017eici druh\u00fd d\u00edl silni\u010dn\u00edho \u0160KODA Cupu a premi\u00e9rov\u00fd podnik Techniserv Cupu.<\/p>\n\n\n\n<p>Na okruhu dlouh\u00e9m 19,72 km se startem a c\u00edlem v\u00a0Mlad\u00e9 Vo\u017eici se pojede z\u00e1vod presti\u017en\u00edho \u0160KODA Cupu poprv\u00e9 a organiz\u00e1to\u0159i tvrd\u00ed, \u017ee jezdce dokonale n\u00e1ro\u010dn\u00e1 tra\u0165 prov\u011b\u0159\u00ed. Mu\u017ei Elite a U23 vyraz\u00ed do osmiokruhov\u00e9ho z\u00e1vodu ve 13:45 a \u010dek\u00e1 na n\u011b tedy celkem 157,72 km.<\/p>\n\n\n\n<p>\u201eStart i c\u00edl je u z\u00e1mku v Mlad\u00e9 Vo\u017eici. P\u0159ipravili jsme t\u011b\u017ekou a n\u00e1ro\u010dnou trasu, v&nbsp;ka\u017ed\u00e9m kole \u010dek\u00e1 na jezdce p\u0159ev\u00fd\u0161en\u00ed 293 metr\u016f, ale nastoupaj\u00ed v n\u011bm 550 metr\u016f, co\u017e celkov\u011b za z\u00e1vod znamen\u00e1 4400 metr\u016f. Hned za Vo\u017eic\u00ed je \u0161estikilometrov\u00e9 stoup\u00e1n\u00ed,\u201c \u0159\u00edk\u00e1 \u0159editel z\u00e1vodu Petr Balogh a upozor\u0148uje na sjezd z&nbsp;Franti\u0161kova kde jsou dv\u011b 180 stup\u0148ov\u00ed zat\u00e1\u010dky. \u201eJsme moc r\u00e1di, \u017ee p\u0159edstav\u00edme \u00fa\u010dastn\u00edk\u016fm Ji\u017en\u00ed \u010cechy jinak ne\u017e je znaj\u00ed. Je to nov\u00e9 cyklistick\u00e9 prost\u0159ed\u00ed a kr\u00e1sn\u00fd kraj Mladovo\u017eicko,\u201c dodal Balogh.<\/p>\n\n\n\n<p>Favority budou tradi\u010dn\u011b jezdci nejlep\u0161\u00ed \u010desk\u00e9 st\u00e1je Elkov Kasper, kte\u0159\u00ed p\u0159ijedou v nejsiln\u011bj\u0161\u00ed sestav\u011b, ale mezi p\u0159ihl\u00e1\u0161en\u00fdmi z\u00e1vodn\u00edky jsou i cyklist\u00e9 z Polska, Slovenska, Rakouska, N\u011bmecka, Ma\u010farska a Kanady. Zelen\u00fd trikot pro nejlep\u0161\u00edho z\u00e1vodn\u00edka seri\u00e1lu oble\u010de Michale Kukrle (Elkov Kasper), \u010derven\u00fd pro nejlep\u0161\u00edho jezdce kategorie U23 a bude m\u00edt Vojt\u011bch Km\u00ednek z Favoritu Brno a b\u00edl\u00fd pro nejlep\u0161\u00edho nov\u00e1\u010dka Mat\u011bj Str\u00e1nsk\u00fd z Brilon Racing Team.<\/p>\n\n\n\n<p>V startovn\u00ed listin\u011b \u017een je p\u0159ekvapiv\u011b i jedno velmi zvu\u010dn\u00e9 jm\u00e9no. P\u0159ihl\u00e1\u0161ena je \u010dtrn\u00e1ctin\u00e1sobn\u00e1 silni\u010dn\u00ed \u0161ampionka Martina S\u00e1bl\u00edkov\u00e1. &#8220;Martina na silnici prakticky nez\u00e1vodila od roku 2016, loni jela jeden z\u00e1vod na horsk\u00fdch kolech. Kolo ji v\u0161ak bav\u00ed a n\u00e1ro\u010dn\u00e1 tra\u0165 v Mlad\u00e9 Vo\u017eici by j\u00ed m\u011bla hodn\u011b sed\u011bt,&#8221; \u0159ekl jej\u00ed tren\u00e9r Petr Nov\u00e1k. Reprezenta\u010dn\u00ed kou\u010d Tom\u00e1\u0161 Kone\u010dn\u00fd jej\u00ed start v\u00edt\u00e1. &#8220;Bude jist\u011b o\u017eiven\u00edm pelotonu. Cyklistiku m\u00e1 jako dopl\u0148kov\u00fd sport a ji\u017e m\u00e1 za sebou n\u011bjak\u00e9 virtu\u00e1ln\u00ed z\u00e1vody i b\u0159eznov\u00fd zisk premi\u00e9rov\u00e9ho titulu mistryn\u011b \u010cR v e-cyklistice. Na z\u00e1vodech ji budu zabezpe\u010dovat i s jej\u00ed rychlobrusla\u0159skou kolegyn\u00ed Nikolou Zdr\u00e1halovou.<\/p>\n\n\n\n<p>Ji\u017e p\u0159edt\u00edm ale \u010dek\u00e1 premi\u00e9ru Techniserv Cup, \u010desk\u00fd poh\u00e1r pro ml\u00e1de\u017e a \u017eeny. V 8:30 vyraz\u00ed na t\u0159i okruhy kadeti, o deset minut pozd\u011bji na dva okruhy kadetky. Junio\u0159i, kter\u00e9 \u010dek\u00e1 p\u011bt kol, startuj\u00ed v 10:40 a v 10:47 odstartuj\u00ed ke \u010dty\u0159em okruh\u016fm \u017eeny a juniorky.<\/p>\n\n\n\n<p>To v\u0161ak ji\u017e bude m\u00edt v\u011bt\u0161ina cyklist\u016f v&nbsp;noh\u00e1ch sobotn\u00ed Carla Kriterijn\u00ed ligu &#8211; T\u00e1borsk\u00e9 okruhy s&nbsp;n\u00e1sleduj\u00edc\u00edm programem:<\/p>\n\n\n\n<p>10:45 kadetky (18 okruh\u016f, ka\u017ed\u00fd t\u0159et\u00ed okruh bodovac\u00ed)<\/p>\n\n\n\n<p>11:20 kadeti (30 okruh\u016f, ka\u017ed\u00fd t\u0159et\u00ed okruh bodovac\u00ed)<\/p>\n\n\n\n<p>12:10 \u017eeny, juniorky (30 okruh\u016f, ka\u017ed\u00fd t\u0159et\u00ed okruh bodovac\u00ed)<\/p>\n\n\n\n<p>14:00 junio\u0159i (40 okruh\u016f, ka\u017ed\u00fd p\u00e1t\u00fd okruh bodovac\u00ed)<\/p>\n\n\n\n<p>15:00 mu\u017ei \u2013 open z\u00e1vod (50 okruh\u016f, ka\u017ed\u00fd p\u00e1t\u00fd okruh bodovac\u00ed)<\/p>\n\n\n\n<p>Z\u00e1vody se pochopiteln\u011b konaj\u00ed za p\u0159\u00edsn\u00fdch hygienick\u00fdch opat\u0159en\u00ed, tedy bez p\u0159\u00edtomnosti div\u00e1k\u016f.<\/p>\n\n\n\n<p>\u2022 Nebudou otev\u0159eny \u0161atny ani sprchy<\/p>\n\n\n\n<p>\u2022 V\u0161ichni \u00fa\u010dastn\u00edci akce jsou povinni nosit prost\u0159edky k ochran\u011b d\u00fdchac\u00edch cest \u2013 respir\u00e1tor minim\u00e1ln\u011b t\u0159\u00eddy FFP2 nebo KN95 bez v\u00fddechov\u00e9ho ventilu. Tato povinnost se nevztahuje na z\u00e1vodn\u00edky a rozhod\u010d\u00ed v pr\u016fb\u011bhu z\u00e1vodu.<\/p>\n\n\n\n<p>\u2022 Z\u00e1vodn\u00edci v\u010detn\u011b person\u00e1lu mus\u00ed p\u0159edlo\u017eit potvrzen\u00ed o negativn\u00edm PCR \u010di antigenn\u00edm testu proveden\u00e9m ofici\u00e1ln\u00edm odb\u011brov\u00fdm m\u00edstem. Test nesm\u00ed b\u00fdt v dob\u011b zah\u00e1jen\u00ed sportovn\u00ed akce star\u0161\u00ed 48 hod. od odb\u011bru biologick\u00e9ho vzorku. Ti, kdo prod\u011blali nemoc COVID-19 nejpozd\u011bji p\u0159ed 90 dny, nemus\u00ed test podstupovat, ale mus\u00ed to prok\u00e1zat l\u00e9ka\u0159sk\u00fdm nebo laboratorn\u00edm potvrzen\u00edm data od prvn\u00edho pozitivn\u00edho PCR testu.<\/p>\n\n\n\n<p>\u2022 Z\u00e1vodn\u00edci v\u010detn\u011b person\u00e1lu odevzdaj\u00ed v kancel\u00e1\u0159i z\u00e1vodu vypln\u011bn\u00fd selfreporting formul\u00e1\u0159 \u2013 viz p\u0159\u00edloha. Z\u00e1vodn\u00edci, kte\u0159\u00ed absolvovali T\u00e1borsk\u00e9 okruhy v sobotu nebo si v sobotu vyzvedli startovn\u00ed \u010d\u00edslo s \u010dipem, nemus\u00ed znovu p\u0159edkl\u00e1dat v\u00fdsledek testu a selfreporting formul\u00e1\u0159.<\/p>\n\n\n\n<p>\u2022 Z\u00e1vodn\u00edci, kte\u0159\u00ed se budou registrovat v ned\u011bli, odevzdaj\u00ed p\u0159i prezentaci v kancel\u00e1\u0159i z\u00e1vodu selfreporting formul\u00e1\u0159 a p\u0159edlo\u017e\u00ed potvrzen\u00ed o negativn\u00edm testu. Na z\u00e1klad\u011b toho jim bude vyd\u00e1no startovn\u00ed \u010d\u00edslo a \u010dip.<\/p>\n\n\n\n<p>\u2022 P\u0159ed startem z\u00e1vodu p\u0159i podepisov\u00e1n\u00ed podpisov\u00fdch arch\u016f bude z\u00e1vodn\u00edk\u016fm zm\u011b\u0159ena teplota. Pokud bude nam\u011b\u0159ena teplota vy\u0161\u0161\u00ed ne\u017e 37,5 st. C., bude z\u00e1vodn\u00edkovi umo\u017en\u011bn start pouze se souhlasem l\u00e9ka\u0159e pov\u011b\u0159en\u00e9ho organiz\u00e1torem.<\/p>\n\n\n\n<p>\u2022 Ihned po dojezdu ka\u017ed\u00e9 kategorie bude n\u00e1sledovat vyhl\u00e1\u0161en\u00ed v\u00edt\u011bz\u016f v prostoru c\u00edlov\u00e9 rovinky. Pot\u00e9 mus\u00ed z\u00e1vodn\u00edci a jejich doprovod opustit z\u00e1vodi\u0161t\u011b tak, aby mohl sportovn\u00ed program pokra\u010dovat a nebyl p\u0159ekro\u010den maxim\u00e1ln\u00ed povolen\u00fd po\u010det osob.<\/p>\n\n\n\n<p>FOTO Jan Brychta<\/p>\n\n\n\n<figure class=\"wp-block-image size-large\"><img loading=\"lazy\" decoding=\"async\" width=\"681\" height=\"1024\" src=\"https:\/\/www.czechcyclingfederation.com\/wp-content\/uploads\/2021\/05\/BrychtaJan_Brno_VelkaBites_Brno_20210417_161128_DSC_4232-681x1024.jpg\" alt=\"\" class=\"wp-image-4237\" srcset=\"https:\/\/www.czechcyclingfederation.com\/wp-content\/uploads\/2021\/05\/BrychtaJan_Brno_VelkaBites_Brno_20210417_161128_DSC_4232-681x1024.jpg 681w, https:\/\/www.czechcyclingfederation.com\/wp-content\/uploads\/2021\/05\/BrychtaJan_Brno_VelkaBites_Brno_20210417_161128_DSC_4232-133x200.jpg 133w, https:\/\/www.czechcyclingfederation.com\/wp-content\/uploads\/2021\/05\/BrychtaJan_Brno_VelkaBites_Brno_20210417_161128_DSC_4232-768x1154.jpg 768w, https:\/\/www.czechcyclingfederation.com\/wp-content\/uploads\/2021\/05\/BrychtaJan_Brno_VelkaBites_Brno_20210417_161128_DSC_4232-1022x1536.jpg 1022w, https:\/\/www.czechcyclingfederation.com\/wp-content\/uploads\/2021\/05\/BrychtaJan_Brno_VelkaBites_Brno_20210417_161128_DSC_4232-1320x1983.jpg 1320w, https:\/\/www.czechcyclingfederation.com\/wp-content\/uploads\/2021\/05\/BrychtaJan_Brno_VelkaBites_Brno_20210417_161128_DSC_4232.jpg 1331w\" sizes=\"auto, (max-width: 681px) 100vw, 681px\" \/><\/figure>\n\n\n<div class=\"wp-block-file\">\r\n                <a target=\"_blank\" rel=\"noopener\" href=\"https:\/\/www.czechcyclingfederation.com\/wp-content\/uploads\/2021\/05\/S\u030ckoda-Cup-Voz\u030cicke\u0301-okruhy-2021-final.pdf\" class=\"wp-block-file__button wp-element-button\">\r\n                    <span class=\"wp-block-file__icon\"><\/span>\r\n                    S\u030ckoda-Cup-Voz\u030cicke\u0301-okruhy-2021-final\r\n                <\/a>\r\n            <\/div>\n\n<div class=\"wp-block-file\">\r\n                <a target=\"_blank\" rel=\"noopener\" href=\"https:\/\/www.czechcyclingfederation.com\/wp-content\/uploads\/2021\/05\/Techniserv-Cup-2021-Voz\u030cicke\u0301-okruhy-final2.pdf\" class=\"wp-block-file__button wp-element-button\">\r\n                    <span class=\"wp-block-file__icon\"><\/span>\r\n                    Techniserv-Cup-2021-Voz\u030cicke\u0301-okruhy-final2\r\n                <\/a>\r\n            <\/div>\n\n<div class=\"wp-block-file\">\r\n                <a target=\"_blank\" rel=\"noopener\" href=\"https:\/\/www.czechcyclingfederation.com\/wp-content\/uploads\/2021\/05\/Covid19_selfreport_formular_Tabor_Mlada-Vozice_CZE.pdf\" class=\"wp-block-file__button wp-element-button\">\r\n                    <span class=\"wp-block-file__icon\"><\/span>\r\n                    Covid19_selfreport_formular_Tabor_Mlada-Vozice_CZE\r\n                <\/a>\r\n            <\/div>\n\n<div class=\"wp-block-file\">\r\n                <a target=\"_blank\" rel=\"noopener\" href=\"https:\/\/www.czechcyclingfederation.com\/wp-content\/uploads\/2021\/05\/Covid19-selfreporting_form_Tabor_Mlada-Vozice_ENG.pdf\" class=\"wp-block-file__button wp-element-button\">\r\n                    <span class=\"wp-block-file__icon\"><\/span>\r\n                    Covid19-selfreporting_form_Tabor_Mlada-Vozice_ENG\r\n                <\/a>\r\n            <\/div>","protected":false},"excerpt":{"rendered":"<p>Centrem cyklistick\u00e9ho hnut\u00ed o n\u00e1sleduj\u00edc\u00edm v\u00edkendu se stane jiho\u010desk\u00fd T\u00e1bor a p\u0159edev\u0161\u00edm nedalek\u00e1 Mlad\u00e1 Vo\u017eice. V\u00a0sobotu 15. kv\u011btna se na okruhu v\u00a0are\u00e1lu Komora v\u00a0T\u00e1bo\u0159e pojede Carla Kriterijn\u00ed liga &#8211; T\u00e1borsk\u00e9 okruhy a v\u00a0ned\u011bli 16. kv\u011btna v\u00a0Mlad\u00e9 Vo\u017eici druh\u00fd d\u00edl silni\u010dn\u00edho \u0160KODA Cupu a premi\u00e9rov\u00fd podnik Techniserv Cupu. Na okruhu dlouh\u00e9m 19,72 km se startem a [&hellip;]<\/p>\n","protected":false},"author":8,"featured_media":4245,"comment_status":"closed","ping_status":"open","sticky":false,"template":"","format":"standard","meta":{"footnotes":""},"categories":[2,18],"tags":[11],"class_list":["post-4235","post","type-post","status-publish","format-standard","has-post-thumbnail","hentry","category-novinky","category-silnice","tag-silnice"],"_links":{"self":[{"href":"https:\/\/www.czechcyclingfederation.com\/en\/wp-json\/wp\/v2\/posts\/4235","targetHints":{"allow":["GET"]}}],"collection":[{"href":"https:\/\/www.czechcyclingfederation.com\/en\/wp-json\/wp\/v2\/posts"}],"about":[{"href":"https:\/\/www.czechcyclingfederation.com\/en\/wp-json\/wp\/v2\/types\/post"}],"author":[{"embeddable":true,"href":"https:\/\/www.czechcyclingfederation.com\/en\/wp-json\/wp\/v2\/users\/8"}],"replies":[{"embeddable":true,"href":"https:\/\/www.czechcyclingfederation.com\/en\/wp-json\/wp\/v2\/comments?post=4235"}],"version-history":[{"count":3,"href":"https:\/\/www.czechcyclingfederation.com\/en\/wp-json\/wp\/v2\/posts\/4235\/revisions"}],"predecessor-version":[{"id":4265,"href":"https:\/\/www.czechcyclingfederation.com\/en\/wp-json\/wp\/v2\/posts\/4235\/revisions\/4265"}],"wp:featuredmedia":[{"embeddable":true,"href":"https:\/\/www.czechcyclingfederation.com\/en\/wp-json\/wp\/v2\/media\/4245"}],"wp:attachment":[{"href":"https:\/\/www.czechcyclingfederation.com\/en\/wp-json\/wp\/v2\/media?parent=4235"}],"wp:term":[{"taxonomy":"category","embeddable":true,"href":"https:\/\/www.czechcyclingfederation.com\/en\/wp-json\/wp\/v2\/categories?post=4235"},{"taxonomy":"post_tag","embeddable":true,"href":"https:\/\/www.czechcyclingfederation.com\/en\/wp-json\/wp\/v2\/tags?post=4235"}],"curies":[{"name":"wp","href":"https:\/\/api.w.org\/{rel}","templated":true}]}}