{"id":4224,"date":"2021-05-10T12:04:53","date_gmt":"2021-05-10T10:04:53","guid":{"rendered":"https:\/\/www.czechcyclingfederation.com\/?p=4224"},"modified":"2021-05-10T12:04:53","modified_gmt":"2021-05-10T10:04:53","slug":"bikrosar-mentlik-devaty-v-zavode-sp","status":"publish","type":"post","link":"https:\/\/www.czechcyclingfederation.com\/en\/bikrosar-mentlik-devaty-v-zavode-sp\/","title":{"rendered":"Bikrosa\u0159 Mentl\u00edk dev\u00e1t\u00fd v z\u00e1vod\u011b SP"},"content":{"rendered":"\n<p>Vynikaj\u00edc\u00ed dev\u00e1t\u00e9 m\u00edsto vybojoval p\u0159i sv\u00e9 v\u00edkendov\u00e9 premi\u00e9\u0159e ve Sv\u011btov\u00e9m poh\u00e1ru BMX v italsk\u00e9 Veron\u011b teprve sedmn\u00e1ctilet\u00fd Maty\u00e1\u0161 Mentl\u00edk v\u00a0kategorii mu\u017e\u016f U23 a veze si tak domu 65 bod\u016f do pr\u016fb\u011b\u017en\u00e9ho po\u0159ad\u00ed Sv\u011btov\u00e9ho poh\u00e1ru, nav\u00edc dal\u0161\u00edch 25 bod\u016f z\u00edskal za prvn\u00ed z\u00e1vod.<\/p>\n\n\n\n<p>Kategorie U23 m\u00e1 letos premi\u00e9ru pr\u00e1v\u011b ve Sv\u011btov\u00e9m poh\u00e1ru, p\u0159i\u010dem\u017e UCI ji\u017e dala najevo, \u017ee od p\u0159\u00ed\u0161t\u00edho roku bude tato kategorie sou\u010d\u00e1st\u00ed v\u0161ech mezin\u00e1rodn\u00edch z\u00e1vod\u016f tak, jako je tomu v ostatn\u00edch cyklistick\u00fdch discipl\u00edn\u00e1ch.&nbsp;&nbsp; Z tohoto z\u00e1vodu vezou d\u00e1le domu body Adam Moravec, Marek Neu\u017eil a Mat\u011bj Linhart.<\/p>\n\n\n\n<p>V&nbsp;kategorii \u017een elite pak obsadila Eli\u0161ka Bart\u016f\u0148kov\u00e1 21. a 26. m\u00edsto a do \u017eeb\u0159\u00ed\u010dku UCI si tak p\u0159ipsala celkov\u011b cenn\u00fdch 65 bod\u016f.<\/p>\n\n\n\n<p>Mu\u017ei:<\/p>\n\n\n\n<p>I. z\u00e1vod:<\/p>\n\n\n\n<p>1. Marquart (\u0160v\u00fdc.), 2. Pilard (Fr.), 3. Torres (Arg.).<\/p>\n\n\n\n<p>II. z\u00e1vod:<\/p>\n\n\n\n<p>1. Graf (\u0160v\u00fdc.), 2. Marquart, 3. Kimmann (Niz.).<\/p>\n\n\n\n<p>Mu\u017ei U23:<\/p>\n\n\n\n<p>I. z\u00e1vod:<\/p>\n\n\n\n<p>1. Oegema (Niz.), 2. Lindberg (\u0160v\u00e9d.), 3. Magdelijns (Belg.), &#8230;23. Neu\u017eil, 29. Moravec, 30. Mentl\u00edk, 35. LInhart (v\u0161ichni \u010cR).<\/p>\n\n\n\n<p>II. z\u00e1vod:<\/p>\n\n\n\n<p>1. van Eeuwijk (Niz.), 2. Oegema, 3. Geisse (Fr.)., \u20269. Mentl\u00edk, 24. Moravec, 32. Neu\u017eil, 38. Linhart.<\/p>\n\n\n\n<p>\u017deny:<\/p>\n\n\n\n<p>I. z\u00e1vod:<\/p>\n\n\n\n<p>1. Baauwov\u00e1, 2. M. Smuldersov\u00e1 (ob\u011b Niz.), 3. Hatekajamov\u00e1 (Jap.), \u202626. Bart\u016f\u0148kov\u00e1 (\u010cR).<\/p>\n\n\n\n<p>II. z\u00e1vod:<\/p>\n\n\n\n<p>1. L. Smuldersov\u00e1 (Niz.), 2. Claessensov\u00e1 (\u0160v\u00fdc.), 3. Afremovov\u00e1 (Rus.), \u202621. Bart\u016f\u0148kov\u00e1.<\/p>\n\n\n\n<p>\u017deny U23:<\/p>\n\n\n\n<p>1. z\u00e1vod:<\/p>\n\n\n\n<p>1. Burfordov\u00e1 (\u0160v\u00fdc.), 2. Wissingov\u00e1 (Niz.), 3. Cingolaniov\u00e1 (Arg.).<\/p>\n\n\n\n<p>II. z\u00e1vod:<\/p>\n\n\n\n<p>1. Martinezov\u00e1 (Fr.), 2. Burfordov\u00e1, 3. Brindjoncov\u00e1 (Fr.).<\/p>\n\n\n\n<p>FOTO Luk\u00e1\u0161 Tamme<\/p>\n","protected":false},"excerpt":{"rendered":"<p>Vynikaj\u00edc\u00ed dev\u00e1t\u00e9 m\u00edsto vybojoval p\u0159i sv\u00e9 v\u00edkendov\u00e9 premi\u00e9\u0159e ve Sv\u011btov\u00e9m poh\u00e1ru BMX v italsk\u00e9 Veron\u011b teprve sedmn\u00e1ctilet\u00fd Maty\u00e1\u0161 Mentl\u00edk v\u00a0kategorii mu\u017e\u016f U23 a veze si tak domu 65 bod\u016f do pr\u016fb\u011b\u017en\u00e9ho po\u0159ad\u00ed Sv\u011btov\u00e9ho poh\u00e1ru, nav\u00edc dal\u0161\u00edch 25 bod\u016f z\u00edskal za prvn\u00ed z\u00e1vod. Kategorie U23 m\u00e1 letos premi\u00e9ru pr\u00e1v\u011b ve Sv\u011btov\u00e9m poh\u00e1ru, p\u0159i\u010dem\u017e UCI ji\u017e dala [&hellip;]<\/p>\n","protected":false},"author":8,"featured_media":4225,"comment_status":"closed","ping_status":"open","sticky":false,"template":"","format":"standard","meta":{"footnotes":""},"categories":[57,2],"tags":[55],"class_list":["post-4224","post","type-post","status-publish","format-standard","has-post-thumbnail","hentry","category-bmx","category-novinky","tag-bmx"],"_links":{"self":[{"href":"https:\/\/www.czechcyclingfederation.com\/en\/wp-json\/wp\/v2\/posts\/4224","targetHints":{"allow":["GET"]}}],"collection":[{"href":"https:\/\/www.czechcyclingfederation.com\/en\/wp-json\/wp\/v2\/posts"}],"about":[{"href":"https:\/\/www.czechcyclingfederation.com\/en\/wp-json\/wp\/v2\/types\/post"}],"author":[{"embeddable":true,"href":"https:\/\/www.czechcyclingfederation.com\/en\/wp-json\/wp\/v2\/users\/8"}],"replies":[{"embeddable":true,"href":"https:\/\/www.czechcyclingfederation.com\/en\/wp-json\/wp\/v2\/comments?post=4224"}],"version-history":[{"count":1,"href":"https:\/\/www.czechcyclingfederation.com\/en\/wp-json\/wp\/v2\/posts\/4224\/revisions"}],"predecessor-version":[{"id":4226,"href":"https:\/\/www.czechcyclingfederation.com\/en\/wp-json\/wp\/v2\/posts\/4224\/revisions\/4226"}],"wp:featuredmedia":[{"embeddable":true,"href":"https:\/\/www.czechcyclingfederation.com\/en\/wp-json\/wp\/v2\/media\/4225"}],"wp:attachment":[{"href":"https:\/\/www.czechcyclingfederation.com\/en\/wp-json\/wp\/v2\/media?parent=4224"}],"wp:term":[{"taxonomy":"category","embeddable":true,"href":"https:\/\/www.czechcyclingfederation.com\/en\/wp-json\/wp\/v2\/categories?post=4224"},{"taxonomy":"post_tag","embeddable":true,"href":"https:\/\/www.czechcyclingfederation.com\/en\/wp-json\/wp\/v2\/tags?post=4224"}],"curies":[{"name":"wp","href":"https:\/\/api.w.org\/{rel}","templated":true}]}}