{"id":4218,"date":"2021-05-09T19:24:41","date_gmt":"2021-05-09T17:24:41","guid":{"rendered":"https:\/\/www.czechcyclingfederation.com\/?p=4218"},"modified":"2021-05-10T17:41:57","modified_gmt":"2021-05-10T15:41:57","slug":"julia-kopecky-zarila-na-ncupu-ve-francii","status":"publish","type":"post","link":"https:\/\/www.czechcyclingfederation.com\/en\/julia-kopecky-zarila-na-ncupu-ve-francii\/","title":{"rendered":"Julia Kopecky z\u00e1\u0159ila na N\u00b4Cupu ve Francii"},"content":{"rendered":"\n<p>Skv\u011ble se p\u0159edvedla na juniorsk\u00e9m z\u00e1vodu Nations\u00b4Cupu s n\u00e1zvem Tour de G\u00e9vuadan Occitaine ve Francii teprve \u0161estn\u00e1ctilet\u00e1 \u010desk\u00e1 nad\u011bjn\u00e1 z\u00e1vodnice Julia Kopecky. V prvn\u00ed etap\u011b dojela dev\u00e1t\u00e1 a ve druh\u00e9m p\u00e1t\u00e1 a v celkov\u00e9 klasifikaci obsadila \u0161estou p\u0159\u00ed\u010dku. Za to z\u00edskala patn\u00e1ct bod\u016f do sv\u011btov\u00e9ho \u017eeb\u0159\u00ed\u010dku a dal\u0161\u00ed dva za p\u00e1t\u00e9 m\u00edsto v etap\u011b.<\/p>\n\n\n\n<p>Z\u00e1vodu dominovala n\u011bmeck\u00e1 cyklistka Linda Riedmannov\u00e1, kter\u00e1 vyhr\u00e1la ob\u011b etapy a celkov\u011b byla lep\u0161\u00ed o \u0161est p\u0159ed Italkou Franceskou Baraleovou, Kopecky zaostala za v\u00edt\u011bzkou 1:33 a v po\u0159ad\u00ed mlad\u00fdch z\u00e1vodnic, jezd\u00edc\u00edch mezi juniorkami prvn\u00edm rokem, byla klasifikov\u00e1na t\u0159et\u00ed.<\/p>\n\n\n\n<p>&#8220;Jsem velmi spokojen\u00e1 s&nbsp;v\u00fdkonem jak\u00fd jsem p\u0159edvedla, stejn\u011b tak se skv\u011bl\u00fdm um\u00edst\u011bn\u00edm. Byl to prvn\u00ed z\u00e1vod N\u00b4Cupu a k tomu prvn\u00ed start v sezon\u011b. Z\u00e1vod to byl profilov\u011b velmi n\u00e1ro\u010dn\u00fd a z tohoto d\u016fvodu jsem \u0161\u0165astn\u00e1 jak se mi vyvedl,&#8221; \u0159ekla Julia Kopecky, kter\u00e1 jela v barv\u00e1ch nizozemsk\u00e9ho t\u00fdmu Restore Cycling.<\/p>\n\n\n\n<p>Kone\u010dn\u00e9 po\u0159ad\u00ed:<\/p>\n\n\n\n<p>1. Riedmannov\u00e1 (N\u011bm.) 3:51:33, 2. Baraleov\u00e1 (It.) +6, 3. van der Meidenov\u00e1 (Niz.) +31, 4. Ahtosalov\u00e1 (Fin.) +1:33, 5. Vinkeov\u00e1 (Niz.) +1:33, 6. Kopecky (\u010cR) +1:33.<\/p>\n\n\n\n<p>FOTO Facebook z\u00e1vodu<\/p>\n\n\n\n<figure class=\"wp-block-image size-large\"><img loading=\"lazy\" decoding=\"async\" width=\"576\" height=\"1024\" src=\"https:\/\/www.czechcyclingfederation.com\/wp-content\/uploads\/2021\/05\/Kopecky-Julia-IMG_9990-576x1024.jpg\" alt=\"\" class=\"wp-image-4221\" srcset=\"https:\/\/www.czechcyclingfederation.com\/wp-content\/uploads\/2021\/05\/Kopecky-Julia-IMG_9990-576x1024.jpg 576w, https:\/\/www.czechcyclingfederation.com\/wp-content\/uploads\/2021\/05\/Kopecky-Julia-IMG_9990-113x200.jpg 113w, https:\/\/www.czechcyclingfederation.com\/wp-content\/uploads\/2021\/05\/Kopecky-Julia-IMG_9990-768x1365.jpg 768w, https:\/\/www.czechcyclingfederation.com\/wp-content\/uploads\/2021\/05\/Kopecky-Julia-IMG_9990-864x1536.jpg 864w, https:\/\/www.czechcyclingfederation.com\/wp-content\/uploads\/2021\/05\/Kopecky-Julia-IMG_9990.jpg 900w\" sizes=\"auto, (max-width: 576px) 100vw, 576px\" \/><\/figure>\n\n\n\n<figure class=\"wp-block-image size-large\"><img loading=\"lazy\" decoding=\"async\" width=\"1024\" height=\"632\" src=\"https:\/\/www.czechcyclingfederation.com\/wp-content\/uploads\/2021\/05\/183607355_1381500442218837_3050073533482943588_n-1024x632.jpg\" alt=\"\" class=\"wp-image-4222\" srcset=\"https:\/\/www.czechcyclingfederation.com\/wp-content\/uploads\/2021\/05\/183607355_1381500442218837_3050073533482943588_n-1024x632.jpg 1024w, https:\/\/www.czechcyclingfederation.com\/wp-content\/uploads\/2021\/05\/183607355_1381500442218837_3050073533482943588_n-300x185.jpg 300w, https:\/\/www.czechcyclingfederation.com\/wp-content\/uploads\/2021\/05\/183607355_1381500442218837_3050073533482943588_n-768x474.jpg 768w, https:\/\/www.czechcyclingfederation.com\/wp-content\/uploads\/2021\/05\/183607355_1381500442218837_3050073533482943588_n-1536x948.jpg 1536w, https:\/\/www.czechcyclingfederation.com\/wp-content\/uploads\/2021\/05\/183607355_1381500442218837_3050073533482943588_n-1320x815.jpg 1320w, https:\/\/www.czechcyclingfederation.com\/wp-content\/uploads\/2021\/05\/183607355_1381500442218837_3050073533482943588_n.jpg 1887w\" sizes=\"auto, (max-width: 1024px) 100vw, 1024px\" \/><\/figure>\n","protected":false},"excerpt":{"rendered":"<p>Skv\u011ble se p\u0159edvedla na juniorsk\u00e9m z\u00e1vodu Nations\u00b4Cupu s n\u00e1zvem Tour de G\u00e9vuadan Occitaine ve Francii teprve \u0161estn\u00e1ctilet\u00e1 \u010desk\u00e1 nad\u011bjn\u00e1 z\u00e1vodnice Julia Kopecky. V prvn\u00ed etap\u011b dojela dev\u00e1t\u00e1 a ve druh\u00e9m p\u00e1t\u00e1 a v celkov\u00e9 klasifikaci obsadila \u0161estou p\u0159\u00ed\u010dku. Za to z\u00edskala patn\u00e1ct bod\u016f do sv\u011btov\u00e9ho \u017eeb\u0159\u00ed\u010dku a dal\u0161\u00ed dva za p\u00e1t\u00e9 m\u00edsto v etap\u011b. Z\u00e1vodu [&hellip;]<\/p>\n","protected":false},"author":8,"featured_media":4219,"comment_status":"closed","ping_status":"open","sticky":false,"template":"","format":"standard","meta":{"footnotes":""},"categories":[2,18],"tags":[11],"class_list":["post-4218","post","type-post","status-publish","format-standard","has-post-thumbnail","hentry","category-novinky","category-silnice","tag-silnice"],"_links":{"self":[{"href":"https:\/\/www.czechcyclingfederation.com\/en\/wp-json\/wp\/v2\/posts\/4218","targetHints":{"allow":["GET"]}}],"collection":[{"href":"https:\/\/www.czechcyclingfederation.com\/en\/wp-json\/wp\/v2\/posts"}],"about":[{"href":"https:\/\/www.czechcyclingfederation.com\/en\/wp-json\/wp\/v2\/types\/post"}],"author":[{"embeddable":true,"href":"https:\/\/www.czechcyclingfederation.com\/en\/wp-json\/wp\/v2\/users\/8"}],"replies":[{"embeddable":true,"href":"https:\/\/www.czechcyclingfederation.com\/en\/wp-json\/wp\/v2\/comments?post=4218"}],"version-history":[{"count":2,"href":"https:\/\/www.czechcyclingfederation.com\/en\/wp-json\/wp\/v2\/posts\/4218\/revisions"}],"predecessor-version":[{"id":4223,"href":"https:\/\/www.czechcyclingfederation.com\/en\/wp-json\/wp\/v2\/posts\/4218\/revisions\/4223"}],"wp:featuredmedia":[{"embeddable":true,"href":"https:\/\/www.czechcyclingfederation.com\/en\/wp-json\/wp\/v2\/media\/4219"}],"wp:attachment":[{"href":"https:\/\/www.czechcyclingfederation.com\/en\/wp-json\/wp\/v2\/media?parent=4218"}],"wp:term":[{"taxonomy":"category","embeddable":true,"href":"https:\/\/www.czechcyclingfederation.com\/en\/wp-json\/wp\/v2\/categories?post=4218"},{"taxonomy":"post_tag","embeddable":true,"href":"https:\/\/www.czechcyclingfederation.com\/en\/wp-json\/wp\/v2\/tags?post=4218"}],"curies":[{"name":"wp","href":"https:\/\/api.w.org\/{rel}","templated":true}]}}