{"id":4181,"date":"2021-05-06T23:01:55","date_gmt":"2021-05-06T21:01:55","guid":{"rendered":"https:\/\/www.czechcyclingfederation.com\/?p=4181"},"modified":"2021-05-06T23:03:35","modified_gmt":"2021-05-06T21:03:35","slug":"antosova-a-jahoda-ctvrti-v-casovce-na-cyklistickem-sp-v-belgii","status":"publish","type":"post","link":"https:\/\/www.czechcyclingfederation.com\/en\/antosova-a-jahoda-ctvrti-v-casovce-na-cyklistickem-sp-v-belgii\/","title":{"rendered":"Anto\u0161ov\u00e1 a Jahoda \u010dtvrt\u00ed v \u010dasovce na cyklistick\u00e9m SP v Belgii!"},"content":{"rendered":"\n<p>V\u00fdborn\u00fd za\u010d\u00e1tek! Velmi dlouh\u00e1 pauza, kterou na\u0161i cyklist\u00e9 (nejen ti) byli nuceni podstoupit, se v \u017e\u00e1dn\u00e9m p\u0159\u00edpad\u011b neprojevila na v\u00fdkonech na\u0161ich z\u00e1vodn\u00edk\u016f! <\/p>\n\n\n\n<p>Patrik Jahoda (MH1), kter\u00fd p\u0159ijel do Belgie po nemoci, kterou prod\u011blal kr\u00e1tce p\u0159ed Sv\u011btov\u00fdm poh\u00e1rem, zajel velmi solidn\u00ed \u010dasovku! Celou dobu byl ve h\u0159e o bronz, nakonec z toho byla jeho neobl\u00edben\u00e1 \u201ebramborov\u00e1 medaile\u201c \u2013 3.m\u00edsto Patrikovi uteklo o 13 sekund. \u010ctvrt\u00e9 m\u00edsto v \u010dasovce, kter\u00e1 byla t\u00e9m\u011b\u0159 maxim\u00e1ln\u011b mo\u017en\u011b obsazen\u00e1, je ov\u0161em nesporn\u00fd \u00fasp\u011bch pro na\u0161eho elitn\u00edho handbikera. Patrikova slova po sv\u00e9m prvn\u00edm vystoupen\u00ed v Ostende: \u201e<em>Dnes to byl snad nejt\u011b\u017e\u0161\u00ed z\u00e1vod, co jsem kdy jel. Z\u00e1vodn\u00ed pauza byla zn\u00e1t, nav\u00edc jsem t\u00fdden p\u0159ed odjezdem do Belgie dobral antibiotika, tak jsem se trochu b\u00e1l, \u017ee pod\u00e1m velmi \u0161patn\u00fd v\u00fdkon. Docela jsem se p\u0159ekvapil, ur\u010dit\u011b m\u00e1m ve v\u00fdkonnosti je\u0161t\u011b velkou rezervu, ale nebylo to \u00fapln\u011b \u0161patn\u00e9. Mysl\u00edm, \u017ee je to slibn\u00fd za\u010d\u00e1tek paralympijsk\u00e9 sez\u00f3ny.<\/em>\u201e<\/p>\n\n\n\n<p>Stejn\u00fd \u00fasp\u011bch si p\u0159ipsala Kate\u0159ina Anto\u0161ov\u00e1 (WH3), kter\u00e1 obsadila rovn\u011b\u017e \u010dtvrtou p\u0159\u00ed\u010dku v dne\u0161n\u00ed \u010dasovce. Sv\u016fj z\u00e1vod okomentovala takto: \u201eP<em>o tak dlouh\u00e9 dob\u011b nebylo v\u016fbec jednoduch\u00e9 se na tento z\u00e1vod p\u0159ipravit. Tr\u00e9novala jsem sice v\u00edce ne\u017e kdykoli p\u0159edt\u00edm, ale bez z\u00e1vod\u011bn\u00ed jsem m\u011bla pocit, jako bych za\u010d\u00ednala od nuly. V\u00fdhodu m\u011bly ty ze soupe\u0159ek, kter\u00e9 maj\u00ed sparingpartnera, nebo \u017eij\u00ed v zemi, kde se \u017eivot nezastavil. Za \u010dtvrt\u00e9 m\u00edsto jsem r\u00e1da, jela jsem vy\u0161\u0161\u00ed pr\u016fm\u011brnou rychlost\u00ed ne\u017e p\u0159ed dv\u011bma lety. Douf\u00e1m, \u017ee forma je\u0161t\u011b p\u016fjde nahoru a \u017ee najdu \u201eskryt\u00e9 rezervy\u201c na nadch\u00e1zej\u00edc\u00edm Mistrovstv\u00ed sv\u011bta.<\/em>\u201e<\/p>\n\n\n\n<p>Pozadu nez\u016fstal ani Va\u0161ek Antal (MH3), kter\u00fd zajel 22.m\u00edsto, um\u00edstil se tedy zhruba v polovin\u011b startovn\u00edho pole. Stejn\u011b jako Patrik Jahoda, i Va\u0161ek p\u0159ijel do Ostende po prod\u011blan\u00e9 nemoci, nemohl se tedy p\u0159ipravovat \u00fapln\u011b na 100%, i tak ale zajel \u010das, za kter\u00fd se rozhodn\u011b styd\u011bt nemus\u00ed.<\/p>\n\n\n\n<p>Z\u00edtra se p\u0159edstav\u00ed na \u010dasovce na\u0161i 2 borci z kategorie MC2 \u2013 Michal Stark a Ivo Koblasa, kter\u00fd se netaj\u00ed medailov\u00fdmi ambicemi. Z\u00e1vodit budou oba reprezentanti ji\u017e p\u0159ed des\u00e1tou hodinou dopoledn\u00ed.<\/p>\n\n\n\n<p><strong>V\u00fdsledky<\/strong>&nbsp;je mo\u017en\u00e9 sledovat zde:&nbsp;<a href=\"http:\/\/www.rsstiming.com\/Resultats\/UCIPara\/RoadWCp\/2021Ostend\/Ostend2021.htm\">http:\/\/www.rsstiming.com\/Resultats\/UCIPara\/RoadWCp\/2021Ostend\/Ostend2021.htm<\/a><\/p>\n\n\n\n<p><em>Fotogalerie:<\/em><\/p>\n\n\n\n<figure class=\"wp-block-image size-large\"><img decoding=\"async\" src=\"http:\/\/www.czechcyclingfederation.com\/wp-content\/uploads\/2021\/05\/2eb69d65-d9b5-4290-a07a-ba4f673a54b4.jpg\" alt=\"\" class=\"wp-image-4182\"\/><figcaption>Patrik Jahoda kr\u00e1tce po startu \u010dasovky v kategorii MH1<\/figcaption><\/figure>\n\n\n\n<figure class=\"wp-block-image size-large\"><img loading=\"lazy\" decoding=\"async\" width=\"1024\" height=\"497\" src=\"http:\/\/www.czechcyclingfederation.com\/wp-content\/uploads\/2021\/05\/WhatsApp-Image-2021-05-06-at-20.18.05-1536x745-1-1024x497.jpeg\" alt=\"\" class=\"wp-image-4183\" srcset=\"https:\/\/www.czechcyclingfederation.com\/wp-content\/uploads\/2021\/05\/WhatsApp-Image-2021-05-06-at-20.18.05-1536x745-1-1024x497.jpeg 1024w, https:\/\/www.czechcyclingfederation.com\/wp-content\/uploads\/2021\/05\/WhatsApp-Image-2021-05-06-at-20.18.05-1536x745-1-300x146.jpeg 300w, https:\/\/www.czechcyclingfederation.com\/wp-content\/uploads\/2021\/05\/WhatsApp-Image-2021-05-06-at-20.18.05-1536x745-1-768x373.jpeg 768w, https:\/\/www.czechcyclingfederation.com\/wp-content\/uploads\/2021\/05\/WhatsApp-Image-2021-05-06-at-20.18.05-1536x745-1-1320x640.jpeg 1320w, https:\/\/www.czechcyclingfederation.com\/wp-content\/uploads\/2021\/05\/WhatsApp-Image-2021-05-06-at-20.18.05-1536x745-1.jpeg 1536w\" sizes=\"auto, (max-width: 1024px) 100vw, 1024px\" \/><figcaption>Va\u0161ek Antal se koncertuje na start<\/figcaption><\/figure>\n\n\n\n<figure class=\"wp-block-image size-large\"><img loading=\"lazy\" decoding=\"async\" width=\"1024\" height=\"576\" src=\"http:\/\/www.czechcyclingfederation.com\/wp-content\/uploads\/2021\/05\/WhatsApp-Image-2021-05-06-at-20.17.11-1536x864-1-1024x576.jpeg\" alt=\"\" class=\"wp-image-4184\" srcset=\"https:\/\/www.czechcyclingfederation.com\/wp-content\/uploads\/2021\/05\/WhatsApp-Image-2021-05-06-at-20.17.11-1536x864-1-1024x576.jpeg 1024w, https:\/\/www.czechcyclingfederation.com\/wp-content\/uploads\/2021\/05\/WhatsApp-Image-2021-05-06-at-20.17.11-1536x864-1-300x169.jpeg 300w, https:\/\/www.czechcyclingfederation.com\/wp-content\/uploads\/2021\/05\/WhatsApp-Image-2021-05-06-at-20.17.11-1536x864-1-768x432.jpeg 768w, https:\/\/www.czechcyclingfederation.com\/wp-content\/uploads\/2021\/05\/WhatsApp-Image-2021-05-06-at-20.17.11-1536x864-1-1320x743.jpeg 1320w, https:\/\/www.czechcyclingfederation.com\/wp-content\/uploads\/2021\/05\/WhatsApp-Image-2021-05-06-at-20.17.11-1536x864-1.jpeg 1536w\" sizes=\"auto, (max-width: 1024px) 100vw, 1024px\" \/><figcaption>Katka Anto\u0161ov\u00e1 p\u0159i \u010dasovce<\/figcaption><\/figure>\n\n\n\n<figure class=\"wp-block-image size-large\"><img loading=\"lazy\" decoding=\"async\" width=\"1024\" height=\"768\" src=\"http:\/\/www.czechcyclingfederation.com\/wp-content\/uploads\/2021\/05\/WhatsApp-Image-2021-05-06-at-20.11.27.jpeg\" alt=\"\" class=\"wp-image-4185\" srcset=\"https:\/\/www.czechcyclingfederation.com\/wp-content\/uploads\/2021\/05\/WhatsApp-Image-2021-05-06-at-20.11.27.jpeg 1024w, https:\/\/www.czechcyclingfederation.com\/wp-content\/uploads\/2021\/05\/WhatsApp-Image-2021-05-06-at-20.11.27-267x200.jpeg 267w, https:\/\/www.czechcyclingfederation.com\/wp-content\/uploads\/2021\/05\/WhatsApp-Image-2021-05-06-at-20.11.27-768x576.jpeg 768w\" sizes=\"auto, (max-width: 1024px) 100vw, 1024px\" \/><figcaption>Petrik Jahoda p\u0159ed startem<\/figcaption><\/figure>\n\n\n\n<figure class=\"wp-block-image size-large\"><img loading=\"lazy\" decoding=\"async\" width=\"1024\" height=\"576\" src=\"http:\/\/www.czechcyclingfederation.com\/wp-content\/uploads\/2021\/05\/WhatsApp-Image-2021-05-06-at-20.16.49-1536x864-1-1024x576.jpeg\" alt=\"\" class=\"wp-image-4186\" srcset=\"https:\/\/www.czechcyclingfederation.com\/wp-content\/uploads\/2021\/05\/WhatsApp-Image-2021-05-06-at-20.16.49-1536x864-1-1024x576.jpeg 1024w, https:\/\/www.czechcyclingfederation.com\/wp-content\/uploads\/2021\/05\/WhatsApp-Image-2021-05-06-at-20.16.49-1536x864-1-300x169.jpeg 300w, https:\/\/www.czechcyclingfederation.com\/wp-content\/uploads\/2021\/05\/WhatsApp-Image-2021-05-06-at-20.16.49-1536x864-1-768x432.jpeg 768w, https:\/\/www.czechcyclingfederation.com\/wp-content\/uploads\/2021\/05\/WhatsApp-Image-2021-05-06-at-20.16.49-1536x864-1-1320x743.jpeg 1320w, https:\/\/www.czechcyclingfederation.com\/wp-content\/uploads\/2021\/05\/WhatsApp-Image-2021-05-06-at-20.16.49-1536x864-1.jpeg 1536w\" sizes=\"auto, (max-width: 1024px) 100vw, 1024px\" \/><figcaption>Va\u0161ek Antal v m\u00edst\u011b nejprud\u0161\u00edho stoup\u00e1n\u00ed z\u00e1vodu<\/figcaption><\/figure>\n","protected":false},"excerpt":{"rendered":"<p>V\u00fdborn\u00fd za\u010d\u00e1tek! Velmi dlouh\u00e1 pauza, kterou na\u0161i cyklist\u00e9 (nejen ti) byli nuceni podstoupit, se v \u017e\u00e1dn\u00e9m p\u0159\u00edpad\u011b neprojevila na v\u00fdkonech na\u0161ich z\u00e1vodn\u00edk\u016f! Patrik Jahoda (MH1), kter\u00fd p\u0159ijel do Belgie po nemoci, kterou prod\u011blal kr\u00e1tce p\u0159ed Sv\u011btov\u00fdm poh\u00e1rem, zajel velmi solidn\u00ed \u010dasovku! Celou dobu byl ve h\u0159e o bronz, nakonec z toho byla jeho neobl\u00edben\u00e1 \u201ebramborov\u00e1 [&hellip;]<\/p>\n","protected":false},"author":3,"featured_media":4182,"comment_status":"closed","ping_status":"open","sticky":false,"template":"","format":"standard","meta":{"footnotes":""},"categories":[17,2,99,103],"tags":[62],"class_list":["post-4181","post","type-post","status-publish","format-standard","has-post-thumbnail","hentry","category-discipliny","category-novinky","category-paracyklistika","category-reprezentace","tag-paracyklistika"],"_links":{"self":[{"href":"https:\/\/www.czechcyclingfederation.com\/en\/wp-json\/wp\/v2\/posts\/4181","targetHints":{"allow":["GET"]}}],"collection":[{"href":"https:\/\/www.czechcyclingfederation.com\/en\/wp-json\/wp\/v2\/posts"}],"about":[{"href":"https:\/\/www.czechcyclingfederation.com\/en\/wp-json\/wp\/v2\/types\/post"}],"author":[{"embeddable":true,"href":"https:\/\/www.czechcyclingfederation.com\/en\/wp-json\/wp\/v2\/users\/3"}],"replies":[{"embeddable":true,"href":"https:\/\/www.czechcyclingfederation.com\/en\/wp-json\/wp\/v2\/comments?post=4181"}],"version-history":[{"count":2,"href":"https:\/\/www.czechcyclingfederation.com\/en\/wp-json\/wp\/v2\/posts\/4181\/revisions"}],"predecessor-version":[{"id":4188,"href":"https:\/\/www.czechcyclingfederation.com\/en\/wp-json\/wp\/v2\/posts\/4181\/revisions\/4188"}],"wp:featuredmedia":[{"embeddable":true,"href":"https:\/\/www.czechcyclingfederation.com\/en\/wp-json\/wp\/v2\/media\/4182"}],"wp:attachment":[{"href":"https:\/\/www.czechcyclingfederation.com\/en\/wp-json\/wp\/v2\/media?parent=4181"}],"wp:term":[{"taxonomy":"category","embeddable":true,"href":"https:\/\/www.czechcyclingfederation.com\/en\/wp-json\/wp\/v2\/categories?post=4181"},{"taxonomy":"post_tag","embeddable":true,"href":"https:\/\/www.czechcyclingfederation.com\/en\/wp-json\/wp\/v2\/tags?post=4181"}],"curies":[{"name":"wp","href":"https:\/\/api.w.org\/{rel}","templated":true}]}}