{"id":4177,"date":"2021-05-05T20:42:34","date_gmt":"2021-05-05T18:42:34","guid":{"rendered":"https:\/\/www.czechcyclingfederation.com\/?p=4177"},"modified":"2021-05-08T21:33:16","modified_gmt":"2021-05-08T19:33:16","slug":"bikrosarka-kosarkova-zaril-ve-verone","status":"publish","type":"post","link":"https:\/\/www.czechcyclingfederation.com\/en\/bikrosarka-kosarkova-zaril-ve-verone\/","title":{"rendered":"Bikrosa\u0159ka Ko\u0161\u00e1rkov\u00e1 z\u00e1\u0159ila ve Veron\u011b"},"content":{"rendered":"\n<p>Ve skv\u011bl\u00e9 form\u011b se p\u0159edstavila v \u00favodn\u00edch dvou z\u00e1vodech Evropsk\u00e9ho poh\u00e1ru BMX v&nbsp;italsk\u00e9 Veron\u011b Sabina Ko\u0161\u00e1rkov\u00e1 ze Stud\u00e9nky. Po oba dny dominovala kategorii kadetek, kdy\u017e mezi z\u00e1vodnicemi 15-16 let nena\u0161la ani v&nbsp;jedn\u00e9 z&nbsp;j\u00edzd p\u0159emo\u017eitelku. \u00dasp\u011b\u0161n\u011b ji sekundovala Krist\u00fdna Ut\u00ednkov\u00e1, kter\u00e1 byla p\u00e1t\u00e1 a \u0161est\u00e1.<\/p>\n\n\n\n<p>Mezi juniory skon\u010dil osmn\u00e1ct\u00fd a dvac\u00e1t\u00fd Maty\u00e1\u0161 Mentl\u00edk, v&nbsp;ned\u011bli byl Marek Neu\u017eil sedmn\u00e1ct\u00fd. V&nbsp;z\u00e1vodech \u017een elite byla jednou patn\u00e1ct\u00e1 Michaela H\u00e1jkov\u00e1 Eli\u0161ka Bart\u016f\u0148kov\u00e1 24. a 25. m\u00edsto.<\/p>\n\n\n\n<p>V\u00fdborn\u011b si po\u010d\u00ednali i v&nbsp;d\u011btsk\u00fdch kategori\u00edch dal\u0161\u00ed na\u0161i reprezentanti. V&nbsp;kategorii do 9 let po oba dny vyhr\u00e1l Boris Moravec, v&nbsp;kategorii do 10 let byl Dominik R\u00e1li\u0161 druh\u00fd a prvn\u00ed, Jakub Dlouh\u00fd byl nav\u00edc je\u0161t\u011b v&nbsp;jednom z\u00e1vodu t\u0159et\u00ed. Mat\u011bj Pavka v&nbsp;kategorii do 11 let dojel v&nbsp;ned\u011bli druh\u00fd.<\/p>\n\n\n\n<p>FOTO &nbsp;Nico van Dartel<\/p>\n\n\n\n<figure class=\"wp-block-image size-large\"><img loading=\"lazy\" decoding=\"async\" width=\"1000\" height=\"667\" src=\"https:\/\/www.czechcyclingfederation.com\/wp-content\/uploads\/2021\/05\/NVD-20210504-121928-267723-1.jpg\" alt=\"\" class=\"wp-image-4179\" srcset=\"https:\/\/www.czechcyclingfederation.com\/wp-content\/uploads\/2021\/05\/NVD-20210504-121928-267723-1.jpg 1000w, https:\/\/www.czechcyclingfederation.com\/wp-content\/uploads\/2021\/05\/NVD-20210504-121928-267723-1-300x200.jpg 300w, https:\/\/www.czechcyclingfederation.com\/wp-content\/uploads\/2021\/05\/NVD-20210504-121928-267723-1-768x512.jpg 768w\" sizes=\"auto, (max-width: 1000px) 100vw, 1000px\" \/><\/figure>\n\n\n\n<p>.<\/p>\n","protected":false},"excerpt":{"rendered":"<p>Ve skv\u011bl\u00e9 form\u011b se p\u0159edstavila v \u00favodn\u00edch dvou z\u00e1vodech Evropsk\u00e9ho poh\u00e1ru BMX v&nbsp;italsk\u00e9 Veron\u011b Sabina Ko\u0161\u00e1rkov\u00e1 ze Stud\u00e9nky. Po oba dny dominovala kategorii kadetek, kdy\u017e mezi z\u00e1vodnicemi 15-16 let nena\u0161la ani v&nbsp;jedn\u00e9 z&nbsp;j\u00edzd p\u0159emo\u017eitelku. \u00dasp\u011b\u0161n\u011b ji sekundovala Krist\u00fdna Ut\u00ednkov\u00e1, kter\u00e1 byla p\u00e1t\u00e1 a \u0161est\u00e1. Mezi juniory skon\u010dil osmn\u00e1ct\u00fd a dvac\u00e1t\u00fd Maty\u00e1\u0161 Mentl\u00edk, v&nbsp;ned\u011bli byl Marek [&hellip;]<\/p>\n","protected":false},"author":8,"featured_media":4178,"comment_status":"closed","ping_status":"open","sticky":false,"template":"","format":"standard","meta":{"footnotes":""},"categories":[57,2],"tags":[55],"class_list":["post-4177","post","type-post","status-publish","format-standard","has-post-thumbnail","hentry","category-bmx","category-novinky","tag-bmx"],"_links":{"self":[{"href":"https:\/\/www.czechcyclingfederation.com\/en\/wp-json\/wp\/v2\/posts\/4177","targetHints":{"allow":["GET"]}}],"collection":[{"href":"https:\/\/www.czechcyclingfederation.com\/en\/wp-json\/wp\/v2\/posts"}],"about":[{"href":"https:\/\/www.czechcyclingfederation.com\/en\/wp-json\/wp\/v2\/types\/post"}],"author":[{"embeddable":true,"href":"https:\/\/www.czechcyclingfederation.com\/en\/wp-json\/wp\/v2\/users\/8"}],"replies":[{"embeddable":true,"href":"https:\/\/www.czechcyclingfederation.com\/en\/wp-json\/wp\/v2\/comments?post=4177"}],"version-history":[{"count":2,"href":"https:\/\/www.czechcyclingfederation.com\/en\/wp-json\/wp\/v2\/posts\/4177\/revisions"}],"predecessor-version":[{"id":4210,"href":"https:\/\/www.czechcyclingfederation.com\/en\/wp-json\/wp\/v2\/posts\/4177\/revisions\/4210"}],"wp:featuredmedia":[{"embeddable":true,"href":"https:\/\/www.czechcyclingfederation.com\/en\/wp-json\/wp\/v2\/media\/4178"}],"wp:attachment":[{"href":"https:\/\/www.czechcyclingfederation.com\/en\/wp-json\/wp\/v2\/media?parent=4177"}],"wp:term":[{"taxonomy":"category","embeddable":true,"href":"https:\/\/www.czechcyclingfederation.com\/en\/wp-json\/wp\/v2\/categories?post=4177"},{"taxonomy":"post_tag","embeddable":true,"href":"https:\/\/www.czechcyclingfederation.com\/en\/wp-json\/wp\/v2\/tags?post=4177"}],"curies":[{"name":"wp","href":"https:\/\/api.w.org\/{rel}","templated":true}]}}