{"id":4142,"date":"2021-05-02T17:27:21","date_gmt":"2021-05-02T15:27:21","guid":{"rendered":"https:\/\/www.czechcyclingfederation.com\/?p=4142"},"modified":"2021-05-04T18:29:50","modified_gmt":"2021-05-04T16:29:50","slug":"gp-west-bohemia-pro-uijtdebroekse-seeman-treti","status":"publish","type":"post","link":"https:\/\/www.czechcyclingfederation.com\/en\/gp-west-bohemia-pro-uijtdebroekse-seeman-treti\/","title":{"rendered":"GP West Bohemia pro Uijtdebroekse, Seeman t\u0159et\u00ed"},"content":{"rendered":"\n<p>Belgick\u00fd mlad\u00edk Cian Uijtdebroeks z celku Team Auto Eder ovl\u00e1dl zcela suver\u00e9nn\u00edm zp\u016fsobem prvn\u00ed ro\u010dn\u00edk z\u00e1vodu Sv\u011btov\u00fd poh\u00e1r junior\u016f Grand Prix West Bohemia, kdy\u017e prvenstv\u00ed vybojoval po sedmdes\u00e1tikilometrov\u00e9m s\u00f3lu s n\u00e1skokem t\u00e9m\u011b\u0159 \u010dty\u0159 minuty p\u0159ed v\u00fdm t\u00fdmov\u00fdm kolegou Luis-Joe L\u00fchrsem z N\u011bmecka a t\u0159et\u00ed dojel Adam Seeman jedouc\u00ed v barv\u00e1ch \u010desk\u00e9 reprezentace. Z\u00e1vod kadet\u016f se stal ko\u0159ist\u00ed Martina B\u00e1rty z TJ Stadion Louny.<\/p>\n\n\n\n<p>Prakticky prvn\u00ed velk\u00fd juniorsk\u00fd mezin\u00e1rodn\u00ed z\u00e1vod sezony p\u0159inesl velice zaj\u00edmav\u00fd pr\u016fb\u011bh. Na t\u00e9m\u011b\u0159 150 jezdc\u016f \u010dekalo jeden\u00e1ct okruh\u016f v Ky\u0161ic\u00edm o celkov\u00e9 d\u00e9lce 133 kilometr\u016f. A rozhodlo se hodn\u011b rychle. Ji\u017e ve druh\u00e9m okruhu ujelo z pelotonu osm jezdc\u016f, mezi nimi\u017e nechyb\u011bl lounsk\u00fd cyklokrosa\u0159 Seeman. N\u011bkte\u0159\u00ed ze skupiny nesta\u010dili, ale sedmdes\u00e1t kilometr\u016f p\u0159ed c\u00edlem nastoupil z vedouc\u00ed skupiny Uijtdebroeks a soupe\u0159i jej pak vid\u011bli a\u017e v c\u00edli.<\/p>\n\n\n\n<p>Z\u00e1vodn\u00edk\u016fm oproti sobotn\u00edmu krit\u00e9riu dnes po\u010das\u00ed nep\u0159\u00e1lo, prakticky neust\u00e1le pr\u0161elo. To v\u0161ak belgick\u00e9mu mlad\u00edkovi nevadilo a neust\u00e1le sv\u016fj n\u00e1skok, a\u010d \u0161lapal osamocen\u011b, navy\u0161oval. Bylo to v\u0161ak i t\u00edm, \u017ee ve skupin\u011b pron\u00e1sledovatel\u016f byli jeto t\u00fdmov\u00fd kolegov\u00e9 L\u00fchrs a Raku\u0161an Schretter, kte\u0159\u00ed p\u0159\u00edli\u0161 Seemanovi nepomohli, posledn\u00edm ve skupin\u011b byl ma\u010farsk\u00fd jezdec Mesz\u00e1ros.<\/p>\n\n\n\n<p>Do posledn\u00edho okruhu vjel v\u00edt\u011bz s n\u00e1skokem t\u00e9m\u011b\u0159 t\u0159i minuty a ten dok\u00e1zal je\u0161t\u011b nav\u00fd\u0161it. Kvarteto zv\u00fd\u0161ilo tempo a\u017e v samotn\u00e9m z\u00e1v\u011bru a to bylo nad s\u00edly Mesz\u00e1rosze, tak\u017ee o zbyl\u00e1 dv\u011b m\u00edsta na stupn\u00edch bojoval Seeman proti dvojici jezdc\u016f celku Team Auto Eder. \u010cesk\u00fd z\u00e1stupce to zkusil dlouh\u00fdm n\u00e1stupem p\u0159ed c\u00edlem, zlomil Schrettera, ale p\u00e1r metr\u016f p\u0159ed c\u00edlem se p\u0159ed n\u011bj dostal v\u00edt\u011bz sobotn\u00edho krit\u00e9ria L\u00fchrs.<\/p>\n\n\n\n<p>\u201eJe to jeden z&nbsp;m\u00fdch nejv\u011bt\u0161\u00edch, ne-li \u00fapln\u011b nejlep\u0161\u00ed v\u00fdsledek. Prvn\u00ed z\u00e1vod mezi juniory a hned stupn\u011b v\u00edt\u011bz\u016f,\u201c z\u00e1\u0159il spokojen\u00fd Adam Seeman. \u201eHned v&nbsp;\u00favodu ujela skupina a j\u00e1 na\u0161t\u011bst\u00ed stihl zareagovat a s\u00e1m jsem si ji dojel. Pak ujel pozd\u011bj\u0161\u00ed v\u00edt\u011bz, ale my ostatn\u00ed jsme spolupracovali, n\u011bkte\u0159\u00ed ale odpadli. Ke konci by byly trochu i taktick\u00e9 man\u00e9vry, ale rozhodlo se ve spurtu. J\u00e1 to tu zn\u00e1m a necht\u011bl jsem to nechat na posledn\u00edch 200 metr\u016f. Zkusil jsem to dlouh\u00fdm n\u00e1stupem a moc nep\u0159em\u00fd\u0161lel. I \u010dtvrt\u00e9 m\u00edsto by m\u011b pot\u011b\u0161ilo, ale bedna je bedna,\u201c dodal Seeman.<\/p>\n\n\n\n<p>Z dal\u0161\u00edch na\u0161i jezdc\u016f se do druh\u00e9 des\u00edtky v\u00fdsledkov\u00e9 listiny jezdc\u016f z osmn\u00e1cti st\u00e1t\u016f dostali 14. Maty\u00e1\u0161 Kopeck\u00fd (reprezentace \u010cR), sedmn\u00e1ct\u00fd Mat\u011bj Str\u00e1nsk\u00fd (MIX cyklokros) a devaten\u00e1ct\u00fd Jakub Havrlant (Mapei Merida Ka\u0148kovsk\u00fd).<\/p>\n\n\n\n<p>V\u00fdsledky:<\/p>\n\n\n\n<p>Kadeti (74 km):<\/p>\n\n\n\n<p>1. B\u00e1rta (TJ Stadion Louny) 2:15:16, 2. Rich. Kobr (Roman Kreuziger Cycling Academy) +1:07, 3.&nbsp; P\u00e1t\u00edk (Tufo Pardus Prost\u011bjov) +3:18, 4. Pollner (Ma\u010f.), 5. Kr\u00e1l (Dukla Praha) 6. T\u00f3th (Ma\u010f.) v\u0161ichni +4:03.<\/p>\n\n\n\n<p>Junio\u0159i (133,1 km):<\/p>\n\n\n\n<p>1. Uijtdebroeks (Belg.) 3:18:38, 2. L\u00fchrs (N\u011bm.), 3. Seeman (reprezentace \u010cR) oba +3:41, 4. Schretter (Rak.) +3:44, 5. Mesz\u00e1ros (Ma\u010f.) +4:12, 6. Hajek (Rak.) +6:12, &#8230;14. M. Kopeck\u00fd (reprezentace \u010cR) +6:30, 17. Str\u00e1nsk\u00fd (MIX cykokros), 19. Havrlant (Mapei Merida Ka\u0148kovsk\u00fd) oba +6:32.<\/p>\n\n\n\n<p>FOTO Jan Brychta<\/p>\n\n\n\n<figure class=\"wp-block-image size-large\"><img loading=\"lazy\" decoding=\"async\" width=\"1024\" height=\"680\" src=\"https:\/\/www.czechcyclingfederation.com\/wp-content\/uploads\/2021\/05\/IMG-20210502-WA0019-1024x680.jpg\" alt=\"\" class=\"wp-image-4144\" srcset=\"https:\/\/www.czechcyclingfederation.com\/wp-content\/uploads\/2021\/05\/IMG-20210502-WA0019-1024x680.jpg 1024w, https:\/\/www.czechcyclingfederation.com\/wp-content\/uploads\/2021\/05\/IMG-20210502-WA0019-300x200.jpg 300w, https:\/\/www.czechcyclingfederation.com\/wp-content\/uploads\/2021\/05\/IMG-20210502-WA0019-768x510.jpg 768w, https:\/\/www.czechcyclingfederation.com\/wp-content\/uploads\/2021\/05\/IMG-20210502-WA0019-1536x1020.jpg 1536w, https:\/\/www.czechcyclingfederation.com\/wp-content\/uploads\/2021\/05\/IMG-20210502-WA0019-1320x877.jpg 1320w, https:\/\/www.czechcyclingfederation.com\/wp-content\/uploads\/2021\/05\/IMG-20210502-WA0019.jpg 1600w\" sizes=\"auto, (max-width: 1024px) 100vw, 1024px\" \/><\/figure>\n\n\n\n<figure class=\"wp-block-image size-large\"><img loading=\"lazy\" decoding=\"async\" width=\"1024\" height=\"680\" src=\"https:\/\/www.czechcyclingfederation.com\/wp-content\/uploads\/2021\/05\/IMG-20210502-WA0020-1024x680.jpg\" alt=\"\" class=\"wp-image-4145\" srcset=\"https:\/\/www.czechcyclingfederation.com\/wp-content\/uploads\/2021\/05\/IMG-20210502-WA0020-1024x680.jpg 1024w, https:\/\/www.czechcyclingfederation.com\/wp-content\/uploads\/2021\/05\/IMG-20210502-WA0020-300x200.jpg 300w, https:\/\/www.czechcyclingfederation.com\/wp-content\/uploads\/2021\/05\/IMG-20210502-WA0020-768x510.jpg 768w, https:\/\/www.czechcyclingfederation.com\/wp-content\/uploads\/2021\/05\/IMG-20210502-WA0020-1536x1020.jpg 1536w, https:\/\/www.czechcyclingfederation.com\/wp-content\/uploads\/2021\/05\/IMG-20210502-WA0020-1320x877.jpg 1320w, https:\/\/www.czechcyclingfederation.com\/wp-content\/uploads\/2021\/05\/IMG-20210502-WA0020.jpg 1600w\" sizes=\"auto, (max-width: 1024px) 100vw, 1024px\" \/><\/figure>\n","protected":false},"excerpt":{"rendered":"<p>Belgick\u00fd mlad\u00edk Cian Uijtdebroeks z celku Team Auto Eder ovl\u00e1dl zcela suver\u00e9nn\u00edm zp\u016fsobem prvn\u00ed ro\u010dn\u00edk z\u00e1vodu Sv\u011btov\u00fd poh\u00e1r junior\u016f Grand Prix West Bohemia, kdy\u017e prvenstv\u00ed vybojoval po sedmdes\u00e1tikilometrov\u00e9m s\u00f3lu s n\u00e1skokem t\u00e9m\u011b\u0159 \u010dty\u0159 minuty p\u0159ed v\u00fdm t\u00fdmov\u00fdm kolegou Luis-Joe L\u00fchrsem z N\u011bmecka a t\u0159et\u00ed dojel Adam Seeman jedouc\u00ed v barv\u00e1ch \u010desk\u00e9 reprezentace. Z\u00e1vod kadet\u016f se [&hellip;]<\/p>\n","protected":false},"author":8,"featured_media":4143,"comment_status":"closed","ping_status":"open","sticky":false,"template":"","format":"standard","meta":{"footnotes":""},"categories":[2,18],"tags":[11],"class_list":["post-4142","post","type-post","status-publish","format-standard","has-post-thumbnail","hentry","category-novinky","category-silnice","tag-silnice"],"_links":{"self":[{"href":"https:\/\/www.czechcyclingfederation.com\/en\/wp-json\/wp\/v2\/posts\/4142","targetHints":{"allow":["GET"]}}],"collection":[{"href":"https:\/\/www.czechcyclingfederation.com\/en\/wp-json\/wp\/v2\/posts"}],"about":[{"href":"https:\/\/www.czechcyclingfederation.com\/en\/wp-json\/wp\/v2\/types\/post"}],"author":[{"embeddable":true,"href":"https:\/\/www.czechcyclingfederation.com\/en\/wp-json\/wp\/v2\/users\/8"}],"replies":[{"embeddable":true,"href":"https:\/\/www.czechcyclingfederation.com\/en\/wp-json\/wp\/v2\/comments?post=4142"}],"version-history":[{"count":2,"href":"https:\/\/www.czechcyclingfederation.com\/en\/wp-json\/wp\/v2\/posts\/4142\/revisions"}],"predecessor-version":[{"id":4173,"href":"https:\/\/www.czechcyclingfederation.com\/en\/wp-json\/wp\/v2\/posts\/4142\/revisions\/4173"}],"wp:featuredmedia":[{"embeddable":true,"href":"https:\/\/www.czechcyclingfederation.com\/en\/wp-json\/wp\/v2\/media\/4143"}],"wp:attachment":[{"href":"https:\/\/www.czechcyclingfederation.com\/en\/wp-json\/wp\/v2\/media?parent=4142"}],"wp:term":[{"taxonomy":"category","embeddable":true,"href":"https:\/\/www.czechcyclingfederation.com\/en\/wp-json\/wp\/v2\/categories?post=4142"},{"taxonomy":"post_tag","embeddable":true,"href":"https:\/\/www.czechcyclingfederation.com\/en\/wp-json\/wp\/v2\/tags?post=4142"}],"curies":[{"name":"wp","href":"https:\/\/api.w.org\/{rel}","templated":true}]}}