{"id":4139,"date":"2021-05-02T11:29:56","date_gmt":"2021-05-02T09:29:56","guid":{"rendered":"https:\/\/www.czechcyclingfederation.com\/?p=4139"},"modified":"2021-05-02T11:29:56","modified_gmt":"2021-05-02T09:29:56","slug":"kriterium-gp-west-bohemia-vyhral-luhrs-pred-fialou","status":"publish","type":"post","link":"https:\/\/www.czechcyclingfederation.com\/en\/kriterium-gp-west-bohemia-vyhral-luhrs-pred-fialou\/","title":{"rendered":"Krit\u00e9rium GP West Bohemia vyhr\u00e1l L\u00fchrs p\u0159ed Fialou"},"content":{"rendered":"\n<p>V\u00edt\u011bzem mezin\u00e1rodn\u00edch z\u00e1vod\u016f Grand Prix West Bohemia, krit\u00e9ria v are\u00e1lu SK Rapid v Plzni se stal mezi juniory n\u011bmeck\u00fd z\u00e1vodn\u00edk Luis-Joe L\u00fchrs, spolu s n\u00edm vystoupili na stupn\u011b v\u00edt\u011bz\u016f Maty\u00e1\u0161 Fiala jedouc\u00ed v t\u00fdmu MIX cyklokros a a dal\u0161\u00ed n\u011bmeck\u00fd z\u00e1vodn\u00edk Benjamin Bood. V z\u00e1vodu kadet\u016f byl nejlep\u0161\u00ed Adam Bittman z Kovo Praha.<\/p>\n\n\n\n<p>Na startu juniorsk\u00e9ho z\u00e1vodu bylo 145 mlad\u00fdch cyklist\u016f. &#8220;P\u0159edev\u0161\u00edm si mlad\u00ed kluci zaz\u00e1vodili s mezin\u00e1rodn\u00ed konkurenc\u00ed. Z\u00e1vod byl velice ak\u010dn\u00ed, neust\u00e1le se nastupovalo se spurtech se v\u00edt\u011bzov\u00e9 dost prost\u0159\u00eddali. Nikdo jednozna\u010dn\u011b nedominoval. Byl to z\u00e1vod hlavn\u011b pro sprintery a z \u010desk\u00fdch jezdc\u016f se ve velmi dobr\u00e9m sv\u011btle p\u0159edstavili Maty\u00e1\u0161 Fiala z v\u00fdb\u011bru cyklokrosu a dob\u0159e t\u00fdmov\u011b jeli jezdci z TJ Favorit Brno v \u010dele se \u0160t\u011bp\u00e1nem \u0160irok\u00fdm,&#8221; zhodnotil prakticky prvn\u00ed z\u00e1vod sezony mlad\u00fdch z\u00e1vodn\u00edk\u016f \u010desk\u00fd reprezenta\u010dn\u00ed kou\u0161 Tom\u00e1\u0161 Kone\u010dn\u00fd.<\/p>\n\n\n\n<p>V\u00fdsledk:<\/p>\n\n\n\n<p>Junio\u0159i (55 km):<\/p>\n\n\n\n<p>1. L\u00fchrs (N\u011bm.) 20, 2. Fiala (MIX cyklokros) 13, 3. Bood 13, 4. Rottmann&nbsp; (oba N\u011bm.) 12, 5. \u0160irok\u00fd (TJ Favorit Brno) 12, 6. Groeneveld (Niz.) 12.<\/p>\n\n\n\n<p>Kadeti (33 km):<\/p>\n\n\n\n<p>1. Bittman (Kovo Praha) 13, 2. Rich. Kobr (Roman Kreuziger Cycling Academy) 11, 3. Je\u017eek (Brilon Racing Team &#8211; MB) 11, 4. Kniha (Expres CZ Tufo Team Kol\u00edn) 6, 5. T\u00f3th (Ma\u010f.) 5, 6. Kr\u00e1l (Dukla Praha) 5.<\/p>\n\n\n\n<p>FOTO Petr Dlask<\/p>\n","protected":false},"excerpt":{"rendered":"<p>V\u00edt\u011bzem mezin\u00e1rodn\u00edch z\u00e1vod\u016f Grand Prix West Bohemia, krit\u00e9ria v are\u00e1lu SK Rapid v Plzni se stal mezi juniory n\u011bmeck\u00fd z\u00e1vodn\u00edk Luis-Joe L\u00fchrs, spolu s n\u00edm vystoupili na stupn\u011b v\u00edt\u011bz\u016f Maty\u00e1\u0161 Fiala jedouc\u00ed v t\u00fdmu MIX cyklokros a a dal\u0161\u00ed n\u011bmeck\u00fd z\u00e1vodn\u00edk Benjamin Bood. V z\u00e1vodu kadet\u016f byl nejlep\u0161\u00ed Adam Bittman z Kovo Praha. Na startu [&hellip;]<\/p>\n","protected":false},"author":8,"featured_media":4140,"comment_status":"closed","ping_status":"open","sticky":false,"template":"","format":"standard","meta":{"footnotes":""},"categories":[2,18],"tags":[11],"class_list":["post-4139","post","type-post","status-publish","format-standard","has-post-thumbnail","hentry","category-novinky","category-silnice","tag-silnice"],"_links":{"self":[{"href":"https:\/\/www.czechcyclingfederation.com\/en\/wp-json\/wp\/v2\/posts\/4139","targetHints":{"allow":["GET"]}}],"collection":[{"href":"https:\/\/www.czechcyclingfederation.com\/en\/wp-json\/wp\/v2\/posts"}],"about":[{"href":"https:\/\/www.czechcyclingfederation.com\/en\/wp-json\/wp\/v2\/types\/post"}],"author":[{"embeddable":true,"href":"https:\/\/www.czechcyclingfederation.com\/en\/wp-json\/wp\/v2\/users\/8"}],"replies":[{"embeddable":true,"href":"https:\/\/www.czechcyclingfederation.com\/en\/wp-json\/wp\/v2\/comments?post=4139"}],"version-history":[{"count":1,"href":"https:\/\/www.czechcyclingfederation.com\/en\/wp-json\/wp\/v2\/posts\/4139\/revisions"}],"predecessor-version":[{"id":4141,"href":"https:\/\/www.czechcyclingfederation.com\/en\/wp-json\/wp\/v2\/posts\/4139\/revisions\/4141"}],"wp:featuredmedia":[{"embeddable":true,"href":"https:\/\/www.czechcyclingfederation.com\/en\/wp-json\/wp\/v2\/media\/4140"}],"wp:attachment":[{"href":"https:\/\/www.czechcyclingfederation.com\/en\/wp-json\/wp\/v2\/media?parent=4139"}],"wp:term":[{"taxonomy":"category","embeddable":true,"href":"https:\/\/www.czechcyclingfederation.com\/en\/wp-json\/wp\/v2\/categories?post=4139"},{"taxonomy":"post_tag","embeddable":true,"href":"https:\/\/www.czechcyclingfederation.com\/en\/wp-json\/wp\/v2\/tags?post=4139"}],"curies":[{"name":"wp","href":"https:\/\/api.w.org\/{rel}","templated":true}]}}