{"id":4134,"date":"2021-05-01T14:23:21","date_gmt":"2021-05-01T12:23:21","guid":{"rendered":"https:\/\/www.czechcyclingfederation.com\/?p=4134"},"modified":"2021-05-03T12:50:19","modified_gmt":"2021-05-03T10:50:19","slug":"uci-aktualizovala-kvalifikaci-pro-horska-kola-bmx-racing-a-bmx-freestyle-pro-tokio-2020","status":"publish","type":"post","link":"https:\/\/www.czechcyclingfederation.com\/en\/uci-aktualizovala-kvalifikaci-pro-horska-kola-bmx-racing-a-bmx-freestyle-pro-tokio-2020\/","title":{"rendered":"UCI aktualizovala kvalifikaci pro horsk\u00e1 kola, BMX Racing a BMX Freestyle pro Tokio 2021"},"content":{"rendered":"\n<p>Mezin\u00e1rodn\u00ed cyklistick\u00e1 unie (UCI) up\u0159esnila kvalifika\u010dn\u00ed pravidla pro t\u0159i discipl\u00edny &#8211; cross country, BMX Racing a BMX Freestyle pro olympijsk\u00e9 hry v Tokiu. Kvalifika\u010dn\u00ed syst\u00e9m aktualizovala v d\u016fsledku odlo\u017een\u00ed olympijsk\u00fdch her z lo\u0148sk\u00e9ho roku kv\u016fli pandemii Covid-19.<\/p>\n\n\n\n<p>V b\u0159eznu 2020 byly ji\u017e uzav\u0159eny kvalifika\u010dn\u00ed procesy pro silni\u010dn\u00ed a dr\u00e1hovou cyklistiku, zat\u00edmco ostatn\u00ed t\u0159i cyklistick\u00e9 odv\u011btv\u00ed je\u0161t\u011b nikoliv. Na z\u00e1klad\u011b pohotovostn\u00edho pl\u00e1nu UCI bylo navr\u017eeno prov\u00e9st n\u011bkter\u00e9 zm\u011bny tak, aby byly zohledn\u011bny zmrazen\u00e9 \u017eeb\u0159\u00ed\u010dky UCI ke dni 3. b\u0159ezna 2020.<\/p>\n\n\n\n<p>Aktualizace pro ka\u017edou discipl\u00ednu jsou n\u00e1sledovn\u00e9:<\/p>\n\n\n\n<p>Cross counry:<\/p>\n\n\n\n<p>Ukon\u010den\u00ed kvalifikace bude po druh\u00e9m leto\u0161n\u00edm z\u00e1vodu Sv\u011btov\u00e9ho poh\u00e1ru, (aktu\u00e1ln\u011b 16. kv\u011btna, ale nejpozd\u011bji 6. \u010dervna). SP se uskute\u010dn\u00ed v Nov\u00e9m M\u011bst\u011b Na Morav\u011b 15. &#8211; 16. kv\u011btna, p\u0159edt\u00edm se pojede je\u0161t\u011b SP v Albstadtu 8. &#8211; 9. kv\u011btna.<\/p>\n\n\n\n<p>BMX Racing<\/p>\n\n\n\n<p>Do kvalifikace BMX Racing se potvrzuje hodnocen\u00ed ze dne 3. b\u0159ezna 2020 v kombinaci s v\u00fdsledky z\u00e1vod\u016f Sv\u011btov\u00e9ho poh\u00e1ru UCI BMX v roce 2021, kter\u00fdmi budou dva z\u00e1vodn\u00ed v\u00edkendy (\u010dty\u0159i kola) ve Veron\u011b (8. &#8211; 9. kv\u011btna) a v Bogot\u011b (29. &#8211; 30. kv\u011btna), co\u017e znamen\u00e1, \u017ee kvalifikace skon\u010d\u00ed 30. kv\u011btna.<\/p>\n\n\n\n<p>Druh\u00e1 kvalifika\u010dn\u00ed cesta, zalo\u017een\u00e1 na hodnocen\u00ed UCI Individual BMX Ranking, byla zm\u011bn\u011bna na definitivn\u00ed ke dni 3. b\u0159ezna 2020, na za\u010d\u00e1tku krize COVID-19. K tomuto hodnocen\u00ed nebudou p\u0159id\u00e1ny \u017e\u00e1dn\u00e9 dal\u0161\u00ed v\u00fdsledky od roku 2020 nebo 2021. To znamen\u00e1, \u017ee 3 kv\u00f3tov\u00e1 m\u00edsta pro ka\u017ed\u00e9 pohlav\u00ed p\u0159id\u011blen\u00e9 prost\u0159ednictv\u00edm tohoto hodnocen\u00ed budou ud\u011blov\u00e1na pouze pomoc\u00ed hodnocen\u00ed zve\u0159ejn\u011bn\u00e9ho 3. b\u0159ezna 2020.<\/p>\n\n\n\n<p>BMX Freestyle<\/p>\n\n\n\n<p>Potvrzuje se, \u017ee \u017eeb\u0159\u00ed\u010dek olympijsk\u00e9 kvalifikace ze 3. b\u0159ezna 2020 bude v kombinaci s v\u00fdsledky mistrovstv\u00ed sv\u011bta 2021, kter\u00e9 se bude konat ve francouzsk\u00e9m Montpellier ve dnech 4. \u2013 8. \u010dervna.<\/p>\n\n\n\n<p>FOTO Eduard Erben<\/p>\n","protected":false},"excerpt":{"rendered":"<p>Mezin\u00e1rodn\u00ed cyklistick\u00e1 unie (UCI) up\u0159esnila kvalifika\u010dn\u00ed pravidla pro t\u0159i discipl\u00edny &#8211; cross country, BMX Racing a BMX Freestyle pro olympijsk\u00e9 hry v Tokiu. Kvalifika\u010dn\u00ed syst\u00e9m aktualizovala v d\u016fsledku odlo\u017een\u00ed olympijsk\u00fdch her z lo\u0148sk\u00e9ho roku kv\u016fli pandemii Covid-19. V b\u0159eznu 2020 byly ji\u017e uzav\u0159eny kvalifika\u010dn\u00ed procesy pro silni\u010dn\u00ed a dr\u00e1hovou cyklistiku, zat\u00edmco ostatn\u00ed t\u0159i cyklistick\u00e9 odv\u011btv\u00ed [&hellip;]<\/p>\n","protected":false},"author":8,"featured_media":4137,"comment_status":"closed","ping_status":"open","sticky":false,"template":"","format":"standard","meta":{"footnotes":""},"categories":[6,2],"tags":[10],"class_list":["post-4134","post","type-post","status-publish","format-standard","has-post-thumbnail","hentry","category-mtb","category-novinky","tag-mtb"],"_links":{"self":[{"href":"https:\/\/www.czechcyclingfederation.com\/en\/wp-json\/wp\/v2\/posts\/4134","targetHints":{"allow":["GET"]}}],"collection":[{"href":"https:\/\/www.czechcyclingfederation.com\/en\/wp-json\/wp\/v2\/posts"}],"about":[{"href":"https:\/\/www.czechcyclingfederation.com\/en\/wp-json\/wp\/v2\/types\/post"}],"author":[{"embeddable":true,"href":"https:\/\/www.czechcyclingfederation.com\/en\/wp-json\/wp\/v2\/users\/8"}],"replies":[{"embeddable":true,"href":"https:\/\/www.czechcyclingfederation.com\/en\/wp-json\/wp\/v2\/comments?post=4134"}],"version-history":[{"count":2,"href":"https:\/\/www.czechcyclingfederation.com\/en\/wp-json\/wp\/v2\/posts\/4134\/revisions"}],"predecessor-version":[{"id":4138,"href":"https:\/\/www.czechcyclingfederation.com\/en\/wp-json\/wp\/v2\/posts\/4134\/revisions\/4138"}],"wp:featuredmedia":[{"embeddable":true,"href":"https:\/\/www.czechcyclingfederation.com\/en\/wp-json\/wp\/v2\/media\/4137"}],"wp:attachment":[{"href":"https:\/\/www.czechcyclingfederation.com\/en\/wp-json\/wp\/v2\/media?parent=4134"}],"wp:term":[{"taxonomy":"category","embeddable":true,"href":"https:\/\/www.czechcyclingfederation.com\/en\/wp-json\/wp\/v2\/categories?post=4134"},{"taxonomy":"post_tag","embeddable":true,"href":"https:\/\/www.czechcyclingfederation.com\/en\/wp-json\/wp\/v2\/tags?post=4134"}],"curies":[{"name":"wp","href":"https:\/\/api.w.org\/{rel}","templated":true}]}}