{"id":4105,"date":"2021-04-29T18:39:32","date_gmt":"2021-04-29T16:39:32","guid":{"rendered":"https:\/\/www.czechcyclingfederation.com\/?p=4105"},"modified":"2021-04-30T16:42:00","modified_gmt":"2021-04-30T14:42:00","slug":"martin-stosek-a-cesky-maratonsky-tym-jsou-svetove-jednicky","status":"publish","type":"post","link":"https:\/\/www.czechcyclingfederation.com\/en\/martin-stosek-a-cesky-maratonsky-tym-jsou-svetove-jednicky\/","title":{"rendered":"Martin Sto\u0161ek a \u010desk\u00fd maratonsk\u00fd t\u00fdm jsou sv\u011btov\u00e9 jedni\u010dky!"},"content":{"rendered":"\n<p><strong>Na pozici sv\u011btov\u00e9 marat\u00f3nsk\u00e9 jedni\u010dky vystoupal bronzov\u00fd mu\u017e podzimn\u00edho Mistrovstv\u00ed sv\u011bta v maratonu v&nbsp;tureck\u00e9 Sakaryi, Martin Sto\u0161ek.&nbsp;<\/strong><\/p>\n\n\n\n<p>Martin v barv\u00e1ch t\u00fdmu Canyon Nortwawe a pod citliv\u00fdm veden\u00edm na\u0161\u00ed marat\u00f3nsk\u00e9 legendy Kristiana Hynka z\u00edskal ve sv\u00e9 kari\u00e9\u0159e dal\u0161\u00ed v\u00fdznamn\u00fd mezn\u00edk, kter\u00fd by p\u0159ed p\u00e1r lety asi nikdo neo\u010dek\u00e1val. Podobn\u011b \u00fasp\u011b\u0161n\u00fd je i cel\u00fd \u010desk\u00fd marat\u00f3nsk\u00fd t\u00fdm. Po \u010derstv\u011b ukon\u010den\u00e9m etapov\u00e9m z\u00e1vod\u011b dvojic 4 Islands dr\u017e\u00ed \u010cesk\u00e1 republika prvn\u00ed m\u00edsto v&nbsp;rankingu Mezin\u00e1rodn\u00ed cyklistick\u00e9 unie (UCI), t\u0159i body p\u0159ed siln\u00fdm celkem N\u011bmecka a Rakouska.&nbsp;<\/p>\n\n\n\n<p>Velmi v\u00fdznamnou skute\u010dnost\u00ed a posilou \u010desk\u00e9ho celku je v&nbsp;tomto ohledu orientace olympijsk\u00e9ho v\u00edt\u011bze, dvojn\u00e1sobn\u00e9ho olympijsk\u00e9ho medailisty, mistra sv\u011bta i Evropy Jaroslava Kulhav\u00e9ho na z\u00e1vody nov\u011b ustanoven\u00e9ho maratonsk\u00e9ho sv\u011btov\u00e9ho poh\u00e1ru. Ostatn\u011b pr\u00e1v\u011b J\u00e1ra je jedin\u00fdm bikerem sv\u011bta, kter\u00e9mu se poda\u0159ilo vybojovat v\u0161echny sv\u011btov\u00e9 tituly nejenom v&nbsp;olympijsk\u00e9m cross country, ale i v&nbsp;maratonu, kde z\u00edskal nejenom titul mistra sv\u011bta a Evropy, ale tak\u00e9 t\u0159ikr\u00e1t ovl\u00e1dnul legend\u00e1rn\u00ed Cape Epic.<\/p>\n\n\n\n<p>A jak nasv\u011bd\u010duj\u00ed jarn\u00ed v\u00fdsledky Jaroslava Kulhav\u00e9ho, maj\u00ed se fanou\u0161ci horsk\u00fdch kol na co t\u011b\u0161it. J\u00e1ra je zjevn\u011b zp\u011bt ve sv\u00e9 pln\u00e9 s\u00edle a psychick\u00e9 pohod\u011b. A t\u00e1hne s&nbsp;sebou i dal\u0161\u00ed bikery. Matou\u0161 Ulman m\u016f\u017ee b\u00fdt pr\u00e1vem pova\u017eov\u00e1n za sv\u011btov\u00e9ho \u201eskokana roku\u201c. D\u0159\u00edve sp\u00ed\u0161e specialista na tuzemsk\u00e9 marat\u00f3nsk\u00e9 z\u00e1vody pro \u0161irokou ve\u0159ejnost se p\u0159\u00edchodem Jaroslava Kulhav\u00e9ho do t\u00fdmu \u010cesk\u00e1 spo\u0159itelna Accolade dost\u00e1v\u00e1 do \u00fapln\u011b jin\u00e9ho levelu sv\u011btov\u00e9 marat\u00f3nsk\u00e9 cyklisticky a b\u011bhem jara se u\u017e posunul ze 74. pozice v&nbsp;rankingu UCI na aktu\u00e1ln\u00ed 16. p\u0159\u00ed\u010dku.<\/p>\n\n\n\n<p>Foto: Michal \u010cerven\u00fd<\/p>\n","protected":false},"excerpt":{"rendered":"<p>Na pozici sv\u011btov\u00e9 marat\u00f3nsk\u00e9 jedni\u010dky vystoupal bronzov\u00fd mu\u017e podzimn\u00edho Mistrovstv\u00ed sv\u011bta v maratonu v&nbsp;tureck\u00e9 Sakaryi, Martin Sto\u0161ek.&nbsp; Martin v barv\u00e1ch t\u00fdmu Canyon Nortwawe a pod citliv\u00fdm veden\u00edm na\u0161\u00ed marat\u00f3nsk\u00e9 legendy Kristiana Hynka z\u00edskal ve sv\u00e9 kari\u00e9\u0159e dal\u0161\u00ed v\u00fdznamn\u00fd mezn\u00edk, kter\u00fd by p\u0159ed p\u00e1r lety asi nikdo neo\u010dek\u00e1val. Podobn\u011b \u00fasp\u011b\u0161n\u00fd je i cel\u00fd \u010desk\u00fd marat\u00f3nsk\u00fd t\u00fdm. [&hellip;]<\/p>\n","protected":false},"author":9,"featured_media":2766,"comment_status":"closed","ping_status":"open","sticky":false,"template":"","format":"standard","meta":{"footnotes":""},"categories":[17,6,2],"tags":[10],"class_list":["post-4105","post","type-post","status-publish","format-standard","has-post-thumbnail","hentry","category-discipliny","category-mtb","category-novinky","tag-mtb"],"_links":{"self":[{"href":"https:\/\/www.czechcyclingfederation.com\/en\/wp-json\/wp\/v2\/posts\/4105","targetHints":{"allow":["GET"]}}],"collection":[{"href":"https:\/\/www.czechcyclingfederation.com\/en\/wp-json\/wp\/v2\/posts"}],"about":[{"href":"https:\/\/www.czechcyclingfederation.com\/en\/wp-json\/wp\/v2\/types\/post"}],"author":[{"embeddable":true,"href":"https:\/\/www.czechcyclingfederation.com\/en\/wp-json\/wp\/v2\/users\/9"}],"replies":[{"embeddable":true,"href":"https:\/\/www.czechcyclingfederation.com\/en\/wp-json\/wp\/v2\/comments?post=4105"}],"version-history":[{"count":4,"href":"https:\/\/www.czechcyclingfederation.com\/en\/wp-json\/wp\/v2\/posts\/4105\/revisions"}],"predecessor-version":[{"id":4132,"href":"https:\/\/www.czechcyclingfederation.com\/en\/wp-json\/wp\/v2\/posts\/4105\/revisions\/4132"}],"wp:featuredmedia":[{"embeddable":true,"href":"https:\/\/www.czechcyclingfederation.com\/en\/wp-json\/wp\/v2\/media\/2766"}],"wp:attachment":[{"href":"https:\/\/www.czechcyclingfederation.com\/en\/wp-json\/wp\/v2\/media?parent=4105"}],"wp:term":[{"taxonomy":"category","embeddable":true,"href":"https:\/\/www.czechcyclingfederation.com\/en\/wp-json\/wp\/v2\/categories?post=4105"},{"taxonomy":"post_tag","embeddable":true,"href":"https:\/\/www.czechcyclingfederation.com\/en\/wp-json\/wp\/v2\/tags?post=4105"}],"curies":[{"name":"wp","href":"https:\/\/api.w.org\/{rel}","templated":true}]}}