{"id":40964,"date":"2026-05-03T10:20:33","date_gmt":"2026-05-03T08:20:33","guid":{"rendered":"https:\/\/www.czechcyclingfederation.com\/?p=40964"},"modified":"2026-05-03T10:20:36","modified_gmt":"2026-05-03T08:20:36","slug":"zemanova-v-casovce-ztratila-nejlepsi-ceskou-na-gracii-je-nemcova","status":"publish","type":"post","link":"https:\/\/www.czechcyclingfederation.com\/en\/zemanova-v-casovce-ztratila-nejlepsi-ceskou-na-gracii-je-nemcova\/","title":{"rendered":"Zemanov\u00e1 v\u00a0\u010dasovce ztratila, nejlep\u0161\u00ed \u010ce\u0161kou na Gracii je N\u011bmcov\u00e1"},"content":{"rendered":"\n<p><strong>Krist\u00fdna Zemanov\u00e1<\/strong> (VIF Cycling Team) ztratila jako nejlep\u0161\u00ed \u010desk\u00e1 z\u00e1vodnice na Gracia Orlov\u00e1 v&nbsp;sobotn\u00ed dopoledn\u00ed \u010dasovce p\u00f3dium. Propadla se z&nbsp;druh\u00e9 na pr\u016fb\u011b\u017enou 13. p\u0159\u00ed\u010dku, ale v&nbsp;odpoledn\u00ed etap\u011b o sob\u011b dala op\u011bt v\u011bd\u011bt, kdy\u017e v&nbsp;Bohum\u00edn\u011b spurtovala jako nejlep\u0161\u00ed \u010ce\u0161ka dvan\u00e1ct\u00e1.<\/p>\n\n\n\n<figure class=\"wp-block-image size-large\"><img loading=\"lazy\" decoding=\"async\" width=\"1024\" height=\"683\" src=\"https:\/\/www.czechcyclingfederation.com\/wp-content\/uploads\/2026\/05\/nemcova-casovka-1024x683.jpg\" alt=\"\" class=\"wp-image-40975\" srcset=\"https:\/\/www.czechcyclingfederation.com\/wp-content\/uploads\/2026\/05\/nemcova-casovka-1024x683.jpg 1024w, https:\/\/www.czechcyclingfederation.com\/wp-content\/uploads\/2026\/05\/nemcova-casovka-300x200.jpg 300w, https:\/\/www.czechcyclingfederation.com\/wp-content\/uploads\/2026\/05\/nemcova-casovka-768x512.jpg 768w, https:\/\/www.czechcyclingfederation.com\/wp-content\/uploads\/2026\/05\/nemcova-casovka-1536x1024.jpg 1536w, https:\/\/www.czechcyclingfederation.com\/wp-content\/uploads\/2026\/05\/nemcova-casovka-2048x1365.jpg 2048w, https:\/\/www.czechcyclingfederation.com\/wp-content\/uploads\/2026\/05\/nemcova-casovka-1320x880.jpg 1320w\" sizes=\"auto, (max-width: 1024px) 100vw, 1024px\" \/><\/figure>\n\n\n\n<p>\u010casovku v&nbsp;Hav\u00ed\u0159ov\u011b na 13,2 km vyhr\u00e1la N\u011bmka <strong>Stephanie Mederov\u00e1,<\/strong> Zemanov\u00e1 na n\u00ed ztratila 68. m\u00edst\u011b 1:38 min. Naopak <strong>Barbora N\u011bmcov\u00e1<\/strong> z Dukly Praha zajela v\u00fdborn\u00fd \u010das, na patn\u00e1ct\u00e9m m\u00edst\u011b zaostala za v\u00edt\u011bzkou o 36 sekund a v celkov\u00e9m po\u0159ad\u00ed si polep\u0161ila na \u0161est\u00e9 m\u00edsto s odstupem 1:26 na vedouc\u00ed Australanku <strong>Emily Dixonovou<\/strong>, kter\u00e1 d\u00edky \u0161est\u00e9 p\u0159\u00ed\u010dce i po \u010dasovce udr\u017eela \u017elut\u00fd dres.<\/p>\n\n\n\n<figure class=\"wp-block-image size-large\"><img loading=\"lazy\" decoding=\"async\" width=\"1024\" height=\"683\" src=\"https:\/\/www.czechcyclingfederation.com\/wp-content\/uploads\/2026\/05\/vitezka-casovky-meder-1024x683.jpg\" alt=\"\" class=\"wp-image-40968\" srcset=\"https:\/\/www.czechcyclingfederation.com\/wp-content\/uploads\/2026\/05\/vitezka-casovky-meder-1024x683.jpg 1024w, https:\/\/www.czechcyclingfederation.com\/wp-content\/uploads\/2026\/05\/vitezka-casovky-meder-300x200.jpg 300w, https:\/\/www.czechcyclingfederation.com\/wp-content\/uploads\/2026\/05\/vitezka-casovky-meder-768x512.jpg 768w, https:\/\/www.czechcyclingfederation.com\/wp-content\/uploads\/2026\/05\/vitezka-casovky-meder-1536x1024.jpg 1536w, https:\/\/www.czechcyclingfederation.com\/wp-content\/uploads\/2026\/05\/vitezka-casovky-meder-2048x1365.jpg 2048w, https:\/\/www.czechcyclingfederation.com\/wp-content\/uploads\/2026\/05\/vitezka-casovky-meder-1320x880.jpg 1320w\" sizes=\"auto, (max-width: 1024px) 100vw, 1024px\" \/><\/figure>\n\n\n\n<p>Odpoledn\u00ed \u010dtvrt\u00e1 etapa z\u00e1vodu Gracia Orlov\u00e1 nab\u00eddla o\u010dek\u00e1van\u00fd sprintersk\u00fd souboj na okruz\u00edch v Bohum\u00edn\u011b. Na cyklistky \u010dekalo \u0161est \u0161estn\u00e1ctikilometrov\u00fdch okruh\u016f, celkem 96 kilometr\u016f, a p\u0159esto\u017ee se v pr\u016fb\u011bhu etapy n\u011bkolikr\u00e1t \u00fato\u010dilo, o v\u00edt\u011bzce nakonec rozhodl hromadn\u00fd dojezd.<\/p>\n\n\n\n<p>Etapu ovlivnily i technick\u00e9 probl\u00e9my a p\u00e1dy. Zemanov\u00e1 si musela b\u011bhem z\u00e1vodu vym\u011bnit kolo po technick\u00fdch pot\u00ed\u017e\u00edch, p\u0159esto se dok\u00e1zala vr\u00e1tit do pelotonu a dokonce \u00fato\u010dit.<\/p>\n\n\n\n<p>V z\u00e1v\u011bre\u010dn\u00fdch kolech se tempo je\u0161t\u011b zv\u00fd\u0161ilo. V posledn\u00edm okruhu se sice na chv\u00edli utrhla p\u011bti\u010dlenn\u00e1 skupina, aktivn\u00ed byla i Zemanov\u00e1, ale peloton v\u0161echno rychle dojel a do\u0161lo na spurt.<\/p>\n\n\n\n<figure class=\"wp-block-image size-large\"><img loading=\"lazy\" decoding=\"async\" width=\"1024\" height=\"683\" src=\"https:\/\/www.czechcyclingfederation.com\/wp-content\/uploads\/2026\/05\/JVaishar_Gracia-Orlova_IIIb_stage_054_5VAI4887-1024x683.jpg\" alt=\"\" class=\"wp-image-40970\" srcset=\"https:\/\/www.czechcyclingfederation.com\/wp-content\/uploads\/2026\/05\/JVaishar_Gracia-Orlova_IIIb_stage_054_5VAI4887-1024x683.jpg 1024w, https:\/\/www.czechcyclingfederation.com\/wp-content\/uploads\/2026\/05\/JVaishar_Gracia-Orlova_IIIb_stage_054_5VAI4887-300x200.jpg 300w, https:\/\/www.czechcyclingfederation.com\/wp-content\/uploads\/2026\/05\/JVaishar_Gracia-Orlova_IIIb_stage_054_5VAI4887-768x512.jpg 768w, https:\/\/www.czechcyclingfederation.com\/wp-content\/uploads\/2026\/05\/JVaishar_Gracia-Orlova_IIIb_stage_054_5VAI4887-1536x1024.jpg 1536w, https:\/\/www.czechcyclingfederation.com\/wp-content\/uploads\/2026\/05\/JVaishar_Gracia-Orlova_IIIb_stage_054_5VAI4887-2048x1365.jpg 2048w, https:\/\/www.czechcyclingfederation.com\/wp-content\/uploads\/2026\/05\/JVaishar_Gracia-Orlova_IIIb_stage_054_5VAI4887-1320x880.jpg 1320w\" sizes=\"auto, (max-width: 1024px) 100vw, 1024px\" \/><\/figure>\n\n\n\n<p>V n\u011bm se nejl\u00e9pe prosadila Italka <strong>Erja Giulia Bianchiov\u00e1<\/strong> (Canyon SRAM zondacrypto Generation), kter\u00e1 p\u0159inesla sv\u00e9mu t\u00fdmu u\u017e t\u0159et\u00ed etapov\u00e9 v\u00edt\u011bzstv\u00ed v leto\u0161n\u00edm ro\u010dn\u00edku Gracie. Po\u0159ad\u00ed na \u010deln\u00edch p\u0159\u00ed\u010dk\u00e1ch se nezm\u011bnilo, do posledn\u00edho dne vstoup\u00ed ve \u017elut\u00e9m dresu Australanka Dixonov\u00e1.<\/p>\n\n\n\n<p>Foto: \u00a9 Josef Vaishar\/Cycling.photography<\/p>\n","protected":false},"excerpt":{"rendered":"<p>Krist\u00fdna Zemanov\u00e1 (VIF Cycling Team) ztratila jako nejlep\u0161\u00ed \u010desk\u00e1 z\u00e1vodnice na Gracia Orlov\u00e1 v&nbsp;sobotn\u00ed dopoledn\u00ed \u010dasovce p\u00f3dium. Propadla se z&nbsp;druh\u00e9 na pr\u016fb\u011b\u017enou 13. p\u0159\u00ed\u010dku, ale v&nbsp;odpoledn\u00ed etap\u011b o sob\u011b dala op\u011bt v\u011bd\u011bt, kdy\u017e v&nbsp;Bohum\u00edn\u011b spurtovala jako nejlep\u0161\u00ed \u010ce\u0161ka dvan\u00e1ct\u00e1. \u010casovku v&nbsp;Hav\u00ed\u0159ov\u011b na 13,2 km vyhr\u00e1la N\u011bmka Stephanie Mederov\u00e1, Zemanov\u00e1 na n\u00ed ztratila 68. m\u00edst\u011b 1:38 [&hellip;]<\/p>\n","protected":false},"author":15,"featured_media":40973,"comment_status":"closed","ping_status":"open","sticky":false,"template":"","format":"standard","meta":{"footnotes":""},"categories":[2,18,7],"tags":[11],"class_list":["post-40964","post","type-post","status-publish","format-standard","has-post-thumbnail","hentry","category-novinky","category-silnice","category-uvodni-stranka","tag-silnice"],"_links":{"self":[{"href":"https:\/\/www.czechcyclingfederation.com\/en\/wp-json\/wp\/v2\/posts\/40964","targetHints":{"allow":["GET"]}}],"collection":[{"href":"https:\/\/www.czechcyclingfederation.com\/en\/wp-json\/wp\/v2\/posts"}],"about":[{"href":"https:\/\/www.czechcyclingfederation.com\/en\/wp-json\/wp\/v2\/types\/post"}],"author":[{"embeddable":true,"href":"https:\/\/www.czechcyclingfederation.com\/en\/wp-json\/wp\/v2\/users\/15"}],"replies":[{"embeddable":true,"href":"https:\/\/www.czechcyclingfederation.com\/en\/wp-json\/wp\/v2\/comments?post=40964"}],"version-history":[{"count":4,"href":"https:\/\/www.czechcyclingfederation.com\/en\/wp-json\/wp\/v2\/posts\/40964\/revisions"}],"predecessor-version":[{"id":40978,"href":"https:\/\/www.czechcyclingfederation.com\/en\/wp-json\/wp\/v2\/posts\/40964\/revisions\/40978"}],"wp:featuredmedia":[{"embeddable":true,"href":"https:\/\/www.czechcyclingfederation.com\/en\/wp-json\/wp\/v2\/media\/40973"}],"wp:attachment":[{"href":"https:\/\/www.czechcyclingfederation.com\/en\/wp-json\/wp\/v2\/media?parent=40964"}],"wp:term":[{"taxonomy":"category","embeddable":true,"href":"https:\/\/www.czechcyclingfederation.com\/en\/wp-json\/wp\/v2\/categories?post=40964"},{"taxonomy":"post_tag","embeddable":true,"href":"https:\/\/www.czechcyclingfederation.com\/en\/wp-json\/wp\/v2\/tags?post=40964"}],"curies":[{"name":"wp","href":"https:\/\/api.w.org\/{rel}","templated":true}]}}