{"id":40957,"date":"2026-05-02T09:50:54","date_gmt":"2026-05-02T07:50:54","guid":{"rendered":"https:\/\/www.czechcyclingfederation.com\/?p=40957"},"modified":"2026-05-02T09:50:58","modified_gmt":"2026-05-02T07:50:58","slug":"v-jevicku-se-uskutecni-50-rocnik-zavodu-miru-nejmladsich","status":"publish","type":"post","link":"https:\/\/www.czechcyclingfederation.com\/en\/v-jevicku-se-uskutecni-50-rocnik-zavodu-miru-nejmladsich\/","title":{"rendered":"V Jev\u00ed\u010dku se uskute\u010dn\u00ed 50. ro\u010dn\u00edk Z\u00e1vodu m\u00edru nejmlad\u0161\u00edch"},"content":{"rendered":"\n<p>M\u011bsto&nbsp;Jev\u00ed\u010dko&nbsp;bude ve dnech 8.\u201310. kv\u011btna hostit jubilejn\u00ed 50. ro\u010dn\u00edk Z\u00e1vodu m\u00edru nejmlad\u0161\u00edch. Tradi\u010dn\u00ed podnik, kter\u00fd pat\u0159\u00ed k vrchol\u016fm mezin\u00e1rodn\u00edho kalend\u00e1\u0159e v kategorii kadet\u016f, vstupuje do sv\u00e9 pades\u00e1t\u00e9 kapitoly s mimo\u0159\u00e1dn\u00fdm sportovn\u00edm i spole\u010densk\u00fdm v\u00fdznamem.<\/p>\n\n\n\n<p>Za uplynul\u00fdch 49 ro\u010dn\u00edk\u016f startovalo v Jev\u00ed\u010dku celkem 7 263 mlad\u00fdch cyklist\u016f ze 27 zem\u00ed sv\u011bta. S rostouc\u00edm po\u010dtem zahrani\u010dn\u00edch \u00fa\u010dastn\u00edk\u016f se dlouhodob\u011b zvy\u0161uje nejen sportovn\u00ed \u00farove\u0148 z\u00e1vodu, ale tak\u00e9 jeho presti\u017e a popularita. Z\u00e1jem o \u00fa\u010dast ka\u017edoro\u010dn\u011b p\u0159evy\u0161uje kapacitn\u00ed mo\u017enosti po\u0159adatel\u016f.<\/p>\n\n\n\n<p>Pro leto\u0161n\u00ed jubilejn\u00ed ro\u010dn\u00edk museli organiz\u00e1to\u0159i p\u0159istoupit k omezen\u00ed po\u010dtu startuj\u00edc\u00edch jak ze zahrani\u010d\u00ed, tak z \u010cesk\u00e9 republiky. Start byl potvrzen 132 zahrani\u010dn\u00edm cyklist\u016fm ze \u0161estn\u00e1cti zem\u00ed. \u010ceskou republiku bude reprezentovat 42 nejlep\u0161\u00edch kadet\u016f podle aktu\u00e1ln\u00edho po\u0159ad\u00ed \u010cesk\u00e9ho poh\u00e1ru.<\/p>\n\n\n\n<figure class=\"wp-block-image size-large\"><img loading=\"lazy\" decoding=\"async\" width=\"1024\" height=\"724\" src=\"https:\/\/www.czechcyclingfederation.com\/wp-content\/uploads\/2026\/05\/upoutavka1-1024x724.jpg\" alt=\"\" class=\"wp-image-40958\" srcset=\"https:\/\/www.czechcyclingfederation.com\/wp-content\/uploads\/2026\/05\/upoutavka1-1024x724.jpg 1024w, https:\/\/www.czechcyclingfederation.com\/wp-content\/uploads\/2026\/05\/upoutavka1-283x200.jpg 283w, https:\/\/www.czechcyclingfederation.com\/wp-content\/uploads\/2026\/05\/upoutavka1-768x543.jpg 768w, https:\/\/www.czechcyclingfederation.com\/wp-content\/uploads\/2026\/05\/upoutavka1-1536x1086.jpg 1536w, https:\/\/www.czechcyclingfederation.com\/wp-content\/uploads\/2026\/05\/upoutavka1-2048x1448.jpg 2048w, https:\/\/www.czechcyclingfederation.com\/wp-content\/uploads\/2026\/05\/upoutavka1-1320x933.jpg 1320w\" sizes=\"auto, (max-width: 1024px) 100vw, 1024px\" \/><\/figure>\n\n\n\n<p>V\u00fdznamnou novinkou t\u0159\u00eddenn\u00edho programu bude \u010dasovka dru\u017estev s c\u00edlem na Palack\u00e9ho n\u00e1m\u011bst\u00ed. Pr\u00e1v\u011b zde prob\u011bhne tak\u00e9 slavnostn\u00ed odhalen\u00ed obelisku k 50. v\u00fdro\u010d\u00ed Z\u00e1vodu m\u00edru nejmlad\u0161\u00edch v Jev\u00ed\u010dku, kter\u00fd symbolicky p\u0159ipomene dlouholetou tradici a v\u00fdznam t\u00e9to akce pro \u010deskou i sv\u011btovou ml\u00e1de\u017enickou cyklistiku.<\/p>\n\n\n\n<p>Sou\u010d\u00e1st\u00ed doprovodn\u00e9ho programu bude v\u00fdstava \u201eMlad\u00e1 pades\u00e1tka \u2013 50 let na startu\u201c, galerie mapuj\u00edc\u00ed v\u0161ech 49 uplynul\u00fdch ro\u010dn\u00edk\u016f i fotografie v\u00edt\u011bz\u016f, kte\u0159\u00ed se v Jev\u00ed\u010dku zapsali do historie. Organiz\u00e1to\u0159i cht\u011bj\u00ed, aby jubilejn\u00ed ro\u010dn\u00edk zanechal silnou stopu v pam\u011bti v\u0161ech \u00fa\u010dastn\u00edk\u016f, fanou\u0161k\u016f i obyvatel m\u011bsta.<\/p>\n\n\n\n<p>Slavnostn\u00ed zah\u00e1jen\u00ed prob\u011bhne 8. kv\u011btna v 10 hodin na Palack\u00e9ho n\u00e1m\u011bst\u00ed v Jev\u00ed\u010dku. Po cel\u00e9 t\u0159i dny jsou p\u0159ipraveny doprovodn\u00e9 akce pro ve\u0159ejnost, kter\u00e9 podtrhnou v\u00fdjime\u010dnost t\u00e9to ud\u00e1losti.<\/p>\n\n\n\n<p>Z\u00e1vod m\u00edru nejmlad\u0161\u00edch dlouhodob\u011b p\u0159edstavuje v\u00fdznamnou platformu pro rozvoj mlad\u00fdch talent\u016f a \u010dasto je prvn\u00edm krokem na cest\u011b k vrcholov\u00e9 cyklistice. Jubilejn\u00ed 50. ro\u010dn\u00edk tak nebude pouze oslavou bohat\u00e9 historie, ale i potvrzen\u00edm siln\u00e9 budoucnosti tohoto v\u00fdjime\u010dn\u00e9ho podniku.<\/p>\n","protected":false},"excerpt":{"rendered":"<p>M\u011bsto&nbsp;Jev\u00ed\u010dko&nbsp;bude ve dnech 8.\u201310. kv\u011btna hostit jubilejn\u00ed 50. ro\u010dn\u00edk Z\u00e1vodu m\u00edru nejmlad\u0161\u00edch. Tradi\u010dn\u00ed podnik, kter\u00fd pat\u0159\u00ed k vrchol\u016fm mezin\u00e1rodn\u00edho kalend\u00e1\u0159e v kategorii kadet\u016f, vstupuje do sv\u00e9 pades\u00e1t\u00e9 kapitoly s mimo\u0159\u00e1dn\u00fdm sportovn\u00edm i spole\u010densk\u00fdm v\u00fdznamem. Za uplynul\u00fdch 49 ro\u010dn\u00edk\u016f startovalo v Jev\u00ed\u010dku celkem 7 263 mlad\u00fdch cyklist\u016f ze 27 zem\u00ed sv\u011bta. S rostouc\u00edm po\u010dtem zahrani\u010dn\u00edch \u00fa\u010dastn\u00edk\u016f [&hellip;]<\/p>\n","protected":false},"author":30,"featured_media":40960,"comment_status":"closed","ping_status":"open","sticky":false,"template":"","format":"standard","meta":{"footnotes":""},"categories":[18,3],"tags":[11],"class_list":["post-40957","post","type-post","status-publish","format-standard","has-post-thumbnail","hentry","category-silnice","category-vip","tag-silnice"],"_links":{"self":[{"href":"https:\/\/www.czechcyclingfederation.com\/en\/wp-json\/wp\/v2\/posts\/40957","targetHints":{"allow":["GET"]}}],"collection":[{"href":"https:\/\/www.czechcyclingfederation.com\/en\/wp-json\/wp\/v2\/posts"}],"about":[{"href":"https:\/\/www.czechcyclingfederation.com\/en\/wp-json\/wp\/v2\/types\/post"}],"author":[{"embeddable":true,"href":"https:\/\/www.czechcyclingfederation.com\/en\/wp-json\/wp\/v2\/users\/30"}],"replies":[{"embeddable":true,"href":"https:\/\/www.czechcyclingfederation.com\/en\/wp-json\/wp\/v2\/comments?post=40957"}],"version-history":[{"count":1,"href":"https:\/\/www.czechcyclingfederation.com\/en\/wp-json\/wp\/v2\/posts\/40957\/revisions"}],"predecessor-version":[{"id":40962,"href":"https:\/\/www.czechcyclingfederation.com\/en\/wp-json\/wp\/v2\/posts\/40957\/revisions\/40962"}],"wp:featuredmedia":[{"embeddable":true,"href":"https:\/\/www.czechcyclingfederation.com\/en\/wp-json\/wp\/v2\/media\/40960"}],"wp:attachment":[{"href":"https:\/\/www.czechcyclingfederation.com\/en\/wp-json\/wp\/v2\/media?parent=40957"}],"wp:term":[{"taxonomy":"category","embeddable":true,"href":"https:\/\/www.czechcyclingfederation.com\/en\/wp-json\/wp\/v2\/categories?post=40957"},{"taxonomy":"post_tag","embeddable":true,"href":"https:\/\/www.czechcyclingfederation.com\/en\/wp-json\/wp\/v2\/tags?post=40957"}],"curies":[{"name":"wp","href":"https:\/\/api.w.org\/{rel}","templated":true}]}}