{"id":40944,"date":"2026-05-02T09:24:39","date_gmt":"2026-05-02T07:24:39","guid":{"rendered":"https:\/\/www.czechcyclingfederation.com\/?p=40944"},"modified":"2026-05-02T09:25:33","modified_gmt":"2026-05-02T07:25:33","slug":"zemanova-zvladla-skvele-pustevny-a-je-druha","status":"publish","type":"post","link":"https:\/\/www.czechcyclingfederation.com\/en\/zemanova-zvladla-skvele-pustevny-a-je-druha\/","title":{"rendered":"Zemanov\u00e1 zvl\u00e1dla skv\u011ble Pustevny a je druh\u00e1 na Gracii"},"content":{"rendered":"\n<p><strong>Krist\u00fdna Zemanov\u00e1 v trikotu t\u00fdmu VIF Cycling dok\u00e1zala v druh\u00e9 etap\u011b z\u00e1vodu Gracia Orlov\u00e1 dr\u017eet krok s pr\u016fb\u011b\u017en\u011b vedouc\u00ed Emily Dixon p\u0159i n\u00e1ro\u010dn\u00e9m horsk\u00e9m dojezdu na Pustevny a v celkov\u00e9 klasifikaci z\u016fstala na druh\u00e9 pozici!<\/strong><\/p>\n\n\n\n<p>Druh\u00e1 etapa z\u00e1vodu Gracia Orlov\u00e1 startovala v T\u0159inci a nab\u00eddla n\u00e1ro\u010dn\u00fd vrcha\u0159sk\u00fd profil, kter\u00fd v\u00fdrazn\u011b promluvil do celkov\u00e9ho po\u0159ad\u00ed. Na trase dlouh\u00e9 115,7 kilometru s p\u0159ev\u00fd\u0161en\u00edm p\u0159es 2000 metr\u016f \u010dekaly na z\u00e1vodnice nejen t\u0159i rychlostn\u00ed pr\u00e9mie v \u00favodu, ale p\u0159edev\u0161\u00edm kl\u00ed\u010dov\u00e1 stoup\u00e1n\u00ed na Bumb\u00e1lku, Sol\u00e1\u0148 a z\u00e1v\u011bre\u010dn\u00e9 Pustevny.<\/p>\n\n\n\n<figure class=\"wp-block-image size-large\"><img loading=\"lazy\" decoding=\"async\" width=\"1024\" height=\"683\" src=\"http:\/\/www.czechcyclingfederation.com\/wp-content\/uploads\/2026\/05\/5vai4614-1024x683.jpg\" alt=\"\" class=\"wp-image-40949\" srcset=\"https:\/\/www.czechcyclingfederation.com\/wp-content\/uploads\/2026\/05\/5vai4614-1024x683.jpg 1024w, https:\/\/www.czechcyclingfederation.com\/wp-content\/uploads\/2026\/05\/5vai4614-300x200.jpg 300w, https:\/\/www.czechcyclingfederation.com\/wp-content\/uploads\/2026\/05\/5vai4614-768x512.jpg 768w, https:\/\/www.czechcyclingfederation.com\/wp-content\/uploads\/2026\/05\/5vai4614-1536x1024.jpg 1536w, https:\/\/www.czechcyclingfederation.com\/wp-content\/uploads\/2026\/05\/5vai4614-2048x1365.jpg 2048w, https:\/\/www.czechcyclingfederation.com\/wp-content\/uploads\/2026\/05\/5vai4614-1320x880.jpg 1320w\" sizes=\"auto, (max-width: 1024px) 100vw, 1024px\" \/><\/figure>\n\n\n\n<p>Od startu se jelo aktivn\u011b, ale peloton dlouho dr\u017eel pohromad\u011b. Na rychlostn\u00edch pr\u00e9mi\u00edch dominovaly norsk\u00e9 reprezentantky, kdy\u017e Camilla Ranes Bye vyhr\u00e1la hned v\u0161echny t\u0159i sprinty dne.<\/p>\n\n\n\n<p>Prvn\u00ed v\u00e1\u017en\u011bj\u0161\u00ed selekce p\u0159i\u0161la a\u017e ve stoup\u00e1n\u00ed k p\u0159ehrad\u011b \u0160ance, kde se peloton rozd\u011blil na dv\u011b skupiny, ty se v\u0161ak brzy op\u011bt spojily. P\u0159ed prvn\u00ed vrcha\u0159skou pr\u00e9mi\u00ed na Bumb\u00e1lce se z\u00e1vod zklidnil, ale n\u00e1sledn\u011b se tempo znovu zv\u00fd\u0161ilo. Aktivn\u00ed byly zejm\u00e9na z\u00e1vodnice n\u011bmeck\u00e9ho t\u00fdmu Rembe rad-net, zat\u00edmco l\u00eddryn\u011b z\u00e1vodu Emily Dixon i druh\u00e1 Krist\u00fdna Zemanov\u00e1 se dr\u017eely bez probl\u00e9m\u016f mezi nejlep\u0161\u00edmi a \u010dekaly na rozhoduj\u00edc\u00ed c\u00edlov\u00e9 stoup\u00e1n\u00ed.<\/p>\n\n\n\n<p>Prvn\u00ed vrcha\u0159skou pr\u00e9mii na Bumb\u00e1lce vyhr\u00e1la Urszula Sipko, kter\u00e1 si t\u00edm upevnila veden\u00ed v sout\u011b\u017ei o nejlep\u0161\u00ed vrcha\u0159ku.<\/p>\n\n\n\n<figure class=\"wp-block-image size-large\"><img loading=\"lazy\" decoding=\"async\" width=\"1024\" height=\"683\" src=\"http:\/\/www.czechcyclingfederation.com\/wp-content\/uploads\/2026\/05\/7vai1074-1024x683.jpg\" alt=\"\" class=\"wp-image-40951\" srcset=\"https:\/\/www.czechcyclingfederation.com\/wp-content\/uploads\/2026\/05\/7vai1074-1024x683.jpg 1024w, https:\/\/www.czechcyclingfederation.com\/wp-content\/uploads\/2026\/05\/7vai1074-300x200.jpg 300w, https:\/\/www.czechcyclingfederation.com\/wp-content\/uploads\/2026\/05\/7vai1074-768x512.jpg 768w, https:\/\/www.czechcyclingfederation.com\/wp-content\/uploads\/2026\/05\/7vai1074-1536x1024.jpg 1536w, https:\/\/www.czechcyclingfederation.com\/wp-content\/uploads\/2026\/05\/7vai1074-2048x1365.jpg 2048w, https:\/\/www.czechcyclingfederation.com\/wp-content\/uploads\/2026\/05\/7vai1074-1320x880.jpg 1320w\" sizes=\"auto, (max-width: 1024px) 100vw, 1024px\" \/><\/figure>\n\n\n\n<p>Kr\u00e1tce pot\u00e9 se o prvn\u00ed v\u00fdrazn\u011bj\u0161\u00ed \u00fanik pokusila Silje Bader, jej\u00ed snaha v\u0161ak nem\u011bla dlouh\u00e9ho trv\u00e1n\u00ed. Druhou vrcha\u0159skou pr\u00e9mii Sol\u00e1\u0148 tak\u00e9 vyhr\u00e1la Polka Urszula Sipko a zajistila si t\u00edm celkov\u00e9 v\u00edt\u011bzstv\u00ed ve vrcha\u0159sk\u00e9 sout\u011b\u017ei, sta\u010d\u00ed j\u00ed Gracii dokon\u010dit, matematicky u\u017e nem\u016f\u017ee b\u00fdt p\u0159edsti\u017eena.<\/p>\n\n\n\n<p>Rozhoduj\u00edc\u00ed momenty etapy p\u0159i\u0161ly a\u017e v z\u00e1v\u011bru. Nejprve se p\u0159ed c\u00edlov\u00fdm stoup\u00e1n\u00edm na Pustevny pokusila o s\u00f3lov\u00fd \u00fatok Katharina Palm, kter\u00e1 si vypracovala n\u00e1skok kolem 20 sekund, ale na za\u010d\u00e1tku fin\u00e1ln\u00edho v\u00fdjezdu byla dosti\u017eena.<\/p>\n\n\n\n<p>N\u00e1sledn\u011b p\u0159i\u0161el kl\u00ed\u010dov\u00fd \u00fatok dne. V\u00edce ne\u017e dva kilometry p\u0159ed c\u00edlem nastoupila Emily Dixon (Canyon Sram zondacrypto) a vytvo\u0159ila malou vedouc\u00ed skupinu, ve kter\u00e9 nechyb\u011bla ani Krist\u00fdna Zemanov\u00e1. O v\u00edt\u011bzstv\u00ed se tak rozhodovalo ze \u010dty\u0159\u010dlenn\u00e9 skupiny.<\/p>\n\n\n\n<figure class=\"wp-block-image size-large\"><img loading=\"lazy\" decoding=\"async\" width=\"1024\" height=\"683\" src=\"http:\/\/www.czechcyclingfederation.com\/wp-content\/uploads\/2026\/05\/7vai1136-1024x683.jpg\" alt=\"\" class=\"wp-image-40953\" srcset=\"https:\/\/www.czechcyclingfederation.com\/wp-content\/uploads\/2026\/05\/7vai1136-1024x683.jpg 1024w, https:\/\/www.czechcyclingfederation.com\/wp-content\/uploads\/2026\/05\/7vai1136-300x200.jpg 300w, https:\/\/www.czechcyclingfederation.com\/wp-content\/uploads\/2026\/05\/7vai1136-768x512.jpg 768w, https:\/\/www.czechcyclingfederation.com\/wp-content\/uploads\/2026\/05\/7vai1136-1536x1024.jpg 1536w, https:\/\/www.czechcyclingfederation.com\/wp-content\/uploads\/2026\/05\/7vai1136-2048x1365.jpg 2048w, https:\/\/www.czechcyclingfederation.com\/wp-content\/uploads\/2026\/05\/7vai1136-1320x880.jpg 1320w\" sizes=\"auto, (max-width: 1024px) 100vw, 1024px\" \/><\/figure>\n\n\n\n<p>V z\u00e1v\u011bre\u010dn\u00e9m spurtu byla znovu nejsiln\u011bj\u0161\u00ed Dixon, kter\u00e1 si p\u0159ipsala druh\u00e9 etapov\u00e9 v\u00edt\u011bzstv\u00ed. Za n\u00ed dojela Jasmin Liechti (Nexetis) a t\u0159et\u00ed m\u00edsto obsadila Krist\u00fdna Zemanov\u00e1, \u010dtvrt\u00e1 skon\u010dila Tess Moerman z belgick\u00e9ho n\u00e1rodn\u00edho t\u00fdmu.<\/p>\n\n\n\n<p>Dal\u0161\u00ed \u010desk\u00e9 z\u00e1vodnice Barbora N\u011bmcov\u00e1 (Dukla Praha) a Eli\u0161ka Han\u00e1kov\u00e1 (VIF) dojely na \u0161est\u00e9m a sedm\u00e9m m\u00edst\u011b se ztr\u00e1tou 28 sekund. Slovenka Sofia Ungerov\u00e1 ztratila v c\u00edli 23 sekund.<\/p>\n\n\n\n<p>Emily Dixon d\u00edky v\u00edt\u011bzstv\u00ed nav\u00fd\u0161ila sv\u00e9 veden\u00ed v celkov\u00e9 klasifikaci na 12 sekund p\u0159ed Krist\u00fdnou Zemanovou, t\u0159et\u00ed Jasmin Liechti ztr\u00e1c\u00ed 16 sekund. O celkov\u00e9m po\u0159ad\u00ed tedy rozhodnuto nen\u00ed, u\u017e v sobotu jsou na programu dv\u011b etapy a zejm\u00e9na dopoledn\u00ed \u010dasovka na 13,5 kilometru by mohla po\u0159ad\u00edm hodn\u011b zat\u0159\u00e1st.<\/p>\n","protected":false},"excerpt":{"rendered":"<p>Krist\u00fdna Zemanov\u00e1 v trikotu t\u00fdmu VIF Cycling dok\u00e1zala v druh\u00e9 etap\u011b z\u00e1vodu Gracia Orlov\u00e1 dr\u017eet krok s pr\u016fb\u011b\u017en\u011b vedouc\u00ed Emily Dixon p\u0159i n\u00e1ro\u010dn\u00e9m horsk\u00e9m dojezdu na Pustevny a v celkov\u00e9 klasifikaci z\u016fstala na druh\u00e9 pozici! Druh\u00e1 etapa z\u00e1vodu Gracia Orlov\u00e1 startovala v T\u0159inci a nab\u00eddla n\u00e1ro\u010dn\u00fd vrcha\u0159sk\u00fd profil, kter\u00fd v\u00fdrazn\u011b promluvil do celkov\u00e9ho po\u0159ad\u00ed. Na [&hellip;]<\/p>\n","protected":false},"author":30,"featured_media":40945,"comment_status":"closed","ping_status":"open","sticky":false,"template":"","format":"standard","meta":{"footnotes":""},"categories":[2,7],"tags":[11],"class_list":["post-40944","post","type-post","status-publish","format-standard","has-post-thumbnail","hentry","category-novinky","category-uvodni-stranka","tag-silnice"],"_links":{"self":[{"href":"https:\/\/www.czechcyclingfederation.com\/en\/wp-json\/wp\/v2\/posts\/40944","targetHints":{"allow":["GET"]}}],"collection":[{"href":"https:\/\/www.czechcyclingfederation.com\/en\/wp-json\/wp\/v2\/posts"}],"about":[{"href":"https:\/\/www.czechcyclingfederation.com\/en\/wp-json\/wp\/v2\/types\/post"}],"author":[{"embeddable":true,"href":"https:\/\/www.czechcyclingfederation.com\/en\/wp-json\/wp\/v2\/users\/30"}],"replies":[{"embeddable":true,"href":"https:\/\/www.czechcyclingfederation.com\/en\/wp-json\/wp\/v2\/comments?post=40944"}],"version-history":[{"count":2,"href":"https:\/\/www.czechcyclingfederation.com\/en\/wp-json\/wp\/v2\/posts\/40944\/revisions"}],"predecessor-version":[{"id":40956,"href":"https:\/\/www.czechcyclingfederation.com\/en\/wp-json\/wp\/v2\/posts\/40944\/revisions\/40956"}],"wp:featuredmedia":[{"embeddable":true,"href":"https:\/\/www.czechcyclingfederation.com\/en\/wp-json\/wp\/v2\/media\/40945"}],"wp:attachment":[{"href":"https:\/\/www.czechcyclingfederation.com\/en\/wp-json\/wp\/v2\/media?parent=40944"}],"wp:term":[{"taxonomy":"category","embeddable":true,"href":"https:\/\/www.czechcyclingfederation.com\/en\/wp-json\/wp\/v2\/categories?post=40944"},{"taxonomy":"post_tag","embeddable":true,"href":"https:\/\/www.czechcyclingfederation.com\/en\/wp-json\/wp\/v2\/tags?post=40944"}],"curies":[{"name":"wp","href":"https:\/\/api.w.org\/{rel}","templated":true}]}}