{"id":40926,"date":"2026-04-30T19:55:54","date_gmt":"2026-04-30T17:55:54","guid":{"rendered":"https:\/\/www.czechcyclingfederation.com\/?p=40926"},"modified":"2026-05-01T08:39:28","modified_gmt":"2026-05-01T06:39:28","slug":"cesti-paracykliste-trikrat-na-podiu-jahoda-znovu-vyhral","status":"publish","type":"post","link":"https:\/\/www.czechcyclingfederation.com\/en\/cesti-paracykliste-trikrat-na-podiu-jahoda-znovu-vyhral\/","title":{"rendered":"\u010ce\u0161t\u00ed paracyklist\u00e9 t\u0159ikr\u00e1t na p\u00f3diu, Jahoda znovu zlat\u00fd"},"content":{"rendered":"\n<p><\/p>\n\n\n\n<p>Dal\u0161\u00ed t\u0159i p\u00f3diov\u00e1 um\u00edst\u011bn\u00ed vybojovali \u010de\u0161t\u00ed reprezentanti na Sv\u011btov\u00e9m poh\u00e1ru v&nbsp;paracyklistice v&nbsp;Belgii. <strong>Patrik Jahoda<\/strong> vyhr\u00e1l po \u010dasovce i silni\u010dn\u00ed z\u00e1vod kategorie H1, <strong>Pavl\u00edna Vejvodov\u00e1 <\/strong>byla druh\u00e1 v&nbsp;kategorii T1 a <strong>Jind\u0159ich Ma\u0161\u00edn<\/strong> (T2) bronzov\u00fd. <strong>Kate\u0159ina Anto\u0161ov\u00e1<\/strong> (H3) obsadila \u010dtvrt\u00e9 m\u00edsto.<\/p>\n\n\n\n<p><em>\u201eV\u011bt\u0161inu z\u00e1vodu jsem odt\u00e1hl ze \u0161pice, proto\u017ee jsem cht\u011bl ud\u011blat z\u00e1vod co nejt\u011b\u017e\u0161\u00ed. Nev\u011b\u0159il jsem si na sprint, tak jsem cht\u011bl rozhodnout b\u011bhem z\u00e1vodu. Poka\u017ed\u00e9, kdy\u017e se za mnou objevila trochu mezera, vsadil jsem na \u00fapln\u00e9 maximum v\u0161e, co ve m\u011b bylo, proto\u017ee jak se v siln\u00e9m v\u011btru otev\u0159e i jen mal\u00e1 mezera, je obrovsky t\u011b\u017ek\u00e9 ji zav\u0159\u00edt. Takhle jsem postupn\u011b set\u0159\u00e1sl v\u0161echny soupe\u0159e a dojel si osamocen pro zlato,\u201c <\/em>popsal Patrik Jahoda.<\/p>\n\n\n\n<figure class=\"wp-block-image size-large\"><img loading=\"lazy\" decoding=\"async\" width=\"1024\" height=\"768\" src=\"https:\/\/www.czechcyclingfederation.com\/wp-content\/uploads\/2026\/04\/WhatsApp-Image-2026-04-30-at-19.15.23-1024x768.jpeg\" alt=\"\" class=\"wp-image-40929\" srcset=\"https:\/\/www.czechcyclingfederation.com\/wp-content\/uploads\/2026\/04\/WhatsApp-Image-2026-04-30-at-19.15.23-1024x768.jpeg 1024w, https:\/\/www.czechcyclingfederation.com\/wp-content\/uploads\/2026\/04\/WhatsApp-Image-2026-04-30-at-19.15.23-267x200.jpeg 267w, https:\/\/www.czechcyclingfederation.com\/wp-content\/uploads\/2026\/04\/WhatsApp-Image-2026-04-30-at-19.15.23-768x576.jpeg 768w, https:\/\/www.czechcyclingfederation.com\/wp-content\/uploads\/2026\/04\/WhatsApp-Image-2026-04-30-at-19.15.23-1536x1152.jpeg 1536w, https:\/\/www.czechcyclingfederation.com\/wp-content\/uploads\/2026\/04\/WhatsApp-Image-2026-04-30-at-19.15.23-1320x990.jpeg 1320w, https:\/\/www.czechcyclingfederation.com\/wp-content\/uploads\/2026\/04\/WhatsApp-Image-2026-04-30-at-19.15.23.jpeg 1600w\" sizes=\"auto, (max-width: 1024px) 100vw, 1024px\" \/><\/figure>\n\n\n\n<p>S&nbsp;medail\u00ed byl velmi spokojen i Jind\u0159ich Ma\u0161\u00edn. <em>\u201eC\u00edtil jsem se dob\u0159e a \u010dekal jsem na posledn\u00ed kolo, abych mohl za\u00fato\u010dit. Jen\u017ee p\u011bt kilometr\u016f p\u0159ed c\u00edlem m\u011b britsk\u00fd soupe\u0159 sundal do kop\u0159iv a ne\u017e jsem nasedl zp\u011bt na t\u0159\u00edkolku m\u011bl jsem velkou ztr\u00e1tu. Musel jsem jet \u00fapln\u00fd doraz a vy\u0161lo to na medaili,\u201c <\/em>prozradil Ma\u0161\u00edn.<\/p>\n\n\n\n<p><em>\u201ePovedlo se mi dost dob\u0159e odstartovat, cel\u00fd z\u00e1vod jsem se dr\u017eela kole sv\u00e9m \u010d\u00ednsk\u00e9 soupe\u0159ky, ale nakonec mi v kope\u010dku p\u0159ed c\u00edlem ujela. P\u0159esto to byl skv\u011bl\u00fd z\u00e1vod,\u201c<\/em> l\u00ed\u010dila st\u0159\u00edbrn\u00e1 Pavl\u00edna Vejvodov\u00e1.<\/p>\n\n\n\n<p>Foto: Vojt\u011bch Pavl\u00edk<\/p>\n","protected":false},"excerpt":{"rendered":"<p>Dal\u0161\u00ed t\u0159i p\u00f3diov\u00e1 um\u00edst\u011bn\u00ed vybojovali \u010de\u0161t\u00ed reprezentanti na Sv\u011btov\u00e9m poh\u00e1ru v&nbsp;paracyklistice v&nbsp;Belgii. Patrik Jahoda vyhr\u00e1l po \u010dasovce i silni\u010dn\u00ed z\u00e1vod kategorie H1, Pavl\u00edna Vejvodov\u00e1 byla druh\u00e1 v&nbsp;kategorii T1 a Jind\u0159ich Ma\u0161\u00edn (T2) bronzov\u00fd. Kate\u0159ina Anto\u0161ov\u00e1 (H3) obsadila \u010dtvrt\u00e9 m\u00edsto. \u201eV\u011bt\u0161inu z\u00e1vodu jsem odt\u00e1hl ze \u0161pice, proto\u017ee jsem cht\u011bl ud\u011blat z\u00e1vod co nejt\u011b\u017e\u0161\u00ed. Nev\u011b\u0159il jsem si [&hellip;]<\/p>\n","protected":false},"author":15,"featured_media":40927,"comment_status":"closed","ping_status":"open","sticky":false,"template":"","format":"standard","meta":{"footnotes":""},"categories":[2,99,7],"tags":[62],"class_list":["post-40926","post","type-post","status-publish","format-standard","has-post-thumbnail","hentry","category-novinky","category-paracyklistika","category-uvodni-stranka","tag-paracyklistika"],"_links":{"self":[{"href":"https:\/\/www.czechcyclingfederation.com\/en\/wp-json\/wp\/v2\/posts\/40926","targetHints":{"allow":["GET"]}}],"collection":[{"href":"https:\/\/www.czechcyclingfederation.com\/en\/wp-json\/wp\/v2\/posts"}],"about":[{"href":"https:\/\/www.czechcyclingfederation.com\/en\/wp-json\/wp\/v2\/types\/post"}],"author":[{"embeddable":true,"href":"https:\/\/www.czechcyclingfederation.com\/en\/wp-json\/wp\/v2\/users\/15"}],"replies":[{"embeddable":true,"href":"https:\/\/www.czechcyclingfederation.com\/en\/wp-json\/wp\/v2\/comments?post=40926"}],"version-history":[{"count":4,"href":"https:\/\/www.czechcyclingfederation.com\/en\/wp-json\/wp\/v2\/posts\/40926\/revisions"}],"predecessor-version":[{"id":40934,"href":"https:\/\/www.czechcyclingfederation.com\/en\/wp-json\/wp\/v2\/posts\/40926\/revisions\/40934"}],"wp:featuredmedia":[{"embeddable":true,"href":"https:\/\/www.czechcyclingfederation.com\/en\/wp-json\/wp\/v2\/media\/40927"}],"wp:attachment":[{"href":"https:\/\/www.czechcyclingfederation.com\/en\/wp-json\/wp\/v2\/media?parent=40926"}],"wp:term":[{"taxonomy":"category","embeddable":true,"href":"https:\/\/www.czechcyclingfederation.com\/en\/wp-json\/wp\/v2\/categories?post=40926"},{"taxonomy":"post_tag","embeddable":true,"href":"https:\/\/www.czechcyclingfederation.com\/en\/wp-json\/wp\/v2\/tags?post=40926"}],"curies":[{"name":"wp","href":"https:\/\/api.w.org\/{rel}","templated":true}]}}