{"id":40922,"date":"2026-04-30T18:12:03","date_gmt":"2026-04-30T16:12:03","guid":{"rendered":"https:\/\/www.czechcyclingfederation.com\/?p=40922"},"modified":"2026-04-30T18:12:06","modified_gmt":"2026-04-30T16:12:06","slug":"zemanova-druha-v-uvodni-etape-gracia-orlova","status":"publish","type":"post","link":"https:\/\/www.czechcyclingfederation.com\/en\/zemanova-druha-v-uvodni-etape-gracia-orlova\/","title":{"rendered":"Zemanov\u00e1 druh\u00e1 v\u00a0\u00favodn\u00ed etap\u011b Gracia Orlov\u00e1!"},"content":{"rendered":"\n<p><strong>Krist\u00fdna Zemanov\u00e1<\/strong> z&nbsp;VIF Cycling Teamu zaz\u00e1\u0159ila hned v&nbsp;\u00favodn\u00ed etap\u011b silni\u010dn\u00edho etapov\u00e9ho z\u00e1vodu Gracia Orlov\u00e1, kdy\u017e vybojovala druh\u00e9 m\u00edsto. V\u00edt\u011bzstv\u00ed slavila Australanka <strong>Emily Dixonov\u00e1.<\/strong><\/p>\n\n\n\n<p>\u00davodn\u00ed etapa z\u00e1vodu nab\u00eddla atraktivn\u00ed pod\u00edvanou zakon\u010denou tradi\u010dn\u011b n\u00e1ro\u010dn\u00fdm dojezdem do strm\u00e9ho stoup\u00e1n\u00ed v centru \u0160tramberku. Na start etapy se postavilo 152 cyklistek z 27 t\u00fdm\u016f.<\/p>\n\n\n\n<p>Peloton se zpo\u010d\u00e1tku dr\u017eel pohromad\u011b a prvn\u00ed pokusy o \u00fanik p\u0159i\u0161ly na \u00favodn\u00ed vrcha\u0159sk\u00e9 pr\u00e9mii. Aktivn\u00ed byla zejm\u00e9na Eli\u0161ka Kvasni\u010dkov\u00e1 (VIF), ke kter\u00e9 se p\u0159idala Urszula Sipkov\u00e1 (MAT Atom Deweloper). Spole\u010dn\u011b s dal\u0161\u00edmi z\u00e1vodnicemi vytvo\u0159ily prvn\u00ed \u00fanik dne, ten se v\u0161ak brzy rozpadl a na \u010dele z\u016fstala osamocen\u00e1 Martyna Szczesn\u00e1 (MAT Atom Deweloper Wroclaw).<\/p>\n\n\n\n<p>Polsk\u00e1 cyklistka si postupn\u011b vypracovala a\u017e minutov\u00fd n\u00e1skok a dlouho dr\u017eela peloton na distanc. Jej\u00ed n\u00e1skok se ale postupn\u011b ten\u010dil, zejm\u00e9na z\u00e1sluhou t\u00fdmu Canyon SRAM zondacrypto Generation, kter\u00fd p\u0159evzal kontrolu nad pelotonem a vedouc\u00ed z\u00e1vodn\u00edci dostihl.<\/p>\n\n\n\n<p>V z\u00e1v\u011bru etapy se peloton dr\u017eel pohromad\u011b a o v\u00edt\u011bzce tak rozhodl a\u017e v\u00fdbu\u0161n\u00fd dojezd ve \u0160tramberku: 1500 metr\u016f dlouh\u00fd c\u00edlov\u00fd v\u00fdjezd s pr\u016fm\u011brn\u00fdm stoup\u00e1n\u00edm 7,6 % a maximy okolo 12 % se jede \u010d\u00e1ste\u010dn\u011b po dla\u017eb\u011b, tak\u017ee startovn\u00ed pole poka\u017ed\u00e9 nad\u011bl\u00ed.<\/p>\n\n\n\n<p>Celku Canyon SRAM zondacrypto Generation s pr\u00e1ce na \u010dele pelotonu vyplatila. V dojezdu se toti\u017e nejl\u00e9pe prosadila devaten\u00e1ctilet\u00e1 Australanka Emily Dixon, kter\u00e1 si dojela pro sv\u00e9 prvn\u00ed v\u00edt\u011bzstv\u00ed na mezin\u00e1rodn\u00ed sc\u00e9n\u011b.<\/p>\n\n\n\n<p>Druh\u00e9 m\u00edsto obsadila dom\u00e1c\u00ed Krist\u00fdna Zemanov\u00e1 (VIF), pro kterou jde o nejlep\u0161\u00ed etapov\u00fd v\u00fdsledek na Gracii Orlov\u00e1. T\u0159et\u00ed skon\u010dila Slovenka Sofia Ungerov\u00e1 (MAT Atom Deweloper). Do des\u00edtky se z\u00a0\u010desk\u00fdch z\u00e1vodnice ve\u0161la je\u0161t\u011b sedm\u00e1 <strong>Barbora N\u011bmcov\u00e1<\/strong> (Dukla Praha), 11. byla <strong>Eli\u0161ka Han\u00e1kov\u00e1<\/strong> (VIF).<\/p>\n\n\n\n<p>Foto: \u00a9 Josef Vaishar\/Cycling.photography<\/p>\n","protected":false},"excerpt":{"rendered":"<p>Krist\u00fdna Zemanov\u00e1 z&nbsp;VIF Cycling Teamu zaz\u00e1\u0159ila hned v&nbsp;\u00favodn\u00ed etap\u011b silni\u010dn\u00edho etapov\u00e9ho z\u00e1vodu Gracia Orlov\u00e1, kdy\u017e vybojovala druh\u00e9 m\u00edsto. V\u00edt\u011bzstv\u00ed slavila Australanka Emily Dixonov\u00e1. \u00davodn\u00ed etapa z\u00e1vodu nab\u00eddla atraktivn\u00ed pod\u00edvanou zakon\u010denou tradi\u010dn\u011b n\u00e1ro\u010dn\u00fdm dojezdem do strm\u00e9ho stoup\u00e1n\u00ed v centru \u0160tramberku. Na start etapy se postavilo 152 cyklistek z 27 t\u00fdm\u016f. Peloton se zpo\u010d\u00e1tku dr\u017eel pohromad\u011b a [&hellip;]<\/p>\n","protected":false},"author":15,"featured_media":40923,"comment_status":"closed","ping_status":"open","sticky":false,"template":"","format":"standard","meta":{"footnotes":""},"categories":[2,18,7],"tags":[11],"class_list":["post-40922","post","type-post","status-publish","format-standard","has-post-thumbnail","hentry","category-novinky","category-silnice","category-uvodni-stranka","tag-silnice"],"_links":{"self":[{"href":"https:\/\/www.czechcyclingfederation.com\/en\/wp-json\/wp\/v2\/posts\/40922","targetHints":{"allow":["GET"]}}],"collection":[{"href":"https:\/\/www.czechcyclingfederation.com\/en\/wp-json\/wp\/v2\/posts"}],"about":[{"href":"https:\/\/www.czechcyclingfederation.com\/en\/wp-json\/wp\/v2\/types\/post"}],"author":[{"embeddable":true,"href":"https:\/\/www.czechcyclingfederation.com\/en\/wp-json\/wp\/v2\/users\/15"}],"replies":[{"embeddable":true,"href":"https:\/\/www.czechcyclingfederation.com\/en\/wp-json\/wp\/v2\/comments?post=40922"}],"version-history":[{"count":1,"href":"https:\/\/www.czechcyclingfederation.com\/en\/wp-json\/wp\/v2\/posts\/40922\/revisions"}],"predecessor-version":[{"id":40925,"href":"https:\/\/www.czechcyclingfederation.com\/en\/wp-json\/wp\/v2\/posts\/40922\/revisions\/40925"}],"wp:featuredmedia":[{"embeddable":true,"href":"https:\/\/www.czechcyclingfederation.com\/en\/wp-json\/wp\/v2\/media\/40923"}],"wp:attachment":[{"href":"https:\/\/www.czechcyclingfederation.com\/en\/wp-json\/wp\/v2\/media?parent=40922"}],"wp:term":[{"taxonomy":"category","embeddable":true,"href":"https:\/\/www.czechcyclingfederation.com\/en\/wp-json\/wp\/v2\/categories?post=40922"},{"taxonomy":"post_tag","embeddable":true,"href":"https:\/\/www.czechcyclingfederation.com\/en\/wp-json\/wp\/v2\/tags?post=40922"}],"curies":[{"name":"wp","href":"https:\/\/api.w.org\/{rel}","templated":true}]}}