{"id":40895,"date":"2026-04-29T07:00:00","date_gmt":"2026-04-29T05:00:00","guid":{"rendered":"https:\/\/www.czechcyclingfederation.com\/?p=40895"},"modified":"2026-04-29T16:12:29","modified_gmt":"2026-04-29T14:12:29","slug":"tri-medaile-paracyklistu-v-belgii","status":"publish","type":"post","link":"https:\/\/www.czechcyclingfederation.com\/en\/tri-medaile-paracyklistu-v-belgii\/","title":{"rendered":"T\u0159i medaile paracyklist\u016f v Belgii"},"content":{"rendered":"\n<p>Fantastick\u00fd vstup do druh\u00e9ho d\u011bjstv\u00ed seri\u00e1lu Sv\u011btov\u00e9ho poh\u00e1ru v paracyklistice p\u0159edvedli \u010de\u0161t\u00ed reprezentanti. V belgick\u00e9m Gistelu se postupn\u011b p\u0159edstav\u00ed v dresu s trikolorou osmi\u010dka z\u00e1vodn\u00edk\u016f. Hned v \u00favodu p\u0159itom \u010desk\u00e9 barvy slavily t\u0159i medaile!<\/p>\n\n\n\n<p>Patrik Jahoda vybojoval na handbiku v kategorii H1 zlatou medaili. Kate\u0159ina Anto\u0161ov\u00e1 ve t\u0159\u00edd\u011b H3 na handbiku a Pavl\u00edna Vejvodov\u00e1 na tricyklu v kategorii T1 braly shodn\u011b bronzovou pozici.<\/p>\n\n\n\n<p>&#8220;Kvalitn\u00ed zimn\u00ed p\u0159\u00edprava p\u0159inesla prvn\u00ed \u00fasp\u011bchy. Sportovci absolvovali p\u0159es zimu spole\u010dn\u00fd reprezenta\u010dn\u00ed kemp na Mallorce a v jarn\u00ed \u010d\u00e1sti p\u0159\u00edpravy pak u\u017e individu\u00e1ln\u00ed kempy v Chorvatsku, v Portugalsku a na Mallorce. To se uk\u00e1zalo jako zcela kl\u00ed\u010dov\u00e9 pro jarn\u00ed \u010d\u00e1st sez\u00f3ny. Je to pro n\u00e1s velmi d\u016fle\u017eit\u00e9, proto\u017ee m\u00e1me t\u011bsn\u011b za sebou sv\u011btov\u00e9 poh\u00e1ry v Belgii, It\u00e1lii a n\u00e1sledn\u011b mistrovstv\u00ed Evropy op\u011bt v It\u00e1lii,&#8221; komentoval vyda\u0159en\u00fd vstup do belgick\u00fdch z\u00e1vod\u016f Luk\u00e1\u0161 Petr, reprezenta\u010dn\u00ed tren\u00e9r.<\/p>\n\n\n\n<p>Krom\u011b medailov\u00e9 trojice se v Belgii zaskv\u011bl v \u00favodn\u00ed den \u0161estou p\u0159\u00ed\u010dkou v kategorii T2 Jind\u0159ich Ma\u0161\u00edn, z\u00e1vod\u00edc\u00ed na tricyklu. V malebn\u00e9m Gistelu se z\u00e1vod\u00ed na rovinat\u00e9m okruhu dlouh\u00e9m 10,2 kilometru, kter\u00fd slou\u017e\u00ed pro \u010dasovky i silni\u010dn\u00ed z\u00e1vody. \u010cesk\u00e9 barvy zastupuj\u00ed je\u0161t\u011b Jan Mo\u0161t\u011bk v kategorii C3, Tom\u00e1\u0161 Kajnar v kategorii C5, Nikola Handlov\u00e1 ve t\u0159\u00edd\u011b C2 a Simona Perkov\u00e1 v kategorii C3.<\/p>\n\n\n\n<p>Velk\u00e1 pozornost a pochopiteln\u011b rovn\u011b\u017e nemal\u00e1 o\u010dek\u00e1v\u00e1n\u00ed sm\u011b\u0159ovala k Pavl\u00edn\u011b Vejvodov\u00e9 coby \u00fa\u0159aduj\u00edc\u00ed mistryni Evropy. Z \u010dasovky nakonec vydolovala bronzovou pozici. &#8220;Kv\u016fli technick\u00fdm pot\u00ed\u017e\u00edm t\u011bsn\u011b p\u0159ed startem jsem sotva odstartovala. Ale dala jsem do z\u00e1vodu v\u0161echno a c\u00edlem projela se skv\u011bl\u00fdm pocitem,&#8221; prohl\u00e1sila Pavl\u00edna Vejvodov\u00e1 po t\u0159et\u00ed p\u0159\u00ed\u010dce v \u010dasovce kategorie T1.<\/p>\n\n\n\n<p>Stejn\u011b cenn\u00fd kov si na cestu dom\u016f p\u0159ibal\u00ed i Kate\u0159ina Anto\u0161ov\u00e1. &#8220;Po v\u0161ech zdravotn\u00edch komplikac\u00edch, kter\u00e9 m\u011b potkaly minul\u00fd rok, jsem nem\u011bla \u017e\u00e1dn\u00e1 o\u010dek\u00e1v\u00e1n\u00ed. T\u0159et\u00ed m\u00edsto je ne\u010dekan\u00fd bonus. Pod\u011bkov\u00e1n\u00ed pat\u0159\u00ed v\u0161em, co m\u011b podr\u017eeli, i koleg\u016fm z pr\u00e1ce, kte\u0159\u00ed m\u011b pustili na jarn\u00ed soust\u0159ed\u011bn\u00ed, i kdy\u017e se to moc nehodilo. Efekt se dostavil,&#8221; radovala se Kate\u0159ina Anto\u0161ov\u00e1 po bronzov\u00e9 p\u0159\u00ed\u010dce v kategorii H3.<\/p>\n\n\n\n<p>Nejcenn\u011bj\u0161\u00ed v\u00fdsledek slavil Patrik Jahoda v kategorii H1, kter\u00fd do Belgie dorazil povzbuzen dv\u011bma triumfy z \u00favodn\u00edho podniku Sv\u011btov\u00e9ho poh\u00e1ru v Thajsku. &#8220;Profil trati jsem m\u011bl dlouho dop\u0159edu nastudovan\u00fd a v\u011bd\u011bl jsem, \u017ee mi bude sed\u011bt. V takto kr\u00e1tk\u00e9 \u010dasovce je to v\u017edy trochu loterie. Z\u00e1le\u017e\u00ed, jak se \u010dlov\u011bk c\u00edt\u00ed hned po startu, aby mohl okam\u017eit\u011b j\u00edt p\u0159es limit a na dluh. Na\u0161t\u011bst\u00ed jsem c\u00edtil, \u017ee to je p\u0159esn\u011b den, kdy mi to p\u016fjde, a tak se mi povedlo jet o kousek rychleji ne\u017e soupe\u0159\u016fm hned od startu a v c\u00edli to bylo v\u00edt\u011bzstv\u00ed o 39 vte\u0159in. M\u00e1m ale obrovskou radost z \u010d\u00edsel, kter\u00e1 jsem jel. Zimn\u00ed p\u0159\u00edprava se evidentn\u011b vyda\u0159ila na jedni\u010dku,&#8221; lebedil si po zlatu v \u010dasovce Patrik Jahoda.<\/p>\n\n\n\n<p>V Belgii se Sv\u011btov\u00fd poh\u00e1r kon\u00e1 od 28. dubna do p\u00e1tku 1. kv\u011btna. N\u00e1sleduje sv\u011btov\u00fd poh\u00e1r v italsk\u00e9m Abruzzu.<\/p>\n","protected":false},"excerpt":{"rendered":"<p>Fantastick\u00fd vstup do druh\u00e9ho d\u011bjstv\u00ed seri\u00e1lu Sv\u011btov\u00e9ho poh\u00e1ru v paracyklistice p\u0159edvedli \u010de\u0161t\u00ed reprezentanti. V belgick\u00e9m Gistelu se postupn\u011b p\u0159edstav\u00ed v dresu s trikolorou osmi\u010dka z\u00e1vodn\u00edk\u016f. Hned v \u00favodu p\u0159itom \u010desk\u00e9 barvy slavily t\u0159i medaile! Patrik Jahoda vybojoval na handbiku v kategorii H1 zlatou medaili. Kate\u0159ina Anto\u0161ov\u00e1 ve t\u0159\u00edd\u011b H3 na handbiku a Pavl\u00edna Vejvodov\u00e1 na [&hellip;]<\/p>\n","protected":false},"author":30,"featured_media":40896,"comment_status":"closed","ping_status":"open","sticky":false,"template":"","format":"standard","meta":{"footnotes":""},"categories":[2,99,450,7],"tags":[62],"class_list":{"0":"post-40895","1":"post","2":"type-post","3":"status-publish","4":"format-standard","5":"has-post-thumbnail","6":"hentry","7":"category-novinky","8":"category-paracyklistika","10":"category-uvodni-stranka","11":"tag-paracyklistika"},"_links":{"self":[{"href":"https:\/\/www.czechcyclingfederation.com\/en\/wp-json\/wp\/v2\/posts\/40895","targetHints":{"allow":["GET"]}}],"collection":[{"href":"https:\/\/www.czechcyclingfederation.com\/en\/wp-json\/wp\/v2\/posts"}],"about":[{"href":"https:\/\/www.czechcyclingfederation.com\/en\/wp-json\/wp\/v2\/types\/post"}],"author":[{"embeddable":true,"href":"https:\/\/www.czechcyclingfederation.com\/en\/wp-json\/wp\/v2\/users\/30"}],"replies":[{"embeddable":true,"href":"https:\/\/www.czechcyclingfederation.com\/en\/wp-json\/wp\/v2\/comments?post=40895"}],"version-history":[{"count":1,"href":"https:\/\/www.czechcyclingfederation.com\/en\/wp-json\/wp\/v2\/posts\/40895\/revisions"}],"predecessor-version":[{"id":40897,"href":"https:\/\/www.czechcyclingfederation.com\/en\/wp-json\/wp\/v2\/posts\/40895\/revisions\/40897"}],"wp:featuredmedia":[{"embeddable":true,"href":"https:\/\/www.czechcyclingfederation.com\/en\/wp-json\/wp\/v2\/media\/40896"}],"wp:attachment":[{"href":"https:\/\/www.czechcyclingfederation.com\/en\/wp-json\/wp\/v2\/media?parent=40895"}],"wp:term":[{"taxonomy":"category","embeddable":true,"href":"https:\/\/www.czechcyclingfederation.com\/en\/wp-json\/wp\/v2\/categories?post=40895"},{"taxonomy":"post_tag","embeddable":true,"href":"https:\/\/www.czechcyclingfederation.com\/en\/wp-json\/wp\/v2\/tags?post=40895"}],"curies":[{"name":"wp","href":"https:\/\/api.w.org\/{rel}","templated":true}]}}