{"id":40888,"date":"2026-04-29T08:13:04","date_gmt":"2026-04-29T06:13:04","guid":{"rendered":"https:\/\/www.czechcyclingfederation.com\/?p=40888"},"modified":"2026-04-29T08:23:32","modified_gmt":"2026-04-29T06:23:32","slug":"garmin-novym-technologickym-partnerem-csc","status":"publish","type":"post","link":"https:\/\/www.czechcyclingfederation.com\/en\/garmin-novym-technologickym-partnerem-csc\/","title":{"rendered":"Garmin nov\u00fdm technologick\u00fdm partnerem \u010cSC"},"content":{"rendered":"\n<p>\u010cesk\u00fd svaz cyklistiky navazuje nov\u00e9 strategick\u00e9 partnerstv\u00ed se spole\u010dnost\u00ed Garmin, sv\u011btov\u00fdm l\u00eddrem v oblasti GPS navigac\u00ed a sportovn\u00ed elektroniky. Garmin se st\u00e1v\u00e1 jeho technologick\u00fdm partnerem. Spojen\u00ed m\u00e1 za c\u00edl podpo\u0159it rozvoj \u010desk\u00e9 cyklistiky nap\u0159\u00ed\u010d v\u0161emi \u00farovn\u011bmi \u2013 od reprezentace a\u017e po \u0161ir\u0161\u00ed cyklistickou komunitu.<\/p>\n\n\n\n<p><strong>Strategick\u00e9 pil\u00ed\u0159e spolupr\u00e1ce a technologick\u00e1 podpora<\/strong><\/p>\n\n\n\n<p>Garmin p\u0159in\u00e1\u0161\u00ed do partnerstv\u00ed dlouhodob\u00e9 know-how v oblasti sb\u011bru, m\u011b\u0159en\u00ed a anal\u00fdzy dat. Pr\u00e1v\u011b pr\u00e1ce s daty a jejich efektivn\u00ed vyu\u017eit\u00ed ve sportovn\u00ed p\u0159\u00edprav\u011b p\u0159edstavuje jeden z kl\u00ed\u010dov\u00fdch pil\u00ed\u0159\u016f spolupr\u00e1ce. Modern\u00ed technologie Garmin umo\u017en\u00ed tren\u00e9r\u016fm i samotn\u00fdm sportovc\u016fm l\u00e9pe porozum\u011bt v\u00fdkonu, optimalizovat tr\u00e9nink a posouvat hranice individu\u00e1ln\u00edch mo\u017enost\u00ed. D\u016fraz bude kladen na dlouhodob\u00fd rozvoj cyklistiky v \u010cesk\u00e9 republice a motivaci nov\u00e9 generace cyklist\u016f.<\/p>\n\n\n\n<p>V\u00fdznamn\u00fdm t\u00e9matem partnerstv\u00ed bude tak\u00e9 bezpe\u010dnost cyklist\u016f. Ob\u011b strany cht\u011bj\u00ed spole\u010dn\u011b p\u0159isp\u011bt ke zv\u00fd\u0161en\u00ed pov\u011bdom\u00ed o prevenci rizik na silnic\u00edch i v ter\u00e9nu a podpo\u0159it vyu\u017e\u00edv\u00e1n\u00ed modern\u00edch technologi\u00ed, kter\u00e9 pom\u00e1haj\u00ed chr\u00e1nit zdrav\u00ed a \u017eivoty cyklist\u016f. Garmin v tomto segmentu ur\u010duje standardy, kter\u00e9 chce p\u0159ibl\u00ed\u017eit cel\u00e9 \u010desk\u00e9 cyklistick\u00e9 komunit\u011b.<\/p>\n\n\n\n<p>\u201eNav\u00e1z\u00e1n\u00ed spolupr\u00e1ce s Garminem vn\u00edm\u00e1me jako d\u016fle\u017eit\u00fd krok sm\u011brem k modernizaci \u010desk\u00e9 cyklistiky. Data a jejich spr\u00e1vn\u00e1 interpretace dnes hraj\u00ed z\u00e1sadn\u00ed roli nejen ve vrcholov\u00e9m sportu, ale i v pr\u00e1ci s ml\u00e1de\u017e\u00ed. Velmi si v\u00e1\u017e\u00edme toho, \u017ee partnerem \u010cSC se st\u00e1v\u00e1 pr\u00e1v\u011b spole\u010dnost Garmin, kter\u00e1 pat\u0159\u00ed mezi siln\u00e9 nadn\u00e1rodn\u00ed hr\u00e1\u010de v oblasti sportovn\u00edch technologi\u00ed. V\u011b\u0159\u00edme, \u017ee toto partnerstv\u00ed p\u0159inese konkr\u00e9tn\u00ed v\u00fdhody pro na\u0161e reprezentanty i \u0161ir\u0161\u00ed cyklistickou komunitu,\u201c \u0159\u00edk\u00e1 prezident \u010cesk\u00e9ho svazu cyklistiky David Pr\u016f\u0161a.<\/p>\n\n\n\n<p>\u201eCyklistika je v \u010cesk\u00e9 republice fenom\u00e9nem, s rostouc\u00edm po\u010dtem jezdc\u016f roste i pot\u0159eba db\u00e1t na jejich bezpe\u010d\u00ed a ochranu. Jsme hrd\u00ed, \u017ee m\u016f\u017eeme sv\u00e9 technologie spojit pr\u00e1v\u011b s \u010cesk\u00fdm svazem cyklistiky a spole\u010dn\u011b pracovat na tom, aby byl ka\u017ed\u00fd v\u00fdjezd na kolo nejen o v\u00fdkonu, ale p\u0159edev\u0161\u00edm o bezpe\u010dn\u00e9 j\u00edzd\u011b za ka\u017ed\u00e9 situace,\u201c dopl\u0148uje Luk\u00e1\u0161 Friedrich, \u0159editel spole\u010dnosti Garmin Czech.<\/p>\n\n\n\n<p>Partnerstv\u00ed bude zahrnovat nejen podporu reprezentace, ale tak\u00e9 zapojen\u00ed do vzd\u011bl\u00e1vac\u00edch a rozvojov\u00fdch projekt\u016f, kde Garmin uplatn\u00ed sv\u00e9 odborn\u00e9 znalosti v oblasti datov\u00e9 anal\u00fdzy a technologick\u00fdch inovac\u00ed.<\/p>\n","protected":false},"excerpt":{"rendered":"<p>\u010cesk\u00fd svaz cyklistiky navazuje nov\u00e9 strategick\u00e9 partnerstv\u00ed se spole\u010dnost\u00ed Garmin, sv\u011btov\u00fdm l\u00eddrem v oblasti GPS navigac\u00ed a sportovn\u00ed elektroniky. Garmin se st\u00e1v\u00e1 jeho technologick\u00fdm partnerem. Spojen\u00ed m\u00e1 za c\u00edl podpo\u0159it rozvoj \u010desk\u00e9 cyklistiky nap\u0159\u00ed\u010d v\u0161emi \u00farovn\u011bmi \u2013 od reprezentace a\u017e po \u0161ir\u0161\u00ed cyklistickou komunitu. Strategick\u00e9 pil\u00ed\u0159e spolupr\u00e1ce a technologick\u00e1 podpora Garmin p\u0159in\u00e1\u0161\u00ed do partnerstv\u00ed dlouhodob\u00e9 [&hellip;]<\/p>\n","protected":false},"author":30,"featured_media":40892,"comment_status":"closed","ping_status":"open","sticky":false,"template":"","format":"standard","meta":{"footnotes":""},"categories":[445,453,446,448,452,449,2,450,451,447,7],"tags":[119],"class_list":["post-40888","post","type-post","status-publish","format-standard","has-post-thumbnail","hentry","category-bmx","category-cyklistika-pro-vsechny","category-cyklokros","category-gravel","category-salovka","category-mtb","category-novinky","category-paracyklistika","category-silnice","category-draha","category-uvodni-stranka","tag-csc"],"_links":{"self":[{"href":"https:\/\/www.czechcyclingfederation.com\/en\/wp-json\/wp\/v2\/posts\/40888","targetHints":{"allow":["GET"]}}],"collection":[{"href":"https:\/\/www.czechcyclingfederation.com\/en\/wp-json\/wp\/v2\/posts"}],"about":[{"href":"https:\/\/www.czechcyclingfederation.com\/en\/wp-json\/wp\/v2\/types\/post"}],"author":[{"embeddable":true,"href":"https:\/\/www.czechcyclingfederation.com\/en\/wp-json\/wp\/v2\/users\/30"}],"replies":[{"embeddable":true,"href":"https:\/\/www.czechcyclingfederation.com\/en\/wp-json\/wp\/v2\/comments?post=40888"}],"version-history":[{"count":1,"href":"https:\/\/www.czechcyclingfederation.com\/en\/wp-json\/wp\/v2\/posts\/40888\/revisions"}],"predecessor-version":[{"id":40889,"href":"https:\/\/www.czechcyclingfederation.com\/en\/wp-json\/wp\/v2\/posts\/40888\/revisions\/40889"}],"wp:featuredmedia":[{"embeddable":true,"href":"https:\/\/www.czechcyclingfederation.com\/en\/wp-json\/wp\/v2\/media\/40892"}],"wp:attachment":[{"href":"https:\/\/www.czechcyclingfederation.com\/en\/wp-json\/wp\/v2\/media?parent=40888"}],"wp:term":[{"taxonomy":"category","embeddable":true,"href":"https:\/\/www.czechcyclingfederation.com\/en\/wp-json\/wp\/v2\/categories?post=40888"},{"taxonomy":"post_tag","embeddable":true,"href":"https:\/\/www.czechcyclingfederation.com\/en\/wp-json\/wp\/v2\/tags?post=40888"}],"curies":[{"name":"wp","href":"https:\/\/api.w.org\/{rel}","templated":true}]}}