{"id":40885,"date":"2026-04-28T11:08:04","date_gmt":"2026-04-28T09:08:04","guid":{"rendered":"https:\/\/www.czechcyclingfederation.com\/?p=40885"},"modified":"2026-04-28T11:08:06","modified_gmt":"2026-04-28T09:08:06","slug":"svitavka-zvitezila-i-na-druhem-kole-skoda-extraligy","status":"publish","type":"post","link":"https:\/\/www.czechcyclingfederation.com\/en\/svitavka-zvitezila-i-na-druhem-kole-skoda-extraligy\/","title":{"rendered":"Svit\u00e1vka zv\u00edt\u011bzila i na druh\u00e9m kole \u0160koda Extraligy"},"content":{"rendered":"\n<p>Druh\u00e9 kolo nejvy\u0161\u0161\u00ed \u010desk\u00e9 sout\u011b\u017ee hostila v ned\u011bli 26. dubna Svit\u00e1vka.&nbsp;<br>Ve sportovn\u00ed hale Jaroslava Zoubka se tam op\u011bt utkalo 7 nejlep\u0161\u00edch t\u00fdm\u016f leto\u0161n\u00ed sez\u00f3ny o dal\u0161\u00ed nomina\u010dn\u00ed body pro v\u0161echny vrcholn\u00e9 akce v sez\u00f3n\u011b 2026. Po dvou odehran\u00fdch sout\u011b\u017en\u00edch kolech je po\u0159ad\u00ed nev\u00eddan\u011b vyrovnan\u00e9 a t\u00fdmy na prvn\u00edm a\u017e \u010dtvrt\u00e9m m\u00edst\u011b maj\u00ed t\u00e9m\u011b\u0159 stejn\u00fd shodn\u00fd po\u010det bod\u016f.&nbsp;<\/p>\n\n\n\n<p>Na druh\u00e9m kole p\u0159edvedl t\u00e9m\u011b\u0159 stoprocentn\u00ed v\u00fdkon t\u00fdm<strong>&nbsp;SC Svit\u00e1vky<\/strong>&nbsp;( Ji\u0159\u00ed Hrdli\u010dka \/ Jan Kripner ) , kter\u00fd v \u0161esti utk\u00e1n\u00edch prohr\u00e1l pouze jednou a to o jedinou branku ( 4:5 proti \u0160itbo\u0159ic\u00edm ). V ostatn\u00edch p\u011bti utk\u00e1n\u00edch ale zv\u00edt\u011bzil a s 15 body si tak naprosto jednozna\u010dn\u011b vyslou\u017eil v\u00edt\u011bzstv\u00ed v turnaji. Po \u010dtvrt\u00e9m m\u00edst\u011b na prvn\u00edm kole tak SC Svit\u00e1vka vylep\u0161ila postaven\u00ed v pr\u016fb\u011b\u017en\u00e9m po\u0159ad\u00ed.&nbsp;<\/p>\n\n\n\n<p>T\u00fdmy na druh\u00e9m a\u017e \u010dtvrt\u00e9m m\u00edst\u011b d\u011blil tentokr\u00e1t pouze jedin\u00fd bod. Nejl\u00e9pe z nich vy\u0161el ze druh\u00e9ho sout\u011b\u017en\u00edho turnaje t\u00fdm&nbsp;<strong>Sokola Zl\u00edn<\/strong>&nbsp;( Tom\u00e1\u0161 Hor\u00e1k \/ Ludv\u00edk P\u00edsek ) , kter\u00fd b\u011bhem turnaje jednou prohr\u00e1l a jednou rem\u00edzoval. S celkov\u00fdmi 13 body d\u00edky lep\u0161\u00edmu brankov\u00e9mu rozd\u00edlu skon\u010dil na druh\u00e9m m\u00edst\u011b.&nbsp;<br>Na t\u0159et\u00edm m\u00edst\u011b se stejn\u00fdm po\u010dtem 13 bod\u016f skon\u010dil t\u00fdm&nbsp;<strong>Sokola \u0160itbo\u0159ice<\/strong>&nbsp;( Robert Zvol\u00e1nek \/ Martin Drab\u00e1lek ). I \u0161itbo\u0159ick\u00e1 dvojice v turnaji jednou prohr\u00e1la a jednou remizovala a v dal\u0161\u00edch \u010dty\u0159ech utk\u00e1n\u00edch zv\u00edt\u011bzila. Rem\u00edzov\u00e9 utk\u00e1n\u00ed mezi \u0160itbo\u0159icemi a Zl\u00ednem ( 3:3 ) bylo z\u00e1rove\u0148 jedin\u00fdm nerozhodn\u00fdm utk\u00e1n\u00edm turnaje.&nbsp;<br>T\u00fdm&nbsp;<strong>MO Svit\u00e1vky 1<\/strong>&nbsp;( Ji\u0159\u00ed Hrdli\u010dka ml. \/ Roman Stan\u011bk ) z\u00edskal ve druh\u00e9m kole 12 bod\u016f za \u010dty\u0159i v\u00fdhry a po prvn\u00edm m\u00edst\u011b na prvn\u00edm kole se nyn\u00ed musel spokojit se \u010dtvrt\u00fdm m\u00edstem.&nbsp;<\/p>\n\n\n\n<figure class=\"wp-block-image\"><img decoding=\"async\" src=\"https:\/\/ceskakolova.cz\/wp-content\/uploads\/2026\/04\/1-1024x768.jpg\" alt=\"\" class=\"wp-image-11037\"\/><\/figure>\n\n\n\n<p>S bodov\u00fdm odstupem se na p\u00e1t\u00e9m m\u00edst\u011b s 6 body um\u00edstil t\u00fdm Startu Plze\u0148 ( Ond\u0159ej Kydl\u00ed\u010dek \/ Josef Reindl ) , kter\u00fd zapsal v\u00fdhru nad MO Svit\u00e1vkou 2 a Favoritem Brno. Na \u0161est\u00e9m m\u00edst\u011b skon\u010dil t\u0159et\u00ed t\u00fdm Svit\u00e1vky v sout\u011b\u017ei. MO Svit\u00e1vce 2 ( David Petr \/ Michal Musil ) se v turnaji neda\u0159ilo a bodoval a\u017e v posledn\u00edm utk\u00e1n\u00ed turnaje, kdy porazil Favorit Brno a z\u00edskal tak tentokr\u00e1t 3 body. I na druh\u00e9m kole bez bodu skon\u010dil t\u00fdm Favoritu Brno ( Michal Fry\u010dar \/ Marek Krej\u010d\u00ed ).&nbsp;<\/p>\n\n\n\n<p>Po odehr\u00e1n\u00edch dvou sout\u011b\u017en\u00edch kol jsou t\u00fdmy SC Svit\u00e1vky, Sokola \u0160itbo\u0159ice a MO Svit\u00e1vky 1 se stejn\u00fdm po\u010dtem 25 bod\u016f z\u00edskan\u00fdch v odehran\u00fdch utk\u00e1n\u00edch na d\u011blen\u00fdch \u201ep\u00f3diov\u00fdch\u201c pozic\u00edch. Se ztr\u00e1tou 3 bod\u016f je na \u010dtvrt\u00e9m m\u00edst\u011b t\u00fdm Sokola Zl\u00edn. Na p\u00e1t\u00e9m m\u00edst\u011b nyn\u00ed ji\u017e s t\u011bsn\u00fdm n\u00e1skokem MO Svit\u00e1vka 2 p\u0159ed \u0161estou Plzn\u00ed a s velkou ztr\u00e1tou na posledn\u00edm sedm\u00e9m m\u00edst\u011b brn\u011bnsk\u00fd Favorit.&nbsp;<\/p>\n\n\n\n<figure class=\"wp-block-image\"><img decoding=\"async\" src=\"https:\/\/ceskakolova.cz\/wp-content\/uploads\/2026\/04\/Screenshot-2026-04-28-075609.png\" alt=\"\" class=\"wp-image-11038\"\/><\/figure>\n\n\n\n<p>Leto\u0161n\u00ed sez\u00f3na je zat\u00edm velmi vyrovnan\u00e1 a v tabulce nomina\u010dn\u00edch bod\u016f na mistrovstv\u00ed Evropy, kter\u00e9 se bude konat v \u010dervnu do\u0161lo ke kuri\u00f3zn\u00ed situaci. Tyto nomina\u010dn\u00ed body se ud\u011bluj\u00ed za um\u00edst\u011bn\u00ed na jednotliv\u00fdch sout\u011b\u017en\u00edch kolech a po dvou odehran\u00fdch maj\u00ed v\u0161echny \u010dty\u0159i t\u00fdmy t\u011bchto nomina\u010dn\u00edch bod\u016f stejn\u00fd po\u010det, sice 11. O startuj\u00edc\u00edm na evropsk\u00e9m \u0161ampion\u00e1tu tak bude muset rozhodnout a\u017e t\u0159et\u00ed sout\u011b\u017en\u00ed kolo, kter\u00e9 se kon\u00e1 v Praze v ned\u011bli 24. kv\u011btna.<\/p>\n\n\n\n<figure class=\"wp-block-image\"><img decoding=\"async\" src=\"https:\/\/ceskakolova.cz\/wp-content\/uploads\/2026\/04\/Screenshot-2026-04-28-075647.png\" alt=\"\" class=\"wp-image-11039\"\/><\/figure>\n","protected":false},"excerpt":{"rendered":"<p>Druh\u00e9 kolo nejvy\u0161\u0161\u00ed \u010desk\u00e9 sout\u011b\u017ee hostila v ned\u011bli 26. dubna Svit\u00e1vka.&nbsp;Ve sportovn\u00ed hale Jaroslava Zoubka se tam op\u011bt utkalo 7 nejlep\u0161\u00edch t\u00fdm\u016f leto\u0161n\u00ed sez\u00f3ny o dal\u0161\u00ed nomina\u010dn\u00ed body pro v\u0161echny vrcholn\u00e9 akce v sez\u00f3n\u011b 2026. Po dvou odehran\u00fdch sout\u011b\u017en\u00edch kolech je po\u0159ad\u00ed nev\u00eddan\u011b vyrovnan\u00e9 a t\u00fdmy na prvn\u00edm a\u017e \u010dtvrt\u00e9m m\u00edst\u011b maj\u00ed t\u00e9m\u011b\u0159 stejn\u00fd shodn\u00fd [&hellip;]<\/p>\n","protected":false},"author":30,"featured_media":40886,"comment_status":"closed","ping_status":"open","sticky":false,"template":"","format":"standard","meta":{"footnotes":""},"categories":[452,60,3],"tags":[61],"class_list":{"0":"post-40885","1":"post","2":"type-post","3":"status-publish","4":"format-standard","5":"has-post-thumbnail","6":"hentry","7":"category-salovka","9":"category-vip","10":"tag-salovka"},"_links":{"self":[{"href":"https:\/\/www.czechcyclingfederation.com\/en\/wp-json\/wp\/v2\/posts\/40885","targetHints":{"allow":["GET"]}}],"collection":[{"href":"https:\/\/www.czechcyclingfederation.com\/en\/wp-json\/wp\/v2\/posts"}],"about":[{"href":"https:\/\/www.czechcyclingfederation.com\/en\/wp-json\/wp\/v2\/types\/post"}],"author":[{"embeddable":true,"href":"https:\/\/www.czechcyclingfederation.com\/en\/wp-json\/wp\/v2\/users\/30"}],"replies":[{"embeddable":true,"href":"https:\/\/www.czechcyclingfederation.com\/en\/wp-json\/wp\/v2\/comments?post=40885"}],"version-history":[{"count":1,"href":"https:\/\/www.czechcyclingfederation.com\/en\/wp-json\/wp\/v2\/posts\/40885\/revisions"}],"predecessor-version":[{"id":40887,"href":"https:\/\/www.czechcyclingfederation.com\/en\/wp-json\/wp\/v2\/posts\/40885\/revisions\/40887"}],"wp:featuredmedia":[{"embeddable":true,"href":"https:\/\/www.czechcyclingfederation.com\/en\/wp-json\/wp\/v2\/media\/40886"}],"wp:attachment":[{"href":"https:\/\/www.czechcyclingfederation.com\/en\/wp-json\/wp\/v2\/media?parent=40885"}],"wp:term":[{"taxonomy":"category","embeddable":true,"href":"https:\/\/www.czechcyclingfederation.com\/en\/wp-json\/wp\/v2\/categories?post=40885"},{"taxonomy":"post_tag","embeddable":true,"href":"https:\/\/www.czechcyclingfederation.com\/en\/wp-json\/wp\/v2\/tags?post=40885"}],"curies":[{"name":"wp","href":"https:\/\/api.w.org\/{rel}","templated":true}]}}