{"id":40879,"date":"2026-04-27T13:47:53","date_gmt":"2026-04-27T11:47:53","guid":{"rendered":"https:\/\/www.czechcyclingfederation.com\/?p=40879"},"modified":"2026-04-27T13:47:55","modified_gmt":"2026-04-27T11:47:55","slug":"stribro-cermanove-podtrhlo-paradni-predstaveni-juniorek-na-zeelandu","status":"publish","type":"post","link":"https:\/\/www.czechcyclingfederation.com\/en\/stribro-cermanove-podtrhlo-paradni-predstaveni-juniorek-na-zeelandu\/","title":{"rendered":"St\u0159\u00edbro Cermanov\u00e9 podtrhlo par\u00e1dn\u00ed p\u0159edstaven\u00ed juniorek na Zeelandu"},"content":{"rendered":"\n<p>Jedno um\u00edst\u011bn\u00ed na stupn\u00edch v\u00edt\u011bz\u016f a dal\u0161\u00ed dv\u011b pozice v elitn\u00ed dvac\u00edtce vybojovaly \u010desk\u00e9 juniorsk\u00e9 reprezentantky v sili\u010dn\u00ed cyklistice p\u0159i z\u00e1vod\u011b EPZ Omloop van Borsele v Nizozemsku. Celkov\u00e9 v\u00edt\u011bzstv\u00ed v t\u0159i dny trvaj\u00edc\u00ed etapov\u00e9 bitv\u011b slavila polsk\u00e1 juniorka Okrucinsk\u00e1. Nejlep\u0161\u00ed z \u010desk\u00fdch reprezentantek v absolutn\u00edm po\u0159ad\u00ed byla devaten\u00e1ct\u00e1 Linda S\u00edtkov\u00e1.<\/p>\n\n\n\n<p>&#8220;Holky p\u0159edvedly super v\u00fdkony. Pro reprezenta\u010dn\u00ed v\u00fdb\u011br juniorek \u0161lo v leto\u0161n\u00edm roce o prvn\u00ed etapov\u00e9 p\u0159edstaven\u00ed. A rozhodn\u011b se jednalo o t\u0159i dny poveden\u00e9 pr\u00e1ce,&#8221; chv\u00e1lil t\u00fdm Vojt\u011bch \u0158epa, kter\u00fd doprov\u00e1zel t\u00fdm na z\u00e1pad\u011b Nizozemska jako sportovn\u00ed \u0159editel.<\/p>\n\n\n\n<p>V \u00favodn\u00ed \u010dasovce na 14 kilometr\u016f dojela sedmn\u00e1ctilet\u00e1 Linda S\u00edtkov\u00e1 na dvaadvac\u00e1t\u00e9 pozici. V druh\u00e9m rovinat\u00e9m d\u011bjstv\u00ed dlouh\u00e9m 72,9 kilometr\u016f dojela Karol\u00edna \u0160picarov\u00e1 t\u0159in\u00e1ct\u00e1. V z\u00e1v\u011bre\u010dn\u00e9m d\u011bjstv\u00ed (70,4 km) se pak o triumf do posledn\u00edch milimetr\u016f prala osmn\u00e1ctilet\u00e1 Antonie Cermanov\u00e1, kter\u00e1 se nakonec musela spokojit s druhou p\u0159\u00ed\u010dkou t\u011bsn\u011b za v\u00edt\u011bznou Italkou Campanovou.<\/p>\n\n\n\n<p>&#8220;\u010cekal jsem, \u017ee Nizozemsko bude mnohem n\u00e1ro\u010dn\u011bj\u0161\u00ed a p\u0159\u00edsn\u011bj\u0161\u00ed z hlediska podm\u00ednek. Ale panovalo bezv\u011bt\u0159\u00ed a kr\u00e1sn\u00e9 slune\u010dn\u00e9 po\u010das\u00ed,&#8221; p\u0159ibl\u00ed\u017eil podm\u00ednky z\u00e1vodu v m\u011bste\u010dku s-Heerenhoek v provincii Zeeland na z\u00e1pad\u011b Nizozemska Vojt\u011bch \u0158epa.<\/p>\n\n\n\n<p>&#8220;Jsem r\u00e1d, \u017ee holky dostaly p\u0159\u00edle\u017eitost takov\u00fd z\u00e1vod absolvovat. V dom\u00e1c\u00edch podm\u00ednk\u00e1ch nemaj\u00ed holky \u0161anci si souboje na takov\u00fdch cest\u00e1ch vyzkou\u0161et. Byly to typick\u00e9 \u00fazk\u00e9 nizozemsk\u00e9 silni\u010dky. A pokud chceme usp\u011bt na mezin\u00e1rodn\u00ed sc\u00e9n\u011b v budoucnosti, je to velmi d\u016fle\u017eit\u00e1 konfrontace,&#8221; vysv\u011btloval Vojt\u011bch \u0158epa.<\/p>\n\n\n\n<p>&#8220;Linda S\u00edtkov\u00e1 zajela kvalitn\u00ed \u010das v individu\u00e1ln\u00ed \u010dasovce, kter\u00e1 z\u00e1vod zahajovala. Cht\u011bli jsme tro\u0161ku v\u00edce v druh\u00e9 etap\u011b. Ale n\u00e1\u0161 vl\u00e1\u010dek se tro\u0161ku rozpadl a byl zav\u0159en\u00fd, tak\u017ee nejlep\u0161\u00ed um\u00edst\u011bn\u00ed brala K\u00e1ja \u0160picarov\u00e1. V z\u00e1v\u011bre\u010dn\u00e9m d\u011bjstv\u00ed holky odvedly velice dobrou pr\u00e1ci. V\u00fdsledkem bylo t\u011bsn\u011b druh\u00e9 m\u00edsto Cermanov\u00e9, co\u017e je par\u00e1dn\u00ed v\u00fdsledek,&#8221; vyzdvihl p\u0159edstaven\u00ed v t\u0159et\u00ed etap\u011b Vojt\u011bch \u0158epa.<\/p>\n\n\n\n<p>&#8220;Vyhnuly se n\u00e1m p\u00e1dy i onemocn\u011bn\u00ed. V\u00fdsledky byly v\u00e1\u017en\u011b vyda\u0159en\u00e9. Mus\u00edm vyzdvihnout vst\u0159\u00edcnost veden\u00ed \u010desk\u00e9 cyklistiky, \u017ee program pro juniorky spustilo. Jsem si jist\u00fd, \u017ee pro budoucnost jde o nedocenitelnou z\u00e1le\u017eitost,&#8221; podotkl Vojt\u011bch \u0158epa s vidinou dvoudenn\u00edho z\u00e1vodu ve Francii v polovin\u011b kv\u011btna.<\/p>\n\n\n\n<p><strong>EPZ Omloop van Borsele &#8211; kone\u010dn\u00e9 po\u0159ad\u00ed:<\/strong> <\/p>\n\n\n\n<p>1. Okrucinsk\u00e1 (Pol.\/Grouwels-Watersley R&amp;D) 3:51:49 hod., 2. Neirov\u00e1 (\u0160p.) +1, 3. Edwardsov\u00e1 (USA) +7, 19. S\u00edtkov\u00e1 +56, 25. Drhov\u00e1 +1:07 min., 38. \u0160picarov\u00e1 +1:27 min., 63. Cermanov\u00e1 +2 min., 76. Jiroutkov\u00e1 (v\u0161echny \u010cR) +2:56 min., 77. Rothbauerov\u00e1 (v\u0161. \u010cR, Grouwels-Watersley R&amp;D Road Team) +2:57 min.<\/p>\n","protected":false},"excerpt":{"rendered":"<p>Jedno um\u00edst\u011bn\u00ed na stupn\u00edch v\u00edt\u011bz\u016f a dal\u0161\u00ed dv\u011b pozice v elitn\u00ed dvac\u00edtce vybojovaly \u010desk\u00e9 juniorsk\u00e9 reprezentantky v sili\u010dn\u00ed cyklistice p\u0159i z\u00e1vod\u011b EPZ Omloop van Borsele v Nizozemsku. Celkov\u00e9 v\u00edt\u011bzstv\u00ed v t\u0159i dny trvaj\u00edc\u00ed etapov\u00e9 bitv\u011b slavila polsk\u00e1 juniorka Okrucinsk\u00e1. Nejlep\u0161\u00ed z \u010desk\u00fdch reprezentantek v absolutn\u00edm po\u0159ad\u00ed byla devaten\u00e1ct\u00e1 Linda S\u00edtkov\u00e1. &#8220;Holky p\u0159edvedly super v\u00fdkony. Pro [&hellip;]<\/p>\n","protected":false},"author":30,"featured_media":40880,"comment_status":"closed","ping_status":"open","sticky":false,"template":"","format":"standard","meta":{"footnotes":""},"categories":[451,18,3],"tags":[11],"class_list":{"0":"post-40879","1":"post","2":"type-post","3":"status-publish","4":"format-standard","5":"has-post-thumbnail","6":"hentry","7":"category-silnice","9":"category-vip","10":"tag-silnice"},"_links":{"self":[{"href":"https:\/\/www.czechcyclingfederation.com\/en\/wp-json\/wp\/v2\/posts\/40879","targetHints":{"allow":["GET"]}}],"collection":[{"href":"https:\/\/www.czechcyclingfederation.com\/en\/wp-json\/wp\/v2\/posts"}],"about":[{"href":"https:\/\/www.czechcyclingfederation.com\/en\/wp-json\/wp\/v2\/types\/post"}],"author":[{"embeddable":true,"href":"https:\/\/www.czechcyclingfederation.com\/en\/wp-json\/wp\/v2\/users\/30"}],"replies":[{"embeddable":true,"href":"https:\/\/www.czechcyclingfederation.com\/en\/wp-json\/wp\/v2\/comments?post=40879"}],"version-history":[{"count":1,"href":"https:\/\/www.czechcyclingfederation.com\/en\/wp-json\/wp\/v2\/posts\/40879\/revisions"}],"predecessor-version":[{"id":40881,"href":"https:\/\/www.czechcyclingfederation.com\/en\/wp-json\/wp\/v2\/posts\/40879\/revisions\/40881"}],"wp:featuredmedia":[{"embeddable":true,"href":"https:\/\/www.czechcyclingfederation.com\/en\/wp-json\/wp\/v2\/media\/40880"}],"wp:attachment":[{"href":"https:\/\/www.czechcyclingfederation.com\/en\/wp-json\/wp\/v2\/media?parent=40879"}],"wp:term":[{"taxonomy":"category","embeddable":true,"href":"https:\/\/www.czechcyclingfederation.com\/en\/wp-json\/wp\/v2\/categories?post=40879"},{"taxonomy":"post_tag","embeddable":true,"href":"https:\/\/www.czechcyclingfederation.com\/en\/wp-json\/wp\/v2\/tags?post=40879"}],"curies":[{"name":"wp","href":"https:\/\/api.w.org\/{rel}","templated":true}]}}