{"id":40843,"date":"2026-04-26T18:01:41","date_gmt":"2026-04-26T16:01:41","guid":{"rendered":"https:\/\/www.czechcyclingfederation.com\/?p=40843"},"modified":"2026-04-27T06:05:14","modified_gmt":"2026-04-27T04:05:14","slug":"neuzil-a-kosarkova-na-podiu-pri-ep-v-bmx","status":"publish","type":"post","link":"https:\/\/www.czechcyclingfederation.com\/en\/neuzil-a-kosarkova-na-podiu-pri-ep-v-bmx\/","title":{"rendered":"Neu\u017eil a Ko\u0161\u00e1rkov\u00e1 na p\u00f3diu p\u0159i EP v\u00a0BMX"},"content":{"rendered":"\n<p>I druh\u00fd den Evropsk\u00e9ho poh\u00e1ru v&nbsp;BMX na dom\u00e1c\u00ed p\u016fd\u011b v&nbsp;Ben\u00e1tk\u00e1ch nad Jizerou vy\u0161el \u010desk\u00fdm reprezentant\u016fm na jedni\u010dku, kdy\u017e vybojovali dv\u011b p\u00f3diov\u00e1 um\u00edst\u011bn\u00ed.<\/p>\n\n\n\n<p><strong>Marek Neu\u017eil<\/strong> skon\u010dil t\u0159et\u00ed v&nbsp;z\u00e1vod\u011b mu\u017esk\u00e9 Elity, <strong>Sabina Ko\u0161\u00e1rkov\u00e1<\/strong> vystoupila podruh\u00e9 b\u011bhem dvou dn\u00ed na stupn\u011b v\u00edt\u011bz\u016f, kdy\u017e po sobotn\u00edm druh\u00e9m m\u00edst\u011b v&nbsp;kategorii \u017een U23 dojela v&nbsp;ned\u011bli t\u0159et\u00ed.<\/p>\n\n\n\n<figure class=\"wp-block-image size-large\"><img loading=\"lazy\" decoding=\"async\" width=\"1024\" height=\"683\" src=\"https:\/\/www.czechcyclingfederation.com\/wp-content\/uploads\/2026\/04\/mraky-bmx-1024x683.jpg\" alt=\"\" class=\"wp-image-40851\" srcset=\"https:\/\/www.czechcyclingfederation.com\/wp-content\/uploads\/2026\/04\/mraky-bmx-1024x683.jpg 1024w, https:\/\/www.czechcyclingfederation.com\/wp-content\/uploads\/2026\/04\/mraky-bmx-300x200.jpg 300w, https:\/\/www.czechcyclingfederation.com\/wp-content\/uploads\/2026\/04\/mraky-bmx-768x512.jpg 768w, https:\/\/www.czechcyclingfederation.com\/wp-content\/uploads\/2026\/04\/mraky-bmx-1536x1024.jpg 1536w, https:\/\/www.czechcyclingfederation.com\/wp-content\/uploads\/2026\/04\/mraky-bmx-2048x1365.jpg 2048w, https:\/\/www.czechcyclingfederation.com\/wp-content\/uploads\/2026\/04\/mraky-bmx-1320x880.jpg 1320w\" sizes=\"auto, (max-width: 1024px) 100vw, 1024px\" \/><\/figure>\n\n\n\n<p>Fin\u00e1lov\u00e9 j\u00edzdy si u\u017eili i <strong>Viktor Old\u0159ich Chudoba<\/strong>, kter\u00fd byl mezi mu\u017ei U23 sedm\u00fd, juniorka <strong>Elen Lapkov\u00e1<\/strong> (8.), v&nbsp;kategorii Boys 15\/16 <strong>Mat\u011bj Pavka <\/strong>(4.) a <strong>Dominik R\u00e1li\u0161<\/strong> (8.), v&nbsp;kategorii Girls 15\/16 <strong>\u0160t\u011bp\u00e1nka Fremlov\u00e1 <\/strong>(7.) a <strong>Veronika \u017d\u00e1\u010dkov\u00e1<\/strong> (8.).<\/p>\n\n\n\n<p>Marek Neu\u017eil vybojoval vysn\u011bn\u00e9 stupn\u011b v\u00edt\u011bz\u016f v&nbsp;elitn\u00ed kategorii. <em>\u201eFin\u00e1le pro m\u011b byl velk\u00fd \u0161ok i obrovsk\u00fd \u00fasp\u011bch. Cht\u011bl jsem si to maxim\u00e1ln\u011b u\u017e\u00edt. Kdy\u017e jsem se ve druh\u00e9 zat\u00e1\u010dce ocitl na t\u0159et\u00edm m\u00edst\u011b, tak jsem doufal, \u017ee to udr\u017e\u00edm a povedlo se,\u201c<\/em> \u0159ekl Neu\u017eil, kter\u00fd z\u00e1vod\u00ed za t\u00fdm pod hlavi\u010dkou UCI v&nbsp;Aigle.<\/p>\n\n\n\n<figure class=\"wp-block-image size-large\"><img loading=\"lazy\" decoding=\"async\" width=\"1024\" height=\"683\" src=\"https:\/\/www.czechcyclingfederation.com\/wp-content\/uploads\/2026\/04\/neuzil-jizda-1024x683.jpg\" alt=\"\" class=\"wp-image-40849\" srcset=\"https:\/\/www.czechcyclingfederation.com\/wp-content\/uploads\/2026\/04\/neuzil-jizda-1024x683.jpg 1024w, https:\/\/www.czechcyclingfederation.com\/wp-content\/uploads\/2026\/04\/neuzil-jizda-300x200.jpg 300w, https:\/\/www.czechcyclingfederation.com\/wp-content\/uploads\/2026\/04\/neuzil-jizda-768x512.jpg 768w, https:\/\/www.czechcyclingfederation.com\/wp-content\/uploads\/2026\/04\/neuzil-jizda-1536x1024.jpg 1536w, https:\/\/www.czechcyclingfederation.com\/wp-content\/uploads\/2026\/04\/neuzil-jizda-2048x1365.jpg 2048w, https:\/\/www.czechcyclingfederation.com\/wp-content\/uploads\/2026\/04\/neuzil-jizda-1320x880.jpg 1320w\" sizes=\"auto, (max-width: 1024px) 100vw, 1024px\" \/><\/figure>\n\n\n\n<p>P\u016fsoben\u00ed v n\u011bm si nem\u016f\u017ee vynachv\u00e1lit. <em>\u201eM\u011bli jsme dobrou zimn\u00ed p\u0159\u00edpravu i dobr\u00fd tr\u00e9ninkov\u00fd blok p\u0159ed z\u00e1vody a dok\u00e1zal jsem to prodat. Doma m\u00e1 \u010dlov\u011bk v\u017edycky v\u011bt\u0161\u00ed motivaci a m\u00e1m radost, \u017ee to vy\u0161lo zrovna tady, kdy\u017e jsem p\u0159i z\u00e1vod\u011b sly\u0161el fandit rodi\u010de nebo kamar\u00e1dy. To m\u011b hnalo dop\u0159edu a moc jsem si to u\u017eil, D\u011bkuju v\u0161em za podporu, moc si toho v\u00e1\u017e\u00edm,\u201c <\/em>prozradil Neu\u017eil.<\/p>\n\n\n\n<p>Hodn\u011b spokojena byla i <strong>Sabina Ko\u0161\u00e1rkov\u00e1.<\/strong> <em>\u201eFin\u00e1lov\u00e1 j\u00edzda pro m\u011b byla skv\u011bl\u00e1, stejn\u011b jako v&nbsp;sobotu se mi povedl start. Nav\u00edc jsem jako jedin\u00e1 sko\u010dila prvn\u00ed dva skoky, tak\u017ee jsem byla moc r\u00e1da. Pak u\u017e jsem si jen hl\u00eddala t\u0159et\u00ed m\u00edsto. Mohlo to b\u00fdt i lep\u0161\u00ed, ale po tom zran\u011bn\u00ed ruky mus\u00edm b\u00fdt spokojena,\u201c <\/em>\u0159ekla Ko\u0161\u00e1rkov\u00e1.<\/p>\n\n\n\n<figure class=\"wp-block-image size-large\"><img loading=\"lazy\" decoding=\"async\" width=\"1024\" height=\"683\" src=\"https:\/\/www.czechcyclingfederation.com\/wp-content\/uploads\/2026\/04\/sabina-bedna-1-1024x683.jpg\" alt=\"\" class=\"wp-image-40855\" srcset=\"https:\/\/www.czechcyclingfederation.com\/wp-content\/uploads\/2026\/04\/sabina-bedna-1-1024x683.jpg 1024w, https:\/\/www.czechcyclingfederation.com\/wp-content\/uploads\/2026\/04\/sabina-bedna-1-300x200.jpg 300w, https:\/\/www.czechcyclingfederation.com\/wp-content\/uploads\/2026\/04\/sabina-bedna-1-768x512.jpg 768w, https:\/\/www.czechcyclingfederation.com\/wp-content\/uploads\/2026\/04\/sabina-bedna-1-1536x1024.jpg 1536w, https:\/\/www.czechcyclingfederation.com\/wp-content\/uploads\/2026\/04\/sabina-bedna-1-2048x1366.jpg 2048w, https:\/\/www.czechcyclingfederation.com\/wp-content\/uploads\/2026\/04\/sabina-bedna-1-1320x880.jpg 1320w\" sizes=\"auto, (max-width: 1024px) 100vw, 1024px\" \/><\/figure>\n\n\n\n<p><em>\u201eMoje posledn\u00ed p\u0159\u00edprava prob\u00edhala jen doma, kdy jsem tr\u00e9novala jen v&nbsp;posilovn\u011b a na wattbiku, proto\u017ee jsem m\u011bla dlahu, ale jinak jsem p\u0159es zimu byla op\u011bt v&nbsp;Austr\u00e1lii, ka\u017ed\u00fd den jsem byla na trati a dalo mi to stra\u0161n\u011b moc do sezony,\u201c<\/em> dodala.<\/p>\n\n\n\n<p><em>\u201eKlobouk dol\u016f, co se povedlo M\u00e1rovi v\u00a0elit\u011b. Je to je\u0161t\u011b t\u0159iadvac\u00edtk\u00e1\u0159. Sabina znovu potvrdila formu, te\u010f je pot\u0159eba je\u0161t\u011b stoprocentn\u011b dol\u00e9\u010dit tu ruku. Jinak by ty v\u00fdsledky jej\u00ed v\u00fdsledky tady byly je\u0161t\u011b lep\u0161\u00ed,\u201c <\/em>hodnotil reprezenta\u010dn\u00ed tren\u00e9r <strong>Luk\u00e1\u0161 Tamme<\/strong>.<\/p>\n\n\n\n<p><em>\u201ePochvalu ur\u010dit\u011b zaslou\u017e\u00ed i Viktor Old\u0159ich Chudoba za fin\u00e1le v&nbsp;U23, kde je prvn\u00edm rokem. Fin\u00e1le ze soboty zopakovala Elen Lapkov\u00e1, ale nevy\u0161el j\u00ed start. Vyzdvihl bych je\u0161t\u011b Mat\u011bje Badan\u00edka, kter\u00fd se mezi juniory probojoval do semifin\u00e1le. Je to prvoro\u010d\u00e1k, ale popral se s&nbsp;t\u00edm velmi dob\u0159e. Ur\u010dit\u011b je to hodn\u011b nad\u011bjn\u00fd z\u00e1vodn\u00edk do budoucna,\u201c<\/em> dodal Tamme.<\/p>\n\n\n\n<p>Foto: Filip Bezd\u011bk<\/p>\n","protected":false},"excerpt":{"rendered":"<p>I druh\u00fd den Evropsk\u00e9ho poh\u00e1ru v&nbsp;BMX na dom\u00e1c\u00ed p\u016fd\u011b v&nbsp;Ben\u00e1tk\u00e1ch nad Jizerou vy\u0161el \u010desk\u00fdm reprezentant\u016fm na jedni\u010dku, kdy\u017e vybojovali dv\u011b p\u00f3diov\u00e1 um\u00edst\u011bn\u00ed. Marek Neu\u017eil skon\u010dil t\u0159et\u00ed v&nbsp;z\u00e1vod\u011b mu\u017esk\u00e9 Elity, Sabina Ko\u0161\u00e1rkov\u00e1 vystoupila podruh\u00e9 b\u011bhem dvou dn\u00ed na stupn\u011b v\u00edt\u011bz\u016f, kdy\u017e po sobotn\u00edm druh\u00e9m m\u00edst\u011b v&nbsp;kategorii \u017een U23 dojela v&nbsp;ned\u011bli t\u0159et\u00ed. Fin\u00e1lov\u00e9 j\u00edzdy si u\u017eili i [&hellip;]<\/p>\n","protected":false},"author":15,"featured_media":40845,"comment_status":"closed","ping_status":"open","sticky":false,"template":"","format":"standard","meta":{"footnotes":""},"categories":[57,4,2],"tags":[55],"class_list":["post-40843","post","type-post","status-publish","format-standard","has-post-thumbnail","hentry","category-bmx","category-no-vip","category-novinky","tag-bmx"],"_links":{"self":[{"href":"https:\/\/www.czechcyclingfederation.com\/en\/wp-json\/wp\/v2\/posts\/40843","targetHints":{"allow":["GET"]}}],"collection":[{"href":"https:\/\/www.czechcyclingfederation.com\/en\/wp-json\/wp\/v2\/posts"}],"about":[{"href":"https:\/\/www.czechcyclingfederation.com\/en\/wp-json\/wp\/v2\/types\/post"}],"author":[{"embeddable":true,"href":"https:\/\/www.czechcyclingfederation.com\/en\/wp-json\/wp\/v2\/users\/15"}],"replies":[{"embeddable":true,"href":"https:\/\/www.czechcyclingfederation.com\/en\/wp-json\/wp\/v2\/comments?post=40843"}],"version-history":[{"count":6,"href":"https:\/\/www.czechcyclingfederation.com\/en\/wp-json\/wp\/v2\/posts\/40843\/revisions"}],"predecessor-version":[{"id":40869,"href":"https:\/\/www.czechcyclingfederation.com\/en\/wp-json\/wp\/v2\/posts\/40843\/revisions\/40869"}],"wp:featuredmedia":[{"embeddable":true,"href":"https:\/\/www.czechcyclingfederation.com\/en\/wp-json\/wp\/v2\/media\/40845"}],"wp:attachment":[{"href":"https:\/\/www.czechcyclingfederation.com\/en\/wp-json\/wp\/v2\/media?parent=40843"}],"wp:term":[{"taxonomy":"category","embeddable":true,"href":"https:\/\/www.czechcyclingfederation.com\/en\/wp-json\/wp\/v2\/categories?post=40843"},{"taxonomy":"post_tag","embeddable":true,"href":"https:\/\/www.czechcyclingfederation.com\/en\/wp-json\/wp\/v2\/tags?post=40843"}],"curies":[{"name":"wp","href":"https:\/\/api.w.org\/{rel}","templated":true}]}}