{"id":4083,"date":"2021-04-28T12:19:50","date_gmt":"2021-04-28T10:19:50","guid":{"rendered":"https:\/\/www.czechcyclingfederation.com\/?p=4083"},"modified":"2021-04-28T12:19:50","modified_gmt":"2021-04-28T10:19:50","slug":"revidovany-maratonsky-kalendar-uci","status":"publish","type":"post","link":"https:\/\/www.czechcyclingfederation.com\/en\/revidovany-maratonsky-kalendar-uci\/","title":{"rendered":"Revidovan\u00fd maratonsk\u00fd kalend\u00e1\u0159 UCI"},"content":{"rendered":"\n<p>Mezin\u00e1rodn\u00ed cyklistick\u00e1 unie (UCI) zve\u0159ejnila revidovan\u00fd maratonsk\u00fd kalend\u00e1\u0159 pro leo\u0161n\u00ed rok.<\/p>\n\n\n\n<p>Bike Marathon Series byla revidov\u00e1na kv\u016fli pandemii Covid-19 a v leto\u0161n\u00edm roce bude m\u00edt nov\u00fd form\u00e1t, skl\u00e1dat se bude z osmi kol, kter\u00e9 se pojedou v sedmi zem\u00edch. S\u00e9rie bude zahrnovat \u0161est jednodenn\u00edch akc\u00ed a dva etapov\u00e9 z\u00e1vody.<\/p>\n\n\n\n<p>Seri\u00e1l otev\u0159e 17. kv\u011btna z\u00e1vod ve \u0161pan\u011blsk\u00e9 C\u00f3rdob\u011b (\u0160pan\u011blsko) a o p\u011bt m\u011bs\u00edc\u016f pozd\u011bji bude zakon\u010den v Kapsk\u00e9m M\u011bst\u011b v Jihoafrick\u00e9 republice. \u00da\u010dast na z\u00e1vodech nebude omezena, s\u00e9rie bude i nad\u00e1le kvalifikac\u00ed na mistrovstv\u00ed sv\u011bta v maratonu.<\/p>\n\n\n\n<p>Upraven\u00fd kalend\u00e1\u0159 Mountain Bike Marathon Series:<\/p>\n\n\n\n<p>17. \u2013 22. kv\u011btna: Andaluc\u00eda Bike Race (\u0160p.)<\/p>\n\n\n\n<p>12. \u010dervna: Hero S\u00fcdtirol Dolomites (Val Gardena\/It.)<\/p>\n\n\n\n<p>1. srpna: Sakarya (Tur.)<\/p>\n\n\n\n<p>21. srpna: MTB Alpine Cup &#8211; Verbier and Grimentz (\u0160v\u00fdc.)<\/p>\n\n\n\n<p>12. z\u00e1\u0159\u00ed: La Foresti\u00e8re &#8211; Les Moussi\u00e8res-Arbent (Fr.)<\/p>\n\n\n\n<p>26. z\u00e1\u0159\u00ed: Bike Marathon Jelenia G\u00f3ra (Pol.)<\/p>\n\n\n\n<p>8. \u0159\u00edjna: Roc d\u2019Azur &#8211; Fr\u00e9jus (Fr.)<\/p>\n\n\n\n<p>17. &#8211; 24. \u0159\u00edjna: Absa Cape Epic (JAR).<\/p>\n\n\n\n<p>FOTO Eduard Erben<\/p>\n","protected":false},"excerpt":{"rendered":"<p>Mezin\u00e1rodn\u00ed cyklistick\u00e1 unie (UCI) zve\u0159ejnila revidovan\u00fd maratonsk\u00fd kalend\u00e1\u0159 pro leo\u0161n\u00ed rok. Bike Marathon Series byla revidov\u00e1na kv\u016fli pandemii Covid-19 a v leto\u0161n\u00edm roce bude m\u00edt nov\u00fd form\u00e1t, skl\u00e1dat se bude z osmi kol, kter\u00e9 se pojedou v sedmi zem\u00edch. S\u00e9rie bude zahrnovat \u0161est jednodenn\u00edch akc\u00ed a dva etapov\u00e9 z\u00e1vody. Seri\u00e1l otev\u0159e 17. kv\u011btna z\u00e1vod ve [&hellip;]<\/p>\n","protected":false},"author":8,"featured_media":4084,"comment_status":"closed","ping_status":"open","sticky":false,"template":"","format":"standard","meta":{"footnotes":""},"categories":[6,2],"tags":[10],"class_list":["post-4083","post","type-post","status-publish","format-standard","has-post-thumbnail","hentry","category-mtb","category-novinky","tag-mtb"],"_links":{"self":[{"href":"https:\/\/www.czechcyclingfederation.com\/en\/wp-json\/wp\/v2\/posts\/4083","targetHints":{"allow":["GET"]}}],"collection":[{"href":"https:\/\/www.czechcyclingfederation.com\/en\/wp-json\/wp\/v2\/posts"}],"about":[{"href":"https:\/\/www.czechcyclingfederation.com\/en\/wp-json\/wp\/v2\/types\/post"}],"author":[{"embeddable":true,"href":"https:\/\/www.czechcyclingfederation.com\/en\/wp-json\/wp\/v2\/users\/8"}],"replies":[{"embeddable":true,"href":"https:\/\/www.czechcyclingfederation.com\/en\/wp-json\/wp\/v2\/comments?post=4083"}],"version-history":[{"count":1,"href":"https:\/\/www.czechcyclingfederation.com\/en\/wp-json\/wp\/v2\/posts\/4083\/revisions"}],"predecessor-version":[{"id":4085,"href":"https:\/\/www.czechcyclingfederation.com\/en\/wp-json\/wp\/v2\/posts\/4083\/revisions\/4085"}],"wp:featuredmedia":[{"embeddable":true,"href":"https:\/\/www.czechcyclingfederation.com\/en\/wp-json\/wp\/v2\/media\/4084"}],"wp:attachment":[{"href":"https:\/\/www.czechcyclingfederation.com\/en\/wp-json\/wp\/v2\/media?parent=4083"}],"wp:term":[{"taxonomy":"category","embeddable":true,"href":"https:\/\/www.czechcyclingfederation.com\/en\/wp-json\/wp\/v2\/categories?post=4083"},{"taxonomy":"post_tag","embeddable":true,"href":"https:\/\/www.czechcyclingfederation.com\/en\/wp-json\/wp\/v2\/tags?post=4083"}],"curies":[{"name":"wp","href":"https:\/\/api.w.org\/{rel}","templated":true}]}}