{"id":40826,"date":"2026-04-26T13:28:50","date_gmt":"2026-04-26T11:28:50","guid":{"rendered":"https:\/\/www.czechcyclingfederation.com\/?p=40826"},"modified":"2026-04-26T13:37:10","modified_gmt":"2026-04-26T11:37:10","slug":"bukovska-vybojovala-v-haimingu-stribro-v-juniorske-svetove-serii","status":"publish","type":"post","link":"https:\/\/www.czechcyclingfederation.com\/en\/bukovska-vybojovala-v-haimingu-stribro-v-juniorske-svetove-serii\/","title":{"rendered":"Bukovsk\u00e1 vybojovala v Haimingu st\u0159\u00edbro v Juniorsk\u00e9 sv\u011btov\u00e9 s\u00e9rii"},"content":{"rendered":"\n<p><strong>V rakousk\u00e9m Haimingu odstartoval o v\u00edkendu nabit\u00fd program mezin\u00e1rodn\u00edch z\u00e1vod\u016f horsk\u00fdch kol, kde se p\u0159edstavili \u010de\u0161t\u00ed reprezentanti v r\u00e1mci Juniorsk\u00e9 sv\u011btov\u00e9 s\u00e9rie a z\u00e1vodu kategorie HC UCI. \u010cesk\u00fd t\u00fdm zaznamenal n\u011bkolik hodnotn\u00fdch v\u00fdsledk\u016f, p\u0159edev\u0161\u00edm v juniorsk\u00fdch kategori\u00edch a mezi \u017eenami do 23 let.<\/strong><\/p>\n\n\n\n<p>Nejv\u011bt\u0161\u00edho \u00fasp\u011bchu dos\u00e1hla juniorka Barbora Bukovsk\u00e1, kter\u00e1 v z\u00e1vod\u011b Juniorsk\u00e9 sv\u011btov\u00e9 s\u00e9rie vybojovala v\u00fdborn\u00e9 2. m\u00edsto a potvrdila svou rostouc\u00ed formu v mezin\u00e1rodn\u00ed konkurenci. Dal\u0161\u00ed \u010desk\u00e1 reprezentantka Lucie Grohov\u00e1 dokon\u010dila z\u00e1vod na 12. m\u00edst\u011b a sv\u016fj premi\u00e9rov\u00fd start v Juniorsk\u00e9 sv\u011btov\u00e9 s\u00e9rii absolvovala Just\u00fdna Novotn\u00e1, je\u017e dojela na 18. pozici.<\/p>\n\n\n\n<p>Velmi dob\u0159e si vedly tak\u00e9 \u010desk\u00e9 z\u00e1vodnice v kategorii \u017een do 23 let v r\u00e1mci z\u00e1vodu HC UCI. Eli\u0161ka Han\u00e1kov\u00e1 obsadila 8. m\u00edsto a Am\u00e1lie Gottwaldov\u00e1 p\u0159i sv\u00e9 premi\u00e9\u0159e v takto vysoce hodnocen\u00e9m podniku vybojovala cennou 10. p\u0159\u00ed\u010dku. Ob\u011b z\u00e1vodnice si z Haimingu odv\u00e1\u017eej\u00ed d\u016fle\u017eit\u00e9 body do mezin\u00e1rodn\u00edho \u017eeb\u0159\u00ed\u010dku.<\/p>\n\n\n\n<p>V elitn\u00ed kategorii \u017een dojela Jitka \u010c\u00e1belick\u00e1 na 11. m\u00edst\u011b a Tereza Tvar\u016f\u017ekov\u00e1 obsadila 15. pozici.<\/p>\n\n\n\n<p>Mu\u017esk\u00e1 \u010d\u00e1st \u010desk\u00e9 reprezentace tentokr\u00e1t na v\u00fdrazn\u011bj\u0161\u00ed bodovan\u00e9 v\u00fdsledky nedos\u00e1hla. V kategorii Elite z\u00edskal Jan Zatloukal body za 18. m\u00edsto. V kategorii mu\u017e\u016f do 23 let obsadil Patrik \u010cern\u00fd 27. p\u0159\u00ed\u010dku a Ond\u0159ej Novotn\u00fd sv\u016fj z\u00e1vod nedokon\u010dil.<\/p>\n\n\n\n<p>Silnou mezin\u00e1rodn\u00ed konkurenci poc\u00edtili tak\u00e9 \u010de\u0161t\u00ed junio\u0159i v z\u00e1vod\u011b Juniorsk\u00e9 sv\u011btov\u00e9 s\u00e9rie. Nejbl\u00ed\u017ee bodovan\u00fdm pozic\u00edm byl prvoro\u010d\u00e1k Ond\u0159ej Plic na 28. m\u00edst\u011b. Patrik Pokorn\u00fd dokon\u010dil z\u00e1vod na 39. p\u0159\u00ed\u010dce a Radim K\u0159iva obsadil 55. m\u00edsto.<\/p>\n\n\n\n<p><em>\u201eByl to velmi rychl\u00fd z\u00e1vod s velkou n\u00e1ro\u010dnost\u00ed a v siln\u00e9 mezin\u00e1rodn\u00ed konkurenci. Mus\u00edm pochv\u00e1lit zejm\u00e9na holky, jak juniorky, tak v kategorii U23, kter\u00e9 zvl\u00e1dly sv\u00e9 starty velmi dob\u0159e,\u201c<\/em> zhodnotil vystoupen\u00ed \u010desk\u00e9ho t\u00fdmu reprezenta\u010dn\u00ed tren\u00e9r Viktor Zapletal.<\/p>\n\n\n\n<p><em>\u201eHaiming je ale prvn\u00ed v dlouh\u00e9m a n\u00e1ro\u010dn\u00e9m programu, kter\u00fd tuto skupinu nyn\u00ed \u010dek\u00e1, v podstat\u011b a\u017e do za\u010d\u00e1tku srpna. U\u017e ve \u010dtvrtek se t\u00fdm sejde na soust\u0159ed\u011bn\u00ed techniky v Nov\u00e9m M\u011bst\u011b na Morav\u011b, n\u00e1sledovat budou dal\u0161\u00ed z\u00e1vody JWS a HC a dom\u00e1c\u00ed z\u00e1vod Sv\u011btov\u00e9ho poh\u00e1ru a Juniorsk\u00e9 sv\u011btov\u00e9 s\u00e9rie v Nov\u00e9m M\u011bst\u011b na Morav\u011b. Kv\u011btnov\u00fd program uzav\u0159e mistrovstv\u00ed \u010cesk\u00e9 republiky v short tracku v Praze Motole. N\u00e1sledn\u011b bude t\u00fdm pokra\u010dovat evropskou s\u00e9ri\u00ed z\u00e1vod\u016f Sv\u011btov\u00e9ho poh\u00e1ru a cel\u00fd blok vyvrchol\u00ed mistrovstv\u00edm Evropy ve \u0160v\u00fdcarsku na konci \u010dervence,\u201c <\/em>doplnil Viktor Zapletal.<\/p>\n\n\n\n<p><strong>V\u00fdsledky:&nbsp;<\/strong><\/p>\n\n\n\n<p><em>\u00d6tztaler Mountainbike Festival + UCI XCO Junior Series:<\/em><\/p>\n\n\n\n<p>Juniorky:<\/p>\n\n\n\n<p>1. Anja Grossmann (SUI, Trinity Racing) \u2013 1:02:47, <strong>2. Barbora Bukovsk\u00e1 (CZE) \u2013 1:04:33<\/strong>, 3. Eva Terpin (SLO) \u2013 1:04:49,\u2026 <strong>12. Lucie Grohov\u00e1 (CZE) \u2013 1:09:47, 18. Just\u00fdna Novotn\u00e1 (CZE) \u2013 1:11:27, 27. Nela V\u00e1vrov\u00e1 (CZE) \u2013 +1 kolo, 35. Andrea Vot\u00edpkov\u00e1 (CZE) \u2013 +2 kola, 38. Jolana Kroupov\u00e1 (CZE) \u2013 +2 kola<\/strong>.<\/p>\n\n\n\n<p>Mu\u017ei U23:<\/p>\n\n\n\n<p>1. Maks Alfred Barret Maunz (AUT, KTM Factory MTB Team) \u2013 1:23:12, 2. Sven Gerig (SUI) \u2013 1:23:26, 3. Lucas Teste (FRA, Decathlon Ford Racing Team) \u2013 1:23:35, \u2026 <strong>27. Patrik \u010cern\u00fd (CZE, Expres CZ \u2013 BMD Team Kol\u00edn) \u2013 +1 kolo, DNF Ond\u0159ej Novotn\u00fd (CZE)<\/strong>.<\/p>\n\n\n\n<p>\u017deny U23:<\/p>\n\n\n\n<p>1. Katrin Embacher (AUT, KTM Factory MTB Team) \u2013 1:24:11, 2. Anina Hutter (SUI) \u2013 1:25:19, 3. Tatiana Tournut (FRA) \u2013 1:28:07, \u2026 <strong>8. Eli\u0161ka Han\u00e1kov\u00e1 (CZE) \u2013 1:31:02, 10. Am\u00e1lie Gottwaldov\u00e1 (CZE) \u2013 1:31:30<\/strong>.<\/p>\n\n\n\n<p>\u017deny Elite:<\/p>\n\n\n\n<p>1. Alessandra Keller (SUI, Th\u00f6mus Maxon) \u2013 1:22:24, 2. Ginia Caluori (SUI) \u2013 1:24:52, 3. Ramona Forchini (SUI, BIXS Race Team) \u2013 1:25:10, \u2026 <strong>11. Jitka \u010c\u00e1belick\u00e1 (CZE, Cabtech Racing Team) \u2013 1:30:36, 15. Tereza Tvar\u016f\u017ekov\u00e1 (CZE) \u2013 +2 kola<\/strong>.<\/p>\n\n\n\n<p>Mu\u017ei Elite:<\/p>\n\n\n\n<p>1. Bjorn Riley (USA, Scott-SRAM MTB Racing Team) \u2013 1:18:12, 2. Lars Forster (SUI, Th\u00f6mus Maxon) \u2013 1:19:29, 3. Mario Bair (AUT, Cabtech Racing Team) \u2013 1:19:42, \u2026 <strong>18. Jan Zatloukal (CZE) \u2013 1:27:36, 26. Zden\u011bk Vobeck\u00fd (CZE) \u2013 +3 kola<\/strong>.<\/p>\n","protected":false},"excerpt":{"rendered":"<p>V rakousk\u00e9m Haimingu odstartoval o v\u00edkendu nabit\u00fd program mezin\u00e1rodn\u00edch z\u00e1vod\u016f horsk\u00fdch kol, kde se p\u0159edstavili \u010de\u0161t\u00ed reprezentanti v r\u00e1mci Juniorsk\u00e9 sv\u011btov\u00e9 s\u00e9rie a z\u00e1vodu kategorie HC UCI. \u010cesk\u00fd t\u00fdm zaznamenal n\u011bkolik hodnotn\u00fdch v\u00fdsledk\u016f, p\u0159edev\u0161\u00edm v juniorsk\u00fdch kategori\u00edch a mezi \u017eenami do 23 let. Nejv\u011bt\u0161\u00edho \u00fasp\u011bchu dos\u00e1hla juniorka Barbora Bukovsk\u00e1, kter\u00e1 v z\u00e1vod\u011b Juniorsk\u00e9 sv\u011btov\u00e9 s\u00e9rie [&hellip;]<\/p>\n","protected":false},"author":9,"featured_media":40827,"comment_status":"closed","ping_status":"open","sticky":false,"template":"","format":"standard","meta":{"footnotes":""},"categories":[6,3],"tags":[10],"class_list":["post-40826","post","type-post","status-publish","format-standard","has-post-thumbnail","hentry","category-mtb","category-vip","tag-mtb"],"_links":{"self":[{"href":"https:\/\/www.czechcyclingfederation.com\/en\/wp-json\/wp\/v2\/posts\/40826","targetHints":{"allow":["GET"]}}],"collection":[{"href":"https:\/\/www.czechcyclingfederation.com\/en\/wp-json\/wp\/v2\/posts"}],"about":[{"href":"https:\/\/www.czechcyclingfederation.com\/en\/wp-json\/wp\/v2\/types\/post"}],"author":[{"embeddable":true,"href":"https:\/\/www.czechcyclingfederation.com\/en\/wp-json\/wp\/v2\/users\/9"}],"replies":[{"embeddable":true,"href":"https:\/\/www.czechcyclingfederation.com\/en\/wp-json\/wp\/v2\/comments?post=40826"}],"version-history":[{"count":2,"href":"https:\/\/www.czechcyclingfederation.com\/en\/wp-json\/wp\/v2\/posts\/40826\/revisions"}],"predecessor-version":[{"id":40831,"href":"https:\/\/www.czechcyclingfederation.com\/en\/wp-json\/wp\/v2\/posts\/40826\/revisions\/40831"}],"wp:featuredmedia":[{"embeddable":true,"href":"https:\/\/www.czechcyclingfederation.com\/en\/wp-json\/wp\/v2\/media\/40827"}],"wp:attachment":[{"href":"https:\/\/www.czechcyclingfederation.com\/en\/wp-json\/wp\/v2\/media?parent=40826"}],"wp:term":[{"taxonomy":"category","embeddable":true,"href":"https:\/\/www.czechcyclingfederation.com\/en\/wp-json\/wp\/v2\/categories?post=40826"},{"taxonomy":"post_tag","embeddable":true,"href":"https:\/\/www.czechcyclingfederation.com\/en\/wp-json\/wp\/v2\/tags?post=40826"}],"curies":[{"name":"wp","href":"https:\/\/api.w.org\/{rel}","templated":true}]}}