{"id":4036,"date":"2021-04-21T15:43:52","date_gmt":"2021-04-21T13:43:52","guid":{"rendered":"https:\/\/www.czechcyclingfederation.com\/?p=4036"},"modified":"2021-04-26T10:22:00","modified_gmt":"2021-04-26T08:22:00","slug":"petr-marek-se-stal-predsedou-komise-mtb-pri-uec","status":"publish","type":"post","link":"https:\/\/www.czechcyclingfederation.com\/en\/petr-marek-se-stal-predsedou-komise-mtb-pri-uec\/","title":{"rendered":"Petr Marek se stal p\u0159edsedou komise MTB p\u0159i UEC"},"content":{"rendered":"\n<p>Dva \u010de\u0161t\u00ed z\u00e1stupci byli zvoleni do nov\u00fdch komis\u00ed Evropsk\u00e9 cyklistick\u00e9 unie (UEC). Po b\u0159eznov\u00fdch volb\u00e1ch vrcholn\u00fdch p\u0159edstavitel\u016f UEC rozhodla spr\u00e1vn\u00ed rada o slo\u017een\u00ed komis\u00ed r\u016fzn\u00fdch odv\u011btv\u00ed na roky 2021-2025. Prezident \u010cSC Petr Marek byl zvolen p\u0159edsedou komise UEC horsk\u00fdch kol a Veronika Kripnerov\u00e1 \u010dlenkou komise UEC pro s\u00e1lovou cyklistiku.<\/p>\n\n\n\n<p>&#8220;Zvolen\u00ed do tak v\u00fdznamn\u00e9 funkce m\u011b t\u011b\u0161\u00ed, ale znamen\u00e1 to dal\u0161\u00ed pr\u00e1ci. Na druhou stranu t\u00edm budu m\u00edt v\u00edce mo\u017enost\u00ed ovlivnit rozvoj t\u00e9to discipl\u00edny a tak\u00e9 p\u0159iveden\u00ed v\u00edce z\u00e1vod\u016f horsk\u00fdch kol na na\u0161e trat\u011b, ale to plat\u00ed i v p\u0159\u00edpad\u011b dal\u0161\u00edch discipl\u00edn. Ka\u017ed\u00e9 zastoupen\u00ed \u010desk\u00e9 cyklistiky v evropsk\u00fdch struktur\u00e1ch v\u00edt\u00e1m a v\u011b\u0159\u00edm, \u017ee by to mohlo na\u0161\u00ed cyklistice pomoci,&#8221; \u0159ekl Petr Marek, kter\u00fd se t\u00edm automaticky stal i \u010dlenem komise MTB UCI.<\/p>\n\n\n\n<p>Veden\u00ed UEC potvrdilo tak\u00e9 n\u011bkter\u00e9 term\u00edny. Mistrovstv\u00ed Evropy 2021 na dr\u00e1ze U23 a junior\u016f se uskute\u010dn\u00ed v nizozemsk\u00e9m Apeldoornu od 17. do 22. srpna a prvn\u00ed ME BMX Flatland ve dnech 3. a 4. \u010dervna v Bochumi v N\u011bmecku. Rovn\u011b\u017e UCI potvrdila dohodu s evropsk\u00fdm olympijsk\u00fdm v\u00fdborem o zahrnut\u00ed cross country a BMX Freestyle Park do programu Evropsk\u00fdch her v roce 2023 pl\u00e1novan\u00fdch do Krakova od 21. \u010dervna do 3. \u010dervence.<\/p>\n","protected":false},"excerpt":{"rendered":"<p>Dva \u010de\u0161t\u00ed z\u00e1stupci byli zvoleni do nov\u00fdch komis\u00ed Evropsk\u00e9 cyklistick\u00e9 unie (UEC). Po b\u0159eznov\u00fdch volb\u00e1ch vrcholn\u00fdch p\u0159edstavitel\u016f UEC rozhodla spr\u00e1vn\u00ed rada o slo\u017een\u00ed komis\u00ed r\u016fzn\u00fdch odv\u011btv\u00ed na roky 2021-2025. Prezident \u010cSC Petr Marek byl zvolen p\u0159edsedou komise UEC horsk\u00fdch kol a Veronika Kripnerov\u00e1 \u010dlenkou komise UEC pro s\u00e1lovou cyklistiku. &#8220;Zvolen\u00ed do tak v\u00fdznamn\u00e9 funkce m\u011b [&hellip;]<\/p>\n","protected":false},"author":8,"featured_media":3023,"comment_status":"closed","ping_status":"open","sticky":false,"template":"","format":"standard","meta":{"footnotes":""},"categories":[2,65],"tags":[119],"class_list":["post-4036","post","type-post","status-publish","format-standard","has-post-thumbnail","hentry","category-novinky","category-subdisciplina","tag-csc"],"_links":{"self":[{"href":"https:\/\/www.czechcyclingfederation.com\/en\/wp-json\/wp\/v2\/posts\/4036","targetHints":{"allow":["GET"]}}],"collection":[{"href":"https:\/\/www.czechcyclingfederation.com\/en\/wp-json\/wp\/v2\/posts"}],"about":[{"href":"https:\/\/www.czechcyclingfederation.com\/en\/wp-json\/wp\/v2\/types\/post"}],"author":[{"embeddable":true,"href":"https:\/\/www.czechcyclingfederation.com\/en\/wp-json\/wp\/v2\/users\/8"}],"replies":[{"embeddable":true,"href":"https:\/\/www.czechcyclingfederation.com\/en\/wp-json\/wp\/v2\/comments?post=4036"}],"version-history":[{"count":1,"href":"https:\/\/www.czechcyclingfederation.com\/en\/wp-json\/wp\/v2\/posts\/4036\/revisions"}],"predecessor-version":[{"id":4037,"href":"https:\/\/www.czechcyclingfederation.com\/en\/wp-json\/wp\/v2\/posts\/4036\/revisions\/4037"}],"wp:featuredmedia":[{"embeddable":true,"href":"https:\/\/www.czechcyclingfederation.com\/en\/wp-json\/wp\/v2\/media\/3023"}],"wp:attachment":[{"href":"https:\/\/www.czechcyclingfederation.com\/en\/wp-json\/wp\/v2\/media?parent=4036"}],"wp:term":[{"taxonomy":"category","embeddable":true,"href":"https:\/\/www.czechcyclingfederation.com\/en\/wp-json\/wp\/v2\/categories?post=4036"},{"taxonomy":"post_tag","embeddable":true,"href":"https:\/\/www.czechcyclingfederation.com\/en\/wp-json\/wp\/v2\/tags?post=4036"}],"curies":[{"name":"wp","href":"https:\/\/api.w.org\/{rel}","templated":true}]}}