{"id":40278,"date":"2026-03-19T17:54:19","date_gmt":"2026-03-19T16:54:19","guid":{"rendered":"https:\/\/www.czechcyclingfederation.com\/?p=40278"},"modified":"2026-03-19T17:54:22","modified_gmt":"2026-03-19T16:54:22","slug":"cukrovka-neni-stopka-jak-se-v-profesionalnim-pelotonu-zavodi-s-diabetem","status":"publish","type":"post","link":"https:\/\/www.czechcyclingfederation.com\/en\/cukrovka-neni-stopka-jak-se-v-profesionalnim-pelotonu-zavodi-s-diabetem\/","title":{"rendered":"Cukrovka nen\u00ed stopka. Jak se v profesion\u00e1ln\u00edm pelotonu z\u00e1vod\u00ed s diabetem"},"content":{"rendered":"\n<p>Cyklistika je sport pln\u00fd od\u0159\u00edk\u00e1n\u00ed a p\u0159ekon\u00e1v\u00e1n\u00ed vlastn\u00edch limit\u016f. N\u011bkdy ale ten nejt\u011b\u017e\u0161\u00ed souboj neprob\u00edh\u00e1 v prudk\u00fdch stoup\u00e1n\u00edch na slavn\u00e9 kopce, n\u00fdbr\u017e p\u0159\u00edmo uvnit\u0159 vlastn\u00edho t\u011bla. Jednou z takov\u00fdch neviditeln\u00fdch p\u0159ek\u00e1\u017eek je diabetes 1. typu.<\/p>\n\n\n\n<p>Zat\u00edmco zdrav\u00e9mu z\u00e1vodn\u00edkovi t\u011blo reguluje hladinu krevn\u00edho cukru automaticky, diabetik mus\u00ed p\u0159i extr\u00e9mn\u00ed z\u00e1t\u011b\u017ei fungovat jako lidsk\u00e1 kalkula\u010dka. Skoro ka\u017ed\u00fd tr\u00e9nink, z\u00e1vod i ka\u017ed\u00e9 sousto znamen\u00e1 pe\u010dliv\u00e9 m\u011b\u0159en\u00ed, dopl\u0148ov\u00e1n\u00ed sacharid\u016f nebo naopak aplikaci inzulinu.<\/p>\n\n\n\n<p>Je\u0161t\u011b p\u0159ed n\u011bjakou dobou by podobn\u00e1 autoimunitn\u00ed diagn\u00f3za mo\u017en\u00e1 znamenala konec ve vrcholov\u00e9m sportu. Dnes u\u017e to d\u00edky modern\u00edm technologi\u00edm neplat\u00ed.<\/p>\n\n\n\n<p>\u017div\u00fdm d\u016fkazem, \u017ee cukrovka nen\u00ed pro profesion\u00e1ln\u00ed peloton stopkou, je americk\u00e1 st\u00e1j Novo Nordisk. Tento unik\u00e1tn\u00ed glob\u00e1ln\u00ed projekt sdru\u017euje v\u00fdhradn\u011b z\u00e1vodn\u00edky s diabetem, poskytuje jim \u0161pi\u010dkov\u00e9 l\u00e9ka\u0159sk\u00e9 i sportovn\u00ed z\u00e1zem\u00ed a na sv\u011btov\u00fdch z\u00e1vodech dokazuje, \u017ee i s touto nemoc\u00ed lze plnohodnotn\u011b konkurovat ostatn\u00edm. Z \u010cech\u016f tam je\u0161t\u011b do lo\u0148sk\u00e9 sezony p\u016fsobil Maty\u00e1\u0161 Kopeck\u00fd, kter\u00fd se odtud dok\u00e1zal odrazit k podpisu v t\u00fdmu Unibet.<\/p>\n\n\n\n<p class=\"has-medium-font-size\"><strong>\u017ditn\u00fd se z\u00e1vodit s&nbsp;diabetem nau\u010dil<\/strong><\/p>\n\n\n\n<p>Maty\u00e1\u0161 ov\u0161em ur\u010dit\u011b nen\u00ed jedin\u00fd \u010desk\u00fd cyklista, kter\u00fd s diabetem z\u00e1vod\u00ed. V jeho stop\u00e1ch m\u016f\u017ee j\u00edt dal\u0161\u00ed \u010desk\u00e1 nad\u011bje, sedmn\u00e1ctilet\u00fd <strong>Adam \u017ditn\u00fd<\/strong>, kter\u00fd pat\u0159\u00ed k dom\u00e1c\u00ed juniorsk\u00e9 \u0161pi\u010dce zejm\u00e9na v cyklokrosu.<\/p>\n\n\n\n<figure class=\"wp-block-image size-large\"><img loading=\"lazy\" decoding=\"async\" width=\"1024\" height=\"663\" src=\"https:\/\/www.czechcyclingfederation.com\/wp-content\/uploads\/2026\/03\/zitny-1-1024x663.jpeg\" alt=\"\" class=\"wp-image-40284\" srcset=\"https:\/\/www.czechcyclingfederation.com\/wp-content\/uploads\/2026\/03\/zitny-1-1024x663.jpeg 1024w, https:\/\/www.czechcyclingfederation.com\/wp-content\/uploads\/2026\/03\/zitny-1-300x194.jpeg 300w, https:\/\/www.czechcyclingfederation.com\/wp-content\/uploads\/2026\/03\/zitny-1-768x497.jpeg 768w, https:\/\/www.czechcyclingfederation.com\/wp-content\/uploads\/2026\/03\/zitny-1-1536x994.jpeg 1536w, https:\/\/www.czechcyclingfederation.com\/wp-content\/uploads\/2026\/03\/zitny-1-2048x1326.jpeg 2048w, https:\/\/www.czechcyclingfederation.com\/wp-content\/uploads\/2026\/03\/zitny-1-1320x854.jpeg 1320w\" sizes=\"auto, (max-width: 1024px) 100vw, 1024px\" \/><\/figure>\n\n\n\n<p>Na prvn\u00ed pohled se od sv\u00fdch soupe\u0159\u016f v bal\u00edku nijak neli\u0161\u00ed, ale za sv\u016fj sen o profesion\u00e1ln\u00ed kari\u00e9\u0159e mus\u00ed bojovat o pozn\u00e1n\u00ed tvrd\u011bji. Na ka\u017ed\u00fd start si veze \u201en\u00e1klad\u201c, kter\u00fd ostatn\u00ed nevid\u00ed: neust\u00e1l\u00fd souboj s hladinou cukru v krvi. Adam m\u00e1 cukrovku 1. typu, ale m\u00edsto v\u00fdmluv si vybral cestu elitn\u00edho sportovce.<\/p>\n\n\n\n<p>Diagn\u00f3zu se dozv\u011bd\u011bl ve t\u0159in\u00e1cti letech. Pro kluka, kter\u00fd od osmi let z\u00e1vodil na kole, to byl \u0161ok, ale ne kone\u010dn\u00e1. Zvl\u00e1\u0161\u0165, kdy\u017e jde o autoimunitn\u00ed onemocn\u011bn\u00ed. <em>\u201eZe za\u010d\u00e1tku to bylo n\u00e1ro\u010dn\u00e9, trvalo dlouho, ne\u017e jsem se s t\u00edm nau\u010dil pracovat. Nem\u00e1te \u017e\u00e1dn\u00e9 p\u0159est\u00e1vky, mus\u00edte to \u0159e\u0161it dennodenn\u011b,\u201c<\/em> popisuje \u017ditn\u00fd.<\/p>\n\n\n\n<p>Dnes u\u017e m\u00e1 v podko\u017e\u00ed chytr\u00fd senzor, kter\u00fd mu v re\u00e1ln\u00e9m \u010dase ukazuje hladinu gluk\u00f3zy, ale i tak mus\u00ed b\u00fdt neust\u00e1le ve st\u0159ehu. <em>\u201eInzulinov\u00e9 pero si na tr\u00e9nink rad\u0161i voz\u00edm. Sta\u010d\u00ed \u0161patn\u011b odhadnout j\u00eddlo p\u0159ed j\u00edzdou, cukr vylet\u00ed a j\u00e1 ho mus\u00edm v pr\u016fb\u011bhu tr\u00e9ninku sn\u00ed\u017eit,\u201c <\/em>vysv\u011btluje. Proto\u017ee je inzulin na seznamu zak\u00e1zan\u00fdch l\u00e1tek, mus\u00ed m\u00edt Adam jako vrcholov\u00fd sportovec ofici\u00e1ln\u00ed antidopingovou v\u00fdjimku.<\/p>\n\n\n\n<p class=\"has-medium-font-size\"><strong>Pr\u00e1ce s&nbsp;vlastn\u00edm t\u011blem<\/strong><\/p>\n\n\n\n<p>Zat\u00edmco pro zdrav\u00e9 cyklisty jsou energetick\u00e9 gely jen palivem, pro Adama mohou b\u00fdt ot\u00e1zkou bezpe\u010dnosti. <em>\u201eKdy\u017e mi cukr klesne moc, hroz\u00ed hypoglyk\u00e9mie a stav bezv\u011bdom\u00ed. To se mi na\u0161t\u011bst\u00ed je\u0161t\u011b nestalo. V\u017edycky mus\u00edm m\u00edt po ruce gel nebo kostku cukru,\u201c <\/em>\u0159\u00edk\u00e1.<\/p>\n\n\n\n<figure class=\"wp-block-image size-large\"><img loading=\"lazy\" decoding=\"async\" width=\"1024\" height=\"683\" src=\"https:\/\/www.czechcyclingfederation.com\/wp-content\/uploads\/2026\/03\/zitny-2-1024x683.jpeg\" alt=\"\" class=\"wp-image-40286\" srcset=\"https:\/\/www.czechcyclingfederation.com\/wp-content\/uploads\/2026\/03\/zitny-2-1024x683.jpeg 1024w, https:\/\/www.czechcyclingfederation.com\/wp-content\/uploads\/2026\/03\/zitny-2-300x200.jpeg 300w, https:\/\/www.czechcyclingfederation.com\/wp-content\/uploads\/2026\/03\/zitny-2-768x512.jpeg 768w, https:\/\/www.czechcyclingfederation.com\/wp-content\/uploads\/2026\/03\/zitny-2-1536x1024.jpeg 1536w, https:\/\/www.czechcyclingfederation.com\/wp-content\/uploads\/2026\/03\/zitny-2-1320x880.jpeg 1320w, https:\/\/www.czechcyclingfederation.com\/wp-content\/uploads\/2026\/03\/zitny-2.jpeg 2048w\" sizes=\"auto, (max-width: 1024px) 100vw, 1024px\" \/><\/figure>\n\n\n\n<p>Rozd\u00edl oproti soupe\u0159\u016fm je v preciznosti. Zdrav\u00fd jezdec m\u016f\u017ee u\u017e\u00edvat gely t\u00e9m\u011b\u0159 neomezen\u011b, Adam mus\u00ed m\u00edt v\u0161e p\u0159esn\u011b spo\u010d\u00edtan\u00e9. <em>\u201eJe to pr\u00e1ce s vlastn\u00edm t\u011blem. Ka\u017ed\u00fd den je jin\u00fd, p\u016fsob\u00ed na v\u00e1s po\u010das\u00ed i stres ze z\u00e1vod\u016f. \u010clov\u011bk to mus\u00ed m\u00edt v hlav\u011b a d\u00e1vat pozor,\u201c<\/em> dopl\u0148uje 17let\u00fd z\u00e1vodn\u00edk.<\/p>\n\n\n\n<p class=\"has-medium-font-size\"><strong>Vysn\u011bn\u00e1 cesta do sv\u011btov\u00e9 elity<\/strong><\/p>\n\n\n\n<p>Adamov\u00fdm velk\u00fdm snem je prosadit se v profesion\u00e1ln\u00ed cyklistice. A stejn\u011b jako v&nbsp;minulosti Maty\u00e1\u0161 Kopeck\u00fd by i on r\u00e1d jednou z\u00e1vodil za Novo Nordisk. Kdy\u017e v\u0161e klapne, mohl by tam absolvovat v\u00fdkonnostn\u00ed testy. \u201e<em>A d\u00e1l se uvid\u00ed. Bylo by fajn, kdybych se dostal do jejich development t\u00fdmu,\u201c<\/em> zasn\u00ed se mlad\u00fd cyklista, kter\u00fd u\u017e p\u0159\u00ed\u0161t\u00ed rok bude z\u00e1vodit v&nbsp;kategorii U23.<\/p>\n\n\n\n<p>&nbsp;<em>\u201eV\u0161echno by tam bylo jednodu\u0161\u0161\u00ed. Maj\u00ed \u0161pi\u010dkov\u00e9 z\u00e1zem\u00ed, doktory a odborn\u00edky, kte\u0159\u00ed se specializuj\u00ed p\u0159esn\u011b na na\u0161i nemoc,\u201c<\/em> \u0159\u00edk\u00e1 \u017ditn\u00fd.<\/p>\n\n\n\n<figure class=\"wp-block-image size-large\"><img loading=\"lazy\" decoding=\"async\" width=\"1024\" height=\"683\" src=\"https:\/\/www.czechcyclingfederation.com\/wp-content\/uploads\/2026\/03\/zitny-3-1024x683.jpeg\" alt=\"\" class=\"wp-image-40288\" srcset=\"https:\/\/www.czechcyclingfederation.com\/wp-content\/uploads\/2026\/03\/zitny-3-1024x683.jpeg 1024w, https:\/\/www.czechcyclingfederation.com\/wp-content\/uploads\/2026\/03\/zitny-3-300x200.jpeg 300w, https:\/\/www.czechcyclingfederation.com\/wp-content\/uploads\/2026\/03\/zitny-3-768x512.jpeg 768w, https:\/\/www.czechcyclingfederation.com\/wp-content\/uploads\/2026\/03\/zitny-3-1536x1024.jpeg 1536w, https:\/\/www.czechcyclingfederation.com\/wp-content\/uploads\/2026\/03\/zitny-3-2048x1365.jpeg 2048w, https:\/\/www.czechcyclingfederation.com\/wp-content\/uploads\/2026\/03\/zitny-3-1320x880.jpeg 1320w\" sizes=\"auto, (max-width: 1024px) 100vw, 1024px\" \/><\/figure>\n\n\n\n<p>Aktu\u00e1ln\u011b Adam z\u00e1vod\u00ed v barv\u00e1ch t\u00fdmu sv\u00e9ho otce Jaroslava, Cyklostar Pirelli. P\u0159esto\u017ee dosud kombinoval p\u0159edev\u0161\u00edm cyklokros a horsk\u00e1 kola (v uplynul\u00e9 cyklokrosov\u00e9 sezon\u011b se dok\u00e1zal mezi juniory doma pohybovat v top 5 a byl v \u0161ir\u0161\u00ed nominaci reprezentace), svou budoucnost vid\u00ed hlavn\u011b na silnici.<\/p>\n\n\n\n<p><em>\u201eM\u016fj nejv\u011bt\u0161\u00ed sen je \u017eivit se cyklistikou. Pracuju pro to od d\u011btstv\u00ed skoro ka\u017ed\u00fd den,\u201c<\/em> \u0159\u00edk\u00e1 skromn\u011b kluk z&nbsp;Lu\u010dan nad Nisou, kter\u00fd z\u00e1rove\u0148 studuje stavebn\u00ed pr\u016fmyslovku. A jestli m\u016f\u017ee cyklista s diabetem vyhr\u00e1t velk\u00fd z\u00e1vod v podob\u011b slavn\u00e9 klasiky nebo t\u0159eba Tour de France? <em>\u201eUr\u010dit\u011b je to mo\u017en\u00e9. Nikde nen\u00ed napsan\u00e9, \u017ee se to ned\u00e1\u2026\u201c<\/em><\/p>\n\n\n\n<p>Foto: David John a archiv<\/p>\n","protected":false},"excerpt":{"rendered":"<p>Cyklistika je sport pln\u00fd od\u0159\u00edk\u00e1n\u00ed a p\u0159ekon\u00e1v\u00e1n\u00ed vlastn\u00edch limit\u016f. N\u011bkdy ale ten nejt\u011b\u017e\u0161\u00ed souboj neprob\u00edh\u00e1 v prudk\u00fdch stoup\u00e1n\u00edch na slavn\u00e9 kopce, n\u00fdbr\u017e p\u0159\u00edmo uvnit\u0159 vlastn\u00edho t\u011bla. Jednou z takov\u00fdch neviditeln\u00fdch p\u0159ek\u00e1\u017eek je diabetes 1. typu. Zat\u00edmco zdrav\u00e9mu z\u00e1vodn\u00edkovi t\u011blo reguluje hladinu krevn\u00edho cukru automaticky, diabetik mus\u00ed p\u0159i extr\u00e9mn\u00ed z\u00e1t\u011b\u017ei fungovat jako lidsk\u00e1 kalkula\u010dka. Skoro ka\u017ed\u00fd [&hellip;]<\/p>\n","protected":false},"author":15,"featured_media":40281,"comment_status":"closed","ping_status":"open","sticky":false,"template":"","format":"standard","meta":{"footnotes":""},"categories":[2,18],"tags":[11],"class_list":["post-40278","post","type-post","status-publish","format-standard","has-post-thumbnail","hentry","category-novinky","category-silnice","tag-silnice"],"_links":{"self":[{"href":"https:\/\/www.czechcyclingfederation.com\/en\/wp-json\/wp\/v2\/posts\/40278","targetHints":{"allow":["GET"]}}],"collection":[{"href":"https:\/\/www.czechcyclingfederation.com\/en\/wp-json\/wp\/v2\/posts"}],"about":[{"href":"https:\/\/www.czechcyclingfederation.com\/en\/wp-json\/wp\/v2\/types\/post"}],"author":[{"embeddable":true,"href":"https:\/\/www.czechcyclingfederation.com\/en\/wp-json\/wp\/v2\/users\/15"}],"replies":[{"embeddable":true,"href":"https:\/\/www.czechcyclingfederation.com\/en\/wp-json\/wp\/v2\/comments?post=40278"}],"version-history":[{"count":2,"href":"https:\/\/www.czechcyclingfederation.com\/en\/wp-json\/wp\/v2\/posts\/40278\/revisions"}],"predecessor-version":[{"id":40290,"href":"https:\/\/www.czechcyclingfederation.com\/en\/wp-json\/wp\/v2\/posts\/40278\/revisions\/40290"}],"wp:featuredmedia":[{"embeddable":true,"href":"https:\/\/www.czechcyclingfederation.com\/en\/wp-json\/wp\/v2\/media\/40281"}],"wp:attachment":[{"href":"https:\/\/www.czechcyclingfederation.com\/en\/wp-json\/wp\/v2\/media?parent=40278"}],"wp:term":[{"taxonomy":"category","embeddable":true,"href":"https:\/\/www.czechcyclingfederation.com\/en\/wp-json\/wp\/v2\/categories?post=40278"},{"taxonomy":"post_tag","embeddable":true,"href":"https:\/\/www.czechcyclingfederation.com\/en\/wp-json\/wp\/v2\/tags?post=40278"}],"curies":[{"name":"wp","href":"https:\/\/api.w.org\/{rel}","templated":true}]}}